{"id":79278,"date":"2025-08-20T07:44:02","date_gmt":"2025-08-20T12:44:02","guid":{"rendered":"https:\/\/esreviral.com\/?p=79278"},"modified":"2025-08-20T14:36:46","modified_gmt":"2025-08-20T19:36:46","slug":"combustible-low-cost-ypf-refuerza-la-estrategia-nocturna-con-rebajas-historicas","status":"publish","type":"post","link":"https:\/\/esreviral.com\/?p=79278","title":{"rendered":"Combustible low cost: YPF refuerza la estrategia nocturna con rebajas hist\u00f3ricas"},"content":{"rendered":"\n<p>YPF volvi\u00f3 a aplicar rebajas en los combustibles durante la madrugada con el objetivo de <strong>trasladar la demanda a los horarios de menor consumo<\/strong> y mejorar la rentabilidad en esa franja horaria.<\/p>\n\n\n\n<p>Desde las <strong>0 horas del mi\u00e9rcoles 20 de agosto<\/strong>, quienes paguen con la <strong>app YPF<\/strong> \u2014con la que la petrolera compite directamente con Mercado Pago\u2014 acceden a un <strong>descuento del 6%<\/strong>, el doble de lo que reg\u00eda hasta ahora (3%). En el caso de las estaciones con autodespacho, la bonificaci\u00f3n asciende al <strong>9%<\/strong>.<\/p>\n\n\n\n<p class=\"has-text-align-center\"><em><strong><em><strong><em><strong><em><strong><a href=\"https:\/\/t.me\/esreviral\">\u00daNETE A NUESTRO CANAL DE TELEGRAM PARA ESTAR INFORMADO<\/a><\/strong><\/em><\/strong><\/em><\/strong><\/em><\/strong><\/em><\/p>\n\n\n\n<h3 class=\"wp-block-heading\"><strong><mark style=\"background-color:rgba(0, 0, 0, 0)\" class=\"has-inline-color has-vivid-red-color\">Lo que dijo el presidente de YPF<\/mark><\/strong><\/h3>\n\n\n\n<p>\u201cEn lo que respecta a la carga nocturna, tomamos la decisi\u00f3n de bajar un 3% en todas las estaciones del pa\u00eds, pero ahora te voy a anunciar m\u00e1s\u201d, dijo el presidente de YPF, <strong>Horacio Mar\u00edn<\/strong>, en di\u00e1logo con Alejandro Fantino en Neura.<\/p>\n\n\n\n<p>El directivo explic\u00f3 que la baja inicial del 3% se aplic\u00f3 porque la petrolera <strong>\u201cperd\u00eda plata de noche\u201d<\/strong> y que, gracias a esa medida, en menos de un mes se logr\u00f3 reducir las p\u00e9rdidas en un <strong>40%<\/strong>.<\/p>\n\n\n\n<p>\u201cAhora, con la aplicaci\u00f3n, la rebaja va a ser del 6% en todo el pa\u00eds para que la p\u00e9rdida sea cero. Es para cargas de particulares (no empresas) realizadas hasta las 6 de la ma\u00f1ana. El tope es de <strong>150 litros por aplicaci\u00f3n al mes<\/strong>\u201d, agreg\u00f3.<\/p>\n\n\n\n<p>Adem\u00e1s, detall\u00f3 que en las <strong>estaciones con autodespacho<\/strong> se suma un <strong>3% adicional<\/strong>, alcanzando un ahorro total del <strong>9%<\/strong>.<\/p>\n\n\n\n<h3 class=\"wp-block-heading\"><strong><mark style=\"background-color:rgba(0, 0, 0, 0)\" class=\"has-inline-color has-vivid-red-color\">Estaciones de autodespacho habilitadas<\/mark><\/strong><\/h3>\n\n\n\n<p>Actualmente, existen <strong>siete estaciones<\/strong> de este tipo:<\/p>\n\n\n\n<ul class=\"wp-block-list\">\n<li>Opessa Alcorta (CABA)<\/li>\n\n\n\n<li>Dorrego (CABA)<\/li>\n\n\n\n<li>Pringles (Buenos Aires)<\/li>\n\n\n\n<li>R. Ovidio Lagos (Santa Fe)<\/li>\n\n\n\n<li>Chacras (Mendoza)<\/li>\n\n\n\n<li>CABA Constituyentes<\/li>\n\n\n\n<li>ACA San Juan<\/li>\n<\/ul>\n\n\n\n<h3 class=\"wp-block-heading\"><strong><mark style=\"background-color:rgba(0, 0, 0, 0)\" class=\"has-inline-color has-vivid-red-color\">Estrategia y condiciones de la promo<\/mark><\/strong><\/h3>\n\n\n\n<p>La medida forma parte de la estrategia comercial de YPF para <strong>fidelizar clientes, impulsar el consumo nocturno y digitalizar la experiencia de carga<\/strong>. Con m\u00e1s de <strong>1.600 estaciones<\/strong> y una cuota de mercado superior al <strong>55%<\/strong>, la compa\u00f1\u00eda busca potenciar su negocio en los horarios de menor venta.<\/p>\n\n\n\n<p>La promoci\u00f3n, llamada <strong>\u201cCarga inteligente\u201d<\/strong>, estar\u00e1 vigente entre el <strong>20 y el 31 de agosto<\/strong> y es <strong>acumulable con otras promociones<\/strong>.<\/p>\n\n\n\n<h4 class=\"wp-block-heading\"><strong><mark style=\"background-color:rgba(0, 0, 0, 0)\" class=\"has-inline-color has-vivid-red-color\">Resumen de c\u00f3mo funciona el beneficio:<\/mark><\/strong><\/h4>\n\n\n\n<ul class=\"wp-block-list\">\n<li><strong>Descuento del 6%<\/strong> en nafta y gasoil cargando de noche (0 a 6 h) con la app YPF.<\/li>\n\n\n\n<li><strong>Tope de 150 litros por usuario al mes<\/strong> (equivalente a m\u00e1s de tres tanques de un auto chico).<\/li>\n\n\n\n<li>En las <strong>siete estaciones con autodespacho<\/strong>, el descuento total asciende al <strong>9%<\/strong>.<\/li>\n\n\n\n<li>V\u00e1lido \u00fanicamente en estaciones que acepten pago v\u00eda app YPF, identificadas en el mapa de la aplicaci\u00f3n con c\u00f3digo QR.<\/li>\n<\/ul>\n\n\n\n<p><\/p>\n\n\n\n<p class=\"has-text-align-center\"><strong><a href=\"https:\/\/chat.whatsapp.com\/KWkTmakY3I05kNdd2oZl6d\"><em>\u00daNETE A NUESTRO GRUPO DE WHATSAPP PARA ESTAR INFORMADO<\/em><\/a><\/strong><\/p>\n\n\n\n<p class=\"has-text-align-right\"><strong><em>Con Informaci\u00f3n de Clarin.-<\/em><\/strong><\/p>\n","protected":false},"excerpt":{"rendered":"<p>As\u00ed lo anunci\u00f3 anoche el presidente de YPF, Horacio Mar\u00edn.<br \/>\nDescontar\u00e1n hasta 150 litros por aplicaci\u00f3n, por mes.<br \/>\nEl beneficio es solo para la gente, no para empresas.<\/p>\n","protected":false},"author":3,"featured_media":79279,"comment_status":"closed","ping_status":"closed","sticky":false,"template":"","format":"standard","meta":{"jnews-multi-image_gallery":[],"jnews_single_post":{"format":"standard"},"jnews_primary_category":[],"jnews_social_meta":[],"jnews_review":[],"enable_review":"","type":"","name":"","summary":"","brand":"","sku":"","good":[],"bad":[],"score_override":"","override_value":"","rating":[],"price":[],"jnews_override_counter":[],"jnews_post_split":[],"footnotes":""},"categories":[58,61],"tags":[44,2401,34827,45,338],"class_list":["post-79278","post","type-post","status-publish","format-standard","has-post-thumbnail","hentry","category-argentina","category-economia","tag-argentina","tag-combustibles","tag-horacio-marin","tag-noticias","tag-ypf"],"amp_enabled":true,"_links":{"self":[{"href":"https:\/\/esreviral.com\/index.php?rest_route=\/wp\/v2\/posts\/79278"}],"collection":[{"href":"https:\/\/esreviral.com\/index.php?rest_route=\/wp\/v2\/posts"}],"about":[{"href":"https:\/\/esreviral.com\/index.php?rest_route=\/wp\/v2\/types\/post"}],"author":[{"embeddable":true,"href":"https:\/\/esreviral.com\/index.php?rest_route=\/wp\/v2\/users\/3"}],"replies":[{"embeddable":true,"href":"https:\/\/esreviral.com\/index.php?rest_route=%2Fwp%2Fv2%2Fcomments&post=79278"}],"version-history":[{"count":2,"href":"https:\/\/esreviral.com\/index.php?rest_route=\/wp\/v2\/posts\/79278\/revisions"}],"predecessor-version":[{"id":79348,"href":"https:\/\/esreviral.com\/index.php?rest_route=\/wp\/v2\/posts\/79278\/revisions\/79348"}],"wp:featuredmedia":[{"embeddable":true,"href":"https:\/\/esreviral.com\/index.php?rest_route=\/wp\/v2\/media\/79279"}],"wp:attachment":[{"href":"https:\/\/esreviral.com\/index.php?rest_route=%2Fwp%2Fv2%2Fmedia&parent=79278"}],"wp:term":[{"taxonomy":"category","embeddable":true,"href":"https:\/\/esreviral.com\/index.php?rest_route=%2Fwp%2Fv2%2Fcategories&post=79278"},{"taxonomy":"post_tag","embeddable":true,"href":"https:\/\/esreviral.com\/index.php?rest_route=%2Fwp%2Fv2%2Ftags&post=79278"}],"curies":[{"name":"wp","href":"https:\/\/api.w.org\/{rel}","templated":true}]}}