{"id":79276,"date":"2025-08-20T07:31:14","date_gmt":"2025-08-20T12:31:14","guid":{"rendered":"https:\/\/esreviral.com\/?p=79276"},"modified":"2025-08-20T07:31:16","modified_gmt":"2025-08-20T12:31:16","slug":"alerta-meteorologica-por-viento-fuerte-buenos-aires-y-otras-cuatro-provincias-afectadas","status":"publish","type":"post","link":"https:\/\/esreviral.com\/?p=79276","title":{"rendered":"Alerta meteorol\u00f3gica por viento fuerte: Buenos Aires y otras cuatro provincias afectadas"},"content":{"rendered":"\n<p>El Servicio Meteorol\u00f3gico Nacional (SMN) emiti\u00f3 una <strong>alerta amarilla por fuertes vientos<\/strong> para Buenos Aires y otras cuatro provincias de Argentina este mi\u00e9rcoles 20 de agosto.<\/p>\n\n\n\n<p>Este nivel advierte sobre <strong><em>\u201cposibles fen\u00f3menos meteorol\u00f3gicos con capacidad de da\u00f1o y riesgo de interrupci\u00f3n moment\u00e1nea de actividades cotidianas\u201d.<\/em><\/strong><\/p>\n\n\n\n<p class=\"has-text-align-center\"><em><strong><em><strong><em><strong><em><strong><a href=\"https:\/\/t.me\/esreviral\">\u00daNETE A NUESTRO CANAL DE TELEGRAM PARA ESTAR INFORMADO<\/a><\/strong><\/em><\/strong><\/em><\/strong><\/em><\/strong><\/em><\/p>\n\n\n\n<h3 class=\"wp-block-heading\"><strong><mark style=\"background-color:rgba(0, 0, 0, 0)\" class=\"has-inline-color has-vivid-red-color\">Zonas afectadas por la alerta amarilla<\/mark><\/strong><\/h3>\n\n\n\n<ul class=\"wp-block-list\">\n<li><strong>Provincia de Buenos Aires<\/strong> (excepto el suroeste): vientos del sector suroeste con velocidades entre 30 y 50 km\/h, y r\u00e1fagas que podr\u00edan alcanzar los 80 km\/h durante la ma\u00f1ana.<\/li>\n\n\n\n<li><strong>Sur de C\u00f3rdoba, sur de Santa Fe, sureste de Entre R\u00edos y norte de La Pampa<\/strong>: se esperan condiciones similares, con r\u00e1fagas de hasta 80 km\/h durante la ma\u00f1ana y la tarde.<\/li>\n<\/ul>\n\n\n\n<h3 class=\"wp-block-heading\"><strong><mark style=\"background-color:rgba(0, 0, 0, 0)\" class=\"has-inline-color has-vivid-red-color\">Recomendaciones del SMN<\/mark><\/strong><\/h3>\n\n\n\n<ul class=\"wp-block-list\">\n<li>Evit\u00e1 actividades al aire libre.<\/li>\n\n\n\n<li>Asegur\u00e1 objetos que puedan volarse.<\/li>\n\n\n\n<li>Mantenete informado por las autoridades.<\/li>\n\n\n\n<li>Ten\u00e9 preparada una mochila de emergencias con linterna, radio, documentos y tel\u00e9fono.<\/li>\n<\/ul>\n\n\n\n<p><\/p>\n\n\n\n<figure class=\"wp-block-image size-large\"><img decoding=\"async\" src=\"https:\/\/tn.com.ar\/resizer\/v2\/como-estara-el-clima-este-miercoles-20-de-agosto-captura-smngobar-KTGFILVOSRF3PEJ6J3VD22GGYE.jpg?auth=6d0c21a08246a02d3c0807ae6b3fe07c0f505a81a0b955b7ef5475d770eba40d&amp;width=1440\" alt=\"\"\/><\/figure>\n\n\n\n<h3 class=\"wp-block-heading\"><strong><mark style=\"background-color:rgba(0, 0, 0, 0)\" class=\"has-inline-color has-vivid-red-color\">\u00bfHasta cu\u00e1ndo llover\u00e1 en el AMBA?<\/mark><\/strong><\/h3>\n\n\n\n<p>De acuerdo con el SMN, las lluvias persistir\u00e1n durante la ma\u00f1ana de este mi\u00e9rcoles, con probabilidades de entre 70% y 100%.<\/p>\n\n\n\n<p>Por la tarde, el clima ser\u00e1 ventoso, con una m\u00e1xima de 17\u00b0C y r\u00e1fagas que podr\u00edan alcanzar los 78 km\/h.<\/p>\n\n\n\n<p>Hacia la noche, el cielo estar\u00e1 despejado y sin precipitaciones. La temperatura bajar\u00e1 a los 14\u00b0C, con r\u00e1fagas de hasta 50 km\/h.<\/p>\n\n\n\n<p class=\"has-text-align-center\"><strong><a href=\"https:\/\/chat.whatsapp.com\/KWkTmakY3I05kNdd2oZl6d\"><em>\u00daNETE A NUESTRO GRUPO DE WHATSAPP PARA ESTAR INFORMADO<\/em><\/a><\/strong><\/p>\n","protected":false},"excerpt":{"rendered":"<p>Conoce las advertencias emitidas por el Servicio Meteorol\u00f3gico Nacional para hoy.<\/p>\n","protected":false},"author":3,"featured_media":66444,"comment_status":"closed","ping_status":"closed","sticky":false,"template":"","format":"standard","meta":{"jnews-multi-image_gallery":[],"jnews_single_post":{"format":"standard"},"jnews_primary_category":[],"jnews_social_meta":[],"jnews_review":[],"enable_review":"","type":"","name":"","summary":"","brand":"","sku":"","good":[],"bad":[],"score_override":"","override_value":"","rating":[],"price":[],"jnews_override_counter":[],"jnews_post_split":[],"footnotes":""},"categories":[58],"tags":[1228,44,1016,5463,45,5555,12990],"class_list":["post-79276","post","type-post","status-publish","format-standard","has-post-thumbnail","hentry","category-argentina","tag-alerta-amarilla","tag-argentina","tag-clima","tag-lluvia","tag-noticias","tag-servicio-meteorologico-nacional-2","tag-viento"],"amp_enabled":true,"_links":{"self":[{"href":"https:\/\/esreviral.com\/index.php?rest_route=\/wp\/v2\/posts\/79276"}],"collection":[{"href":"https:\/\/esreviral.com\/index.php?rest_route=\/wp\/v2\/posts"}],"about":[{"href":"https:\/\/esreviral.com\/index.php?rest_route=\/wp\/v2\/types\/post"}],"author":[{"embeddable":true,"href":"https:\/\/esreviral.com\/index.php?rest_route=\/wp\/v2\/users\/3"}],"replies":[{"embeddable":true,"href":"https:\/\/esreviral.com\/index.php?rest_route=%2Fwp%2Fv2%2Fcomments&post=79276"}],"version-history":[{"count":1,"href":"https:\/\/esreviral.com\/index.php?rest_route=\/wp\/v2\/posts\/79276\/revisions"}],"predecessor-version":[{"id":79277,"href":"https:\/\/esreviral.com\/index.php?rest_route=\/wp\/v2\/posts\/79276\/revisions\/79277"}],"wp:featuredmedia":[{"embeddable":true,"href":"https:\/\/esreviral.com\/index.php?rest_route=\/wp\/v2\/media\/66444"}],"wp:attachment":[{"href":"https:\/\/esreviral.com\/index.php?rest_route=%2Fwp%2Fv2%2Fmedia&parent=79276"}],"wp:term":[{"taxonomy":"category","embeddable":true,"href":"https:\/\/esreviral.com\/index.php?rest_route=%2Fwp%2Fv2%2Fcategories&post=79276"},{"taxonomy":"post_tag","embeddable":true,"href":"https:\/\/esreviral.com\/index.php?rest_route=%2Fwp%2Fv2%2Ftags&post=79276"}],"curies":[{"name":"wp","href":"https:\/\/api.w.org\/{rel}","templated":true}]}}