{"id":79264,"date":"2025-08-19T17:04:30","date_gmt":"2025-08-19T22:04:30","guid":{"rendered":"https:\/\/esreviral.com\/?p=79264"},"modified":"2025-08-19T17:29:06","modified_gmt":"2025-08-19T22:29:06","slug":"maria-eugenia-vidal-sorprendio-con-este-posteo-decidi-no-asumir-ningun-cargo-politico","status":"publish","type":"post","link":"https:\/\/esreviral.com\/?p=79264","title":{"rendered":"Mar\u00eda Eugenia Vidal sorprendi\u00f3 con este posteo: \u00abDecid\u00ed no asumir ning\u00fan cargo pol\u00edtico\u00bb"},"content":{"rendered":"\n<p>La exgoberadora de la provincia de Buenos Aires, exvice Jefa de Gobierno de la Ciudad de Buenos Aires, diputada nacional por el PRO, Mar\u00eda Eugenia Vidal, poste\u00f3 en Linkedin que buscaba trabajo en empresas privadas, luego de no querer ser candidata a diputada o senadora por su partido. <\/p>\n\n\n\n<p>Y es que, Vidal, se ha puesto en contra de la uni\u00f3n entre el PRO y La Libertad Avanza. <strong>\u00abEl 10 de diciembre me quedo sin trabajo. Esta vez decid\u00ed no asumir ning\u00fan cargo. Porque eleg\u00ed no ceder mis convicciones\u00bb<\/strong>, afirm\u00f3. <\/p>\n\n\n\n<p>\u00abYa me pas\u00f3 en 2019 cuando perd\u00ed la elecci\u00f3n en la provincia de Buenos Aires\u00bb, continu\u00f3 el posteo en el que explic\u00f3 que trabaj\u00f3 como asesora y profesora universitaria. Explic\u00f3 querer reinventarse y no tener miedo aunque est\u00e1 segura que a su edad, 51 a\u00f1os, no es f\u00e1cil. <\/p>\n\n\n\n<p>\u00abCuando uno hace pol\u00edtica, <strong>pareciera que toda esa experiencia se pone en pausa\u00bb.<\/strong><\/p>\n\n\n\n<figure class=\"wp-block-image size-large\"><img decoding=\"async\" src=\"https:\/\/pbs.twimg.com\/media\/GyraWe9XoAAFlrp?format=jpg&amp;name=large\" alt=\"\"\/><\/figure>\n\n\n\n<p><\/p>\n\n\n\n<figure class=\"wp-block-image size-large\"><img decoding=\"async\" src=\"https:\/\/pbs.twimg.com\/media\/GyraWe8XIAAvlYD?format=jpg&amp;name=large\" alt=\"\"\/><\/figure>\n","protected":false},"excerpt":{"rendered":"<p>La exgoberadora de la provincia de Buenos Aires, exvice Jefa de Gobierno de la Ciudad de Buenos Aires, diputada nacional por el PRO, Mar\u00eda Eugenia Vidal, poste\u00f3 en Linkedin que buscaba trabajo en empresas privadas, luego de no querer ser candidata a diputada o senadora por su partido. Y es que, Vidal, se ha puesto [&hellip;]<\/p>\n","protected":false},"author":2,"featured_media":79266,"comment_status":"closed","ping_status":"closed","sticky":false,"template":"","format":"standard","meta":{"jnews-multi-image_gallery":[],"jnews_single_post":{"format":"standard"},"jnews_primary_category":[],"jnews_social_meta":[],"jnews_review":[],"enable_review":"","type":"","name":"","summary":"","brand":"","sku":"","good":[],"bad":[],"score_override":"","override_value":"","rating":[],"price":[],"jnews_override_counter":[],"jnews_post_split":[],"footnotes":""},"categories":[59],"tags":[45,112],"class_list":["post-79264","post","type-post","status-publish","format-standard","has-post-thumbnail","hentry","category-politica","tag-noticias","tag-politica"],"amp_enabled":true,"_links":{"self":[{"href":"https:\/\/esreviral.com\/index.php?rest_route=\/wp\/v2\/posts\/79264"}],"collection":[{"href":"https:\/\/esreviral.com\/index.php?rest_route=\/wp\/v2\/posts"}],"about":[{"href":"https:\/\/esreviral.com\/index.php?rest_route=\/wp\/v2\/types\/post"}],"author":[{"embeddable":true,"href":"https:\/\/esreviral.com\/index.php?rest_route=\/wp\/v2\/users\/2"}],"replies":[{"embeddable":true,"href":"https:\/\/esreviral.com\/index.php?rest_route=%2Fwp%2Fv2%2Fcomments&post=79264"}],"version-history":[{"count":1,"href":"https:\/\/esreviral.com\/index.php?rest_route=\/wp\/v2\/posts\/79264\/revisions"}],"predecessor-version":[{"id":79267,"href":"https:\/\/esreviral.com\/index.php?rest_route=\/wp\/v2\/posts\/79264\/revisions\/79267"}],"wp:featuredmedia":[{"embeddable":true,"href":"https:\/\/esreviral.com\/index.php?rest_route=\/wp\/v2\/media\/79266"}],"wp:attachment":[{"href":"https:\/\/esreviral.com\/index.php?rest_route=%2Fwp%2Fv2%2Fmedia&parent=79264"}],"wp:term":[{"taxonomy":"category","embeddable":true,"href":"https:\/\/esreviral.com\/index.php?rest_route=%2Fwp%2Fv2%2Fcategories&post=79264"},{"taxonomy":"post_tag","embeddable":true,"href":"https:\/\/esreviral.com\/index.php?rest_route=%2Fwp%2Fv2%2Ftags&post=79264"}],"curies":[{"name":"wp","href":"https:\/\/api.w.org\/{rel}","templated":true}]}}