{"id":79136,"date":"2025-08-18T07:29:02","date_gmt":"2025-08-18T12:29:02","guid":{"rendered":"https:\/\/esreviral.com\/?p=79136"},"modified":"2025-08-18T15:18:16","modified_gmt":"2025-08-18T20:18:16","slug":"capturaron-en-colombia-a-venezolano-acusado-de-sicariato-que-estuvo-profugo-tras-un-error-judicial-en-chile","status":"publish","type":"post","link":"https:\/\/esreviral.com\/?p=79136","title":{"rendered":"Capturaron\u00a0en Colombia a venezolano acusado de sicariato que estuvo pr\u00f3fugo tras un error judicial en Chile"},"content":{"rendered":"\n<p>Tras m\u00e1s de un mes de intensa b\u00fasqueda internacional, las autoridades colombianas detuvieron en <strong>Barrancabermeja<\/strong> a <strong><a href=\"https:\/\/esreviral.com\/?p=78731\">Alberto Carlos Mej\u00eda Hern\u00e1ndez<\/a><\/strong>, un joven venezolano de 18 a\u00f1os de edad acusado de sicariato y se\u00f1alado como autor del homicidio del empresario chileno <strong>Jos\u00e9 Felipe Reyes Ossa<\/strong>, conocido como <em>\u201cEl Rey de Meiggs\u201d<\/em>.<\/p>\n\n\n\n<p>La captura, confirmada este fin de semana por la <strong>Polic\u00eda Nacional de Colombia<\/strong>, caus\u00f3 fuerte impacto en la regi\u00f3n, ya que el delincuente se hab\u00eda mantenido pr\u00f3fugo desde el <strong>10 de julio<\/strong>, cuando fue liberado por error en Santiago pese a que el <strong>8\u00b0 Juzgado de Garant\u00eda<\/strong> hab\u00eda ordenado su prisi\u00f3n preventiva.<\/p>\n\n\n\n<p class=\"has-text-align-center\"><strong><a href=\"https:\/\/chat.whatsapp.com\/KWkTmakY3I05kNdd2oZl6d\"><em>\u00daNETE A NUESTRO GRUPO DE WHATSAPP PARA ESTAR INFORMADO<\/em><\/a><\/strong><\/p>\n\n\n\n<figure class=\"wp-block-image size-large\"><img decoding=\"async\" src=\"https:\/\/www.infobae.com\/resizer\/v2\/D4BZY2D2HFA3XAIGCJRACH7KBU.jpg?auth=1ee55f02b7cbecb2e82543ba5032d459b6c03cf6dbf0f10b7990e21d5428a55d&amp;smart=true&amp;width=992&amp;height=544&amp;quality=85\" alt=\"\"\/><\/figure>\n\n\n\n<h3 class=\"wp-block-heading\"><strong><mark style=\"background-color:rgba(0, 0, 0, 0)\" class=\"has-inline-color has-vivid-red-color\">Una fuga que encendi\u00f3 alarmas en tres pa\u00edses<\/mark><\/strong><\/h3>\n\n\n\n<p>En un primer momento, se sospechaba que Mej\u00eda se hab\u00eda refugiado en la Patagonia. El Ministerio de Seguridad de la provincia argentina de Santa Cruz lleg\u00f3 a pedir colaboraci\u00f3n ciudadana para dar con su paradero, mientras que en <strong>Bariloche<\/strong> y <strong>Villa La Angostura<\/strong> se montaron operativos de control fronterizo. Sin embargo, el sicario ya hab\u00eda cruzado hacia Colombia tras cambiar su apariencia: se ti\u00f1\u00f3 el cabello de rubio.<\/p>\n\n\n\n<p>Lo que lo delat\u00f3 fue un <strong>tatuaje del rostro de Zeus<\/strong> en su mano derecha, que coincid\u00eda con los registros de la <strong>Polic\u00eda de Investigaciones (PDI) de Chile<\/strong>. Esa prueba permiti\u00f3 confirmar su identidad y detenerlo en la ciudad petrolera de Barrancabermeja.<\/p>\n\n\n\n<p>El operativo fue producto de un trabajo conjunto entre la <strong>Polic\u00eda Nacional de Colombia<\/strong>, la <strong>Oficina Central Nacional de Interpol<\/strong> y la <strong>PDI chilena<\/strong>, con apoyo del programa europeo de cooperaci\u00f3n judicial y policial <strong>El PAcCTO<\/strong>.<\/p>\n\n\n\n<p>El director de la Polic\u00eda colombiana, <strong>mayor general Carlos Fernando Triana<\/strong>, celebr\u00f3 el \u00e9xito del procedimiento y destac\u00f3:<\/p>\n\n\n\n<blockquote class=\"wp-block-quote is-layout-flow wp-block-quote-is-layout-flow\">\n<p>\u201c<strong><em>Seguiremos trabajando coordinados contra el crimen organizado y las estructuras criminales transnacionales como el Tren de Aragua\u201d<\/em><\/strong>.<\/p>\n<\/blockquote>\n\n\n\n<p><\/p>\n\n\n<div class=\"wp-block-image\">\n<figure class=\"aligncenter size-large\"><img decoding=\"async\" src=\"https:\/\/www.infobae.com\/resizer\/v2\/PS25SOK6LJFEHK2LP3UTORR52E.jpg?auth=afdd9b239fedcc26cd61426f57b7d4a0dfafd55e4a4747b378109596d14b72fe&amp;smart=true&amp;width=992&amp;height=548&amp;quality=85\" alt=\"\"\/><figcaption class=\"wp-element-caption\"><strong>A pesar de que se hab\u00eda te\u00f1ido de rubio para pasar desapercibido, Alberto Carlos Mej\u00eda Hern\u00e1ndez fue reconocido por el tatuaje de su mano.-<\/strong><\/figcaption><\/figure>\n<\/div>\n\n\n<h3 class=\"wp-block-heading\"><strong><mark style=\"background-color:rgba(0, 0, 0, 0)\" class=\"has-inline-color has-vivid-red-color\">Camino a la extradici\u00f3n<\/mark><\/strong><\/h3>\n\n\n\n<p>Tras su arresto, Mej\u00eda Hern\u00e1ndez qued\u00f3 a disposici\u00f3n de la <strong>Fiscal\u00eda General de la Naci\u00f3n<\/strong> en Colombia, que ya inici\u00f3 los tr\u00e1mites de <strong>extradici\u00f3n a Chile<\/strong>, donde deber\u00e1 enfrentar cargos por <strong>homicidio calificado<\/strong> y responder tambi\u00e9n por las irregularidades vinculadas a su excarcelaci\u00f3n.<\/p>\n\n\n\n<p>En Chile, el caso contin\u00faa generando pol\u00e9mica dentro del Poder Judicial. Se investigan eventuales vulneraciones en los sistemas inform\u00e1ticos y posibles responsabilidades internas en la liberaci\u00f3n del imputado.<\/p>\n\n\n\n<h3 class=\"wp-block-heading\"><strong><mark style=\"background-color:rgba(0, 0, 0, 0)\" class=\"has-inline-color has-vivid-red-color\">El caso Reyes Ossa<\/mark><\/strong><\/h3>\n\n\n\n<p>Mej\u00eda Hern\u00e1ndez hab\u00eda sido detenido el <strong>20 de junio<\/strong> en Santiago, acusado de ser el autor material del asesinato de Reyes Ossa, ocurrido en \u00d1u\u00f1oa un d\u00eda antes. Seg\u00fan la investigaci\u00f3n, el crimen estar\u00eda relacionado con la organizaci\u00f3n criminal transnacional <strong>Tren de Aragua<\/strong> y habr\u00eda sido encargado por un conocido de la v\u00edctima, en medio de un conflicto personal.<\/p>\n\n\n\n<p>Aunque el tribunal decret\u00f3 su prisi\u00f3n preventiva el 9 de julio, una resoluci\u00f3n electr\u00f3nica emitida al d\u00eda siguiente permiti\u00f3 su excarcelaci\u00f3n. A\u00fan se desconoce si se trat\u00f3 de un <strong>error administrativo<\/strong> o de una <strong>manipulaci\u00f3n deliberada<\/strong>.<\/p>\n\n\n\n<p>La fiscal\u00eda abri\u00f3 una causa paralela para determinar si hubo <strong>falsificaci\u00f3n de la resoluci\u00f3n judicial<\/strong> o complicidad interna. La jueza <strong>Irene Rodr\u00edguez<\/strong>, que inicialmente orden\u00f3 la prisi\u00f3n preventiva, qued\u00f3 en el centro de la pol\u00e9mica.<\/p>\n\n\n\n<p>Tras recuperar la libertad con una identidad falsa \u2014<strong>Osmar Alexander Ferrer Ram\u00edrez<\/strong>\u2014, Mej\u00eda desapareci\u00f3. <strong>Interpol emiti\u00f3 una alerta roja<\/strong>, y los gobiernos de Chile, Argentina y Colombia desplegaron operativos coordinados hasta dar finalmente con su paradero.<\/p>\n\n\n\n<p>Al ser trasladado a un penal en Colombia este domingo, el acusado lanz\u00f3 declaraciones desafiantes a la prensa:<\/p>\n\n\n\n<blockquote class=\"wp-block-quote is-layout-flow wp-block-quote-is-layout-flow\">\n<p><em>\u201cSeg\u00fan ustedes era empresario\u2026\u201d<\/em>, en referencia a la v\u00edctima, y a\u00f1adi\u00f3: <em>\u201cMe liberaron para matarme\u201d<\/em>.<\/p>\n<\/blockquote>\n\n\n\n<p class=\"has-text-align-center\"><strong><a href=\"https:\/\/chat.whatsapp.com\/KWkTmakY3I05kNdd2oZl6d\"><em>\u00daNETE A NUESTRO GRUPO DE WHATSAPP PARA ESTAR INFORMADO<\/em><\/a><\/strong><\/p>\n\n\n\n<p class=\"has-text-align-center\"><strong><em><mark style=\"background-color:rgba(0, 0, 0, 0)\" class=\"has-inline-color has-vivid-red-color\"><a href=\"https:\/\/esreviral.com\/?p=79197\" data-type=\"link\" data-id=\"https:\/\/esreviral.com\/?p=79197\">lea Tambi\u00e9n: Chile inici\u00f3 tr\u00e1mites de extradici\u00f3n de presunto sicario venezolano detenido en Colombia<\/a><\/mark><\/em><\/strong><\/p>\n\n\n\n<p class=\"has-text-align-right\"><strong><em>Con Informaci\u00f3n de infobae.com<\/em><\/strong>.-<\/p>\n","protected":false},"excerpt":{"rendered":"<p>Mej\u00eda Hern\u00e1ndez est\u00e1 acusado del homicidio de Jos\u00e9 Felipe Reyes Ossa, conocido como el \u00abRey de Meiggs\u00bb. El sicario hab\u00eda estado pr\u00f3fugo desde su liberaci\u00f3n por error el 10 de julio<\/p>\n","protected":false},"author":3,"featured_media":79137,"comment_status":"closed","ping_status":"closed","sticky":false,"template":"","format":"standard","meta":{"jnews-multi-image_gallery":[],"jnews_single_post":{"format":"standard"},"jnews_primary_category":[],"jnews_social_meta":[],"jnews_review":[],"enable_review":"","type":"","name":"","summary":"","brand":"","sku":"","good":[],"bad":[],"score_override":"","override_value":"","rating":[],"price":[],"jnews_override_counter":[],"jnews_post_split":[],"footnotes":""},"categories":[88,64],"tags":[34446,14483,386,283,45,3557,6658,2638],"class_list":["post-79136","post","type-post","status-publish","format-standard","has-post-thumbnail","hentry","category-internacionales","category-sucesos","tag-alberto-carlos-mejia-hernandez","tag-autoridades-colombianas","tag-chile","tag-colombia","tag-noticias","tag-santa-cruz","tag-sicario","tag-tren-de-aragua"],"_links":{"self":[{"href":"https:\/\/esreviral.com\/index.php?rest_route=\/wp\/v2\/posts\/79136","targetHints":{"allow":["GET"]}}],"collection":[{"href":"https:\/\/esreviral.com\/index.php?rest_route=\/wp\/v2\/posts"}],"about":[{"href":"https:\/\/esreviral.com\/index.php?rest_route=\/wp\/v2\/types\/post"}],"author":[{"embeddable":true,"href":"https:\/\/esreviral.com\/index.php?rest_route=\/wp\/v2\/users\/3"}],"replies":[{"embeddable":true,"href":"https:\/\/esreviral.com\/index.php?rest_route=%2Fwp%2Fv2%2Fcomments&post=79136"}],"version-history":[{"count":2,"href":"https:\/\/esreviral.com\/index.php?rest_route=\/wp\/v2\/posts\/79136\/revisions"}],"predecessor-version":[{"id":79201,"href":"https:\/\/esreviral.com\/index.php?rest_route=\/wp\/v2\/posts\/79136\/revisions\/79201"}],"wp:featuredmedia":[{"embeddable":true,"href":"https:\/\/esreviral.com\/index.php?rest_route=\/wp\/v2\/media\/79137"}],"wp:attachment":[{"href":"https:\/\/esreviral.com\/index.php?rest_route=%2Fwp%2Fv2%2Fmedia&parent=79136"}],"wp:term":[{"taxonomy":"category","embeddable":true,"href":"https:\/\/esreviral.com\/index.php?rest_route=%2Fwp%2Fv2%2Fcategories&post=79136"},{"taxonomy":"post_tag","embeddable":true,"href":"https:\/\/esreviral.com\/index.php?rest_route=%2Fwp%2Fv2%2Ftags&post=79136"}],"curies":[{"name":"wp","href":"https:\/\/api.w.org\/{rel}","templated":true}]}}