{"id":79133,"date":"2025-08-18T07:13:04","date_gmt":"2025-08-18T12:13:04","guid":{"rendered":"https:\/\/esreviral.com\/?p=79133"},"modified":"2025-08-18T07:40:16","modified_gmt":"2025-08-18T12:40:16","slug":"el-resultado-de-las-elecciones-en-bolivia-abre-paso-a-una-segunda-vuelta-inedita","status":"publish","type":"post","link":"https:\/\/esreviral.com\/?p=79133","title":{"rendered":"Bolivia va a un balotaje tras elecciones que ponen fin a dos d\u00e9cadas de gobiernos izquierdistas"},"content":{"rendered":"\n<p>Este domingo 17 de agosto se celebraron las <strong>elecciones presidenciales en Bolivia<\/strong>, cuyos resultados sorprendieron al consolidar al senador y exalcalde de Tarija, <strong>Rodrigo Paz<\/strong>, <strong>como ganador de la primera vuelta con el 32,1% de los votos,<\/strong> seg\u00fan el conteo preliminar del Tribunal Supremo Electoral (Sirepre). Sin embargo, el candidato centrista no alcanz\u00f3 los votos suficientes para consagrarse en primera instancia y deber\u00e1 disputar un <strong>balotaje<\/strong> frente al expresidente <strong>Jorge \u201cTuto\u201d Quiroga<\/strong>, quien obtuvo el <strong>26,8%<\/strong>.<\/p>\n\n\n\n<p class=\"has-text-align-center\"><strong><a href=\"https:\/\/chat.whatsapp.com\/KWkTmakY3I05kNdd2oZl6d\"><em>\u00daNETE A NUESTRO GRUPO DE WHATSAPP PARA ESTAR INFORMADO<\/em><\/a><\/strong><\/p>\n\n\n<div class=\"wp-block-image\">\n<figure class=\"aligncenter size-large\"><img decoding=\"async\" src=\"https:\/\/resizer.glanacion.com\/resizer\/v2\/el-candidato-rodrigo-paz-festeja-la-victoria-en-G63EQKILCJHPRPX4EB6CFMV6HQ.jpg?auth=145fa8fdfbb56c2305c3254f6a467636e9054c8dffdc5ee855cccd9d7a2ac32e&amp;width=780&amp;height=541&amp;quality=70&amp;smart=true\" alt=\"\"\/><figcaption class=\"wp-element-caption\">El candidato Rodrigo Paz festej\u00f3 la victoria en la primera vuelta de las elecciones presidenciales de Bolivia.-<\/figcaption><\/figure><\/div>\n\n\n<p><\/p>\n\n\n\n<p>En su discurso de victoria, ofrecido en El Prado de La Paz, Paz afirm\u00f3:<\/p>\n\n\n\n<blockquote class=\"wp-block-quote is-layout-flow wp-block-quote-is-layout-flow\">\n<p>\u201cLo que queremos es la reconstrucci\u00f3n de la Patria. Que la econom\u00eda sea de la gente y no del Estado\u201d.<\/p>\n<\/blockquote>\n\n\n\n<p>El candidato del <strong>Partido Dem\u00f3crata Cristiano (PDC)<\/strong> centr\u00f3 su campa\u00f1a en la cr\u00edtica al \u201cEstado tranca\u201d, un aparato burocr\u00e1tico que, seg\u00fan \u00e9l, frena la iniciativa privada. Tambi\u00e9n apel\u00f3 a un tono religioso al se\u00f1alar:<\/p>\n\n\n\n<blockquote class=\"wp-block-quote is-layout-flow wp-block-quote-is-layout-flow\">\n<p>\u201cEl pueblo unido no ser\u00e1 vencido si Dios est\u00e1 con ese pueblo. Hag\u00e1mosle caso a Dios que nos est\u00e1 pidiendo que cuidemos a Bolivia\u201d.<\/p>\n<\/blockquote>\n\n\n\n<h3 class=\"wp-block-heading\"><strong><mark style=\"background-color:rgba(0, 0, 0, 0)\" class=\"has-inline-color has-vivid-red-color\">\u00bfPor qu\u00e9 habr\u00e1 balotaje en Bolivia?<\/mark><\/strong><\/h3>\n\n\n\n<p>De acuerdo con la Constituci\u00f3n de 2009, un candidato solo puede consagrarse presidente en primera vuelta si obtiene el <strong>50% m\u00e1s uno de los votos v\u00e1lidos<\/strong> o al menos el <strong>40%<\/strong>, con una diferencia de <strong>10 puntos porcentuales<\/strong> sobre el segundo. Al no cumplirse ninguna de estas condiciones, la ley establece que debe realizarse una <strong>segunda vuelta<\/strong> dentro de los 60 d\u00edas posteriores a los comicios. En este caso, el balotaje ser\u00e1 el <strong>19 de octubre<\/strong>, cuando Paz se enfrente a Quiroga.<\/p>\n\n\n\n<p>El propio Paz reconoci\u00f3 que la contienda a\u00fan no est\u00e1 definida:<\/p>\n\n\n\n<blockquote class=\"wp-block-quote is-layout-flow wp-block-quote-is-layout-flow\">\n<p>\u201cA\u00fan no est\u00e1 nada dicho. Tenemos que seguir trabajando estos dos meses\u201d.<\/p>\n<\/blockquote>\n\n\n<div class=\"wp-block-image\">\n<figure class=\"aligncenter size-large\"><img decoding=\"async\" src=\"https:\/\/resizer.glanacion.com\/resizer\/v2\/jorge-tuto-quiroga-quedo-en-segundo-lugar-e-ira-LHOVJQKPZ5CP5IM5LMPZOIH4XA.JPG?auth=9b1a6e71c73d8335606e94feff3b13de46e1652f3cc1bb9dcd31e75dede8cdf1&amp;width=780&amp;height=563&amp;quality=70&amp;smart=true\" alt=\"\"\/><figcaption class=\"wp-element-caption\">Jorge \u00abTuto\u00bb Quiroga qued\u00f3 en segundo lugar e ir\u00e1 al balotaje contra Paz.-<\/figcaption><\/figure><\/div>\n\n\n<h3 class=\"wp-block-heading\"><strong><mark style=\"background-color:rgba(0, 0, 0, 0)\" class=\"has-inline-color has-vivid-red-color\">Un escenario in\u00e9dito para el pa\u00eds<\/mark><\/strong><\/h3>\n\n\n\n<p>Los resultados de este domingo abren un panorama pol\u00edtico novedoso. Ser\u00e1 la <strong>primera vez<\/strong> que Bolivia defina a su presidente en segunda vuelta, ya que el mecanismo fue incorporado en la Constituci\u00f3n de 2009, pero nunca hab\u00eda sido aplicado. Adem\u00e1s, el resultado marca el <strong>fin del ciclo del \u201csocialismo del siglo XXI\u201d<\/strong>, con la exclusi\u00f3n del <strong>Movimiento al Socialismo (MAS)<\/strong>, liderado hist\u00f3ricamente por Evo Morales, que perdi\u00f3 respaldo tras esc\u00e1ndalos de corrupci\u00f3n.<\/p>\n\n\n\n<h3 class=\"wp-block-heading\"><strong><mark style=\"background-color:rgba(0, 0, 0, 0)\" class=\"has-inline-color has-vivid-red-color\">Resultados preliminares de las elecciones en Bolivia<\/mark><\/strong><\/h3>\n\n\n\n<p>Seg\u00fan el sitio oficial de Sirepre, estos fueron los resultados preliminares de los principales candidatos:<\/p>\n\n\n\n<ul class=\"wp-block-list\">\n<li><strong>Rodrigo Paz (PDC):<\/strong> 32,14% \u2013 1.625.882 votos<\/li>\n\n\n\n<li><strong>Jorge Quiroga (Libertad y Democracia):<\/strong> 26,81% \u2013 1.356.370 votos<\/li>\n\n\n\n<li><strong>Samuel Doria Medina (Unidad):<\/strong> 19,86% \u2013 1.004.846 votos<\/li>\n\n\n\n<li><strong>Andr\u00f3nico Rodr\u00edguez (Alianza Popular):<\/strong> 8,22% \u2013 415.611 votos<\/li>\n\n\n\n<li><strong>Manfred Reyes Villa (Autonom\u00eda para Bolivia):<\/strong> 6,62% \u2013 335.126 votos<\/li>\n\n\n\n<li><strong>Eduardo del Castillo (MAS):<\/strong> 3,16% \u2013 159.769 votos<\/li>\n<\/ul>\n\n\n\n<p><\/p>\n\n\n\n<p>En total, se registraron <strong>158.270 votos en blanco (2,45%)<\/strong> y un elevado <strong>19,4% de votos nulos (1.252.449)<\/strong>. Este \u00faltimo dato se interpreta como una se\u00f1al del peso pol\u00edtico que a\u00fan conserva <strong>Evo Morales<\/strong>, actualmente pr\u00f3fugo de la Justicia por causas de trata de menores, quien hab\u00eda llamado abiertamente a anular el voto. De hecho, la cantidad de votos nulos super\u00f3 a los obtenidos por Doria Medina, ubic\u00e1ndose como la tercera \u201cfuerza\u201d en estas elecciones.<\/p>\n\n\n\n<p class=\"has-text-align-center\"><strong><a href=\"https:\/\/chat.whatsapp.com\/KWkTmakY3I05kNdd2oZl6d\"><em>\u00daNETE A NUESTRO GRUPO DE WHATSAPP PARA ESTAR INFORMADO<\/em><\/a><\/strong><\/p>\n\n\n\n<p class=\"has-text-align-right\"><strong><em>Con informaci\u00f3n de\u00a0LN.-<\/em><\/strong><\/p>\n\n\n\n<p><\/p>\n","protected":false},"excerpt":{"rendered":"<p>El pr\u00f3ximo 19 de octubre habr\u00e1 balotaje en la naci\u00f3n sudamericana entre Rodrigo Paz y Jorge \u201cTuto\u201d Quiroga; \u00bfc\u00f3mo quedaron los resultados?<\/p>\n","protected":false},"author":3,"featured_media":79134,"comment_status":"closed","ping_status":"closed","sticky":false,"template":"","format":"standard","meta":{"jnews-multi-image_gallery":[],"jnews_single_post":{"format":"standard"},"jnews_primary_category":[],"jnews_social_meta":[],"jnews_review":[],"enable_review":"","type":"","name":"","summary":"","brand":"","sku":"","good":[],"bad":[],"score_override":"","override_value":"","rating":[],"price":[],"jnews_override_counter":[],"jnews_post_split":[],"footnotes":""},"categories":[88,59],"tags":[109,5550,34738,2333,34740,45,34741,34739],"class_list":["post-79133","post","type-post","status-publish","format-standard","has-post-thumbnail","hentry","category-internacionales","category-politica","tag-bolivia","tag-candidatos","tag-elecciones-en-bolivia","tag-elecciones-presidenciales","tag-jorge-quiroga","tag-noticias","tag-partido-democrata-cristiano","tag-rodrigo-paz"],"amp_enabled":true,"_links":{"self":[{"href":"https:\/\/esreviral.com\/index.php?rest_route=\/wp\/v2\/posts\/79133"}],"collection":[{"href":"https:\/\/esreviral.com\/index.php?rest_route=\/wp\/v2\/posts"}],"about":[{"href":"https:\/\/esreviral.com\/index.php?rest_route=\/wp\/v2\/types\/post"}],"author":[{"embeddable":true,"href":"https:\/\/esreviral.com\/index.php?rest_route=\/wp\/v2\/users\/3"}],"replies":[{"embeddable":true,"href":"https:\/\/esreviral.com\/index.php?rest_route=%2Fwp%2Fv2%2Fcomments&post=79133"}],"version-history":[{"count":2,"href":"https:\/\/esreviral.com\/index.php?rest_route=\/wp\/v2\/posts\/79133\/revisions"}],"predecessor-version":[{"id":79141,"href":"https:\/\/esreviral.com\/index.php?rest_route=\/wp\/v2\/posts\/79133\/revisions\/79141"}],"wp:featuredmedia":[{"embeddable":true,"href":"https:\/\/esreviral.com\/index.php?rest_route=\/wp\/v2\/media\/79134"}],"wp:attachment":[{"href":"https:\/\/esreviral.com\/index.php?rest_route=%2Fwp%2Fv2%2Fmedia&parent=79133"}],"wp:term":[{"taxonomy":"category","embeddable":true,"href":"https:\/\/esreviral.com\/index.php?rest_route=%2Fwp%2Fv2%2Fcategories&post=79133"},{"taxonomy":"post_tag","embeddable":true,"href":"https:\/\/esreviral.com\/index.php?rest_route=%2Fwp%2Fv2%2Ftags&post=79133"}],"curies":[{"name":"wp","href":"https:\/\/api.w.org\/{rel}","templated":true}]}}