{"id":79127,"date":"2025-08-17T10:15:28","date_gmt":"2025-08-17T15:15:28","guid":{"rendered":"https:\/\/esreviral.com\/?p=79127"},"modified":"2025-08-17T10:15:29","modified_gmt":"2025-08-17T15:15:29","slug":"desplegaron-pancarta-de-va-a-pasar-en-lugares-emblematicos-de-argentina","status":"publish","type":"post","link":"https:\/\/esreviral.com\/?p=79127","title":{"rendered":"Desplegaron pancarta de \u00abVa a pasar\u00bb en lugares emblem\u00e1ticos de Argentina"},"content":{"rendered":"\n<p>Venezolanos en Argentina se suman a la campa\u00f1a <strong>VA A PASAR, <\/strong>una iniciativa destinada a fortalecer la organizaci\u00f3n de la di\u00e1spora y acompa\u00f1ar el proceso de transici\u00f3n democr\u00e1tica en Venezuela.<\/p>\n\n\n\n<p>El Comando ConVzla Argentina ha iniciado un proceso de articulaci\u00f3n con los distintos sectores de la comunidad venezolana en Argentina, con el objetivo de prepararlos para asumir un rol activo en la reconstrucci\u00f3n nacional, como parte del trabajo internacional del Comando ConVzla en el exterior.<\/p>\n\n\n\n<p>Como afirm\u00f3 Mar\u00eda Corina Machado:<strong> \u201cMaduro y sus c\u00f3mplices saben que sus opciones se agotan.<\/strong> Les queda muy poco tiempo para decidir: o caen con \u00e9l o facilitan la transici\u00f3n\u201d.<\/p>\n\n\n\n<figure class=\"wp-block-image size-large\"><img decoding=\"async\" src=\"https:\/\/pbs.twimg.com\/media\/Gyjy8oBWIAA4Cmg?format=jpg&amp;name=large\" alt=\"\"\/><\/figure>\n\n\n\n<p>En respuesta, venezolanos en distintas ciudades de Argentina apoyaron las declaraciones de la l\u00edder de las fuerzas democr\u00e1ticas e impulsaron la campa\u00f1a <strong>VA A PASAR.<\/strong><\/p>\n\n\n\n<p><strong>La jefa del Comando ConVzla Argentina, Adriana Flores M\u00e1rquez, <\/strong>quien lider\u00f3 la iniciativa junto con la sociedad civil, declar\u00f3: \u201cEs fundamental que la comunidad internacional comprenda que el r\u00e9gimen de Nicol\u00e1s Maduro no s\u00f3lo es una dictadura, sino una organizaci\u00f3n criminal con el nombre del C\u00e1rtel de los Soles, y que por ello la cabeza del dictador tiene precio. En Venezuela, VA A PASAR la transici\u00f3n hacia la democracia, es inevitable\u201d.<\/p>\n\n\n\n<figure class=\"wp-block-image size-large\"><img decoding=\"async\" src=\"https:\/\/pbs.twimg.com\/media\/Gyj-0pOXIAALk6I?format=jpg&amp;name=large\" alt=\"\"\/><\/figure>\n\n\n\n<p>Desde Buenos Aires y C\u00f3rdoba, hasta Mendoza, la Patagonia y otras ciudades, los venezolanos promovieron la campa\u00f1a mediante carteles, demostrando que la comunidad venezolana en Argentina y en todo el mundo mantiene su apoyo firme al gobierno democr\u00e1tico leg\u00edtimado en las elecciones del 28 de julio.<\/p>\n\n\n\n<p>La jefa del Comando invit\u00f3 a todos los ciudadanos a sumarse a la campa\u00f1a en redes sociales, etiquetando al Comando en Argentina, @convzla.argentina en Instagram y @convzlaarg en X.<\/p>\n\n\n\n<p>\u201cSe vienen d\u00edas cruciales y debemos estar preparados y organizados\u201d, sentenci\u00f3.<\/p>\n\n\n\n<p class=\"has-text-align-right\"><strong><em>Prensa Comando ConVzla Argentina.-<\/em><\/strong><\/p>\n\n\n\n<p><\/p>\n","protected":false},"excerpt":{"rendered":"<p>Venezolanos en Argentina se suman a la campa\u00f1a VA A PASAR, una iniciativa destinada a fortalecer la organizaci\u00f3n de la di\u00e1spora y acompa\u00f1ar el proceso de transici\u00f3n democr\u00e1tica en Venezuela. El Comando ConVzla Argentina ha iniciado un proceso de articulaci\u00f3n con los distintos sectores de la comunidad venezolana en Argentina, con el objetivo de prepararlos [&hellip;]<\/p>\n","protected":false},"author":2,"featured_media":79129,"comment_status":"closed","ping_status":"closed","sticky":false,"template":"","format":"standard","meta":{"jnews-multi-image_gallery":[],"jnews_single_post":{"format":"standard"},"jnews_primary_category":[],"jnews_social_meta":[],"jnews_review":[],"enable_review":"","type":"","name":"","summary":"","brand":"","sku":"","good":[],"bad":[],"score_override":"","override_value":"","rating":[],"price":[],"jnews_override_counter":[],"jnews_post_split":[],"footnotes":""},"categories":[59,5892],"tags":[44,14838,3265,45,67,56],"class_list":["post-79127","post","type-post","status-publish","format-standard","has-post-thumbnail","hentry","category-politica","category-venezolanos-en-argentina","tag-argentina","tag-edmundo-gonzalez","tag-maria-corina-machado-2","tag-noticias","tag-venezolanos-en-argentina","tag-venezuela"],"amp_enabled":true,"_links":{"self":[{"href":"https:\/\/esreviral.com\/index.php?rest_route=\/wp\/v2\/posts\/79127"}],"collection":[{"href":"https:\/\/esreviral.com\/index.php?rest_route=\/wp\/v2\/posts"}],"about":[{"href":"https:\/\/esreviral.com\/index.php?rest_route=\/wp\/v2\/types\/post"}],"author":[{"embeddable":true,"href":"https:\/\/esreviral.com\/index.php?rest_route=\/wp\/v2\/users\/2"}],"replies":[{"embeddable":true,"href":"https:\/\/esreviral.com\/index.php?rest_route=%2Fwp%2Fv2%2Fcomments&post=79127"}],"version-history":[{"count":1,"href":"https:\/\/esreviral.com\/index.php?rest_route=\/wp\/v2\/posts\/79127\/revisions"}],"predecessor-version":[{"id":79130,"href":"https:\/\/esreviral.com\/index.php?rest_route=\/wp\/v2\/posts\/79127\/revisions\/79130"}],"wp:featuredmedia":[{"embeddable":true,"href":"https:\/\/esreviral.com\/index.php?rest_route=\/wp\/v2\/media\/79129"}],"wp:attachment":[{"href":"https:\/\/esreviral.com\/index.php?rest_route=%2Fwp%2Fv2%2Fmedia&parent=79127"}],"wp:term":[{"taxonomy":"category","embeddable":true,"href":"https:\/\/esreviral.com\/index.php?rest_route=%2Fwp%2Fv2%2Fcategories&post=79127"},{"taxonomy":"post_tag","embeddable":true,"href":"https:\/\/esreviral.com\/index.php?rest_route=%2Fwp%2Fv2%2Ftags&post=79127"}],"curies":[{"name":"wp","href":"https:\/\/api.w.org\/{rel}","templated":true}]}}