{"id":79082,"date":"2025-08-15T08:18:26","date_gmt":"2025-08-15T13:18:26","guid":{"rendered":"https:\/\/esreviral.com\/?p=79082"},"modified":"2025-08-15T08:18:27","modified_gmt":"2025-08-15T13:18:27","slug":"nuevo-ministro-colombiano-exigio-que-lo-llamen-ministra","status":"publish","type":"post","link":"https:\/\/esreviral.com\/?p=79082","title":{"rendered":"Nuevo ministro Colombiano exigi\u00f3 que lo llamen \u00abministra\u00bb"},"content":{"rendered":"\n<p><strong>La designaci\u00f3n de Juan Carlos Flori\u00e1n como ministro de Igualdad y Equidad de Colombia<\/strong> ha provocado una fuerte pol\u00e9mica nacional. Polit\u00f3logo de formaci\u00f3n y con experiencia en cooperaci\u00f3n internacional y pol\u00edticas para la poblaci\u00f3n <strong>LGBTQIA+<\/strong>, Flori\u00e1n fue oficializado en el cargo a comienzos de agosto, en medio de cuestionamientos al ministerio por su ejecuci\u00f3n presupuestal y la falta de una hoja de ruta clara.<\/p>\n\n\n\n<p>En el p\u00f3dcast <em>A Pelo<\/em>, el funcionario habl\u00f3 por primera vez tras el esc\u00e1ndalo, abordando su identidad de g\u00e9nero, su pasado en la industria pornogr\u00e1fica, <strong>su experiencia con el consumo de drogas y su vida con VIH.<\/strong><\/p>\n\n\n\n<p class=\"has-text-align-center\"><strong><a href=\"https:\/\/chat.whatsapp.com\/KWkTmakY3I05kNdd2oZl6d\"><em>\u00daNETE A NUESTRO GRUPO DE WHATSAPP PARA ESTAR INFORMADO<\/em><\/a><\/strong><\/p>\n\n\n\n<h3 class=\"wp-block-heading\"><strong><mark style=\"background-color:rgba(0, 0, 0, 0)\" class=\"has-inline-color has-vivid-red-color\">Identidad y autodefinici\u00f3n<\/mark><\/strong><\/h3>\n\n\n\n<p>Flori\u00e1n explic\u00f3 por qu\u00e9 se ha presentado como \u201c<strong><em>nueva ministra de Igualdad\u201d<\/em><\/strong>:<\/p>\n\n\n\n<blockquote class=\"wp-block-quote is-layout-flow wp-block-quote-is-layout-flow\">\n<p><strong><em>\u201cMe nombro en femenino, porque soy una persona y porque soy una maric*. Yo no soy gay<\/em><\/strong>\u201d.<\/p>\n<\/blockquote>\n\n\n\n<p>Estas declaraciones generaron debate en redes sociales, incluso dentro de la comunidad LGBTQIA+, donde algunos criticaron el uso del t\u00e9rmino <strong><em>\u201cmaric*\u201d en lugar de \u201cgay\u201d<\/em><\/strong>.<\/p>\n\n\n\n<h3 class=\"wp-block-heading\"><strong><mark style=\"background-color:rgba(0, 0, 0, 0)\" class=\"has-inline-color has-vivid-red-color\">Paso por la industria del cine para adultos<\/mark><\/strong><\/h3>\n\n\n\n<p>El nuevo ministro no esquiv\u00f3 las preguntas sobre su pasado como actor porno y critic\u00f3 la precariedad laboral en el sector. Se\u00f1al\u00f3 que la actividad no se regula como un contrato tradicional, sino mediante cesiones de imagen, lo que \u2014a su juicio\u2014 favorece la explotaci\u00f3n.<\/p>\n\n\n\n<blockquote class=\"wp-block-quote is-layout-flow wp-block-quote-is-layout-flow\">\n<p>\u201c<strong><em>Las personas que hacen trabajo sexual y que son profesionales de la industria del sexo merecen las mismas garant\u00edas laborales que cualquier trabajador\u201d, <\/em><\/strong>afirm\u00f3.<\/p>\n<\/blockquote>\n\n\n\n<h3 class=\"wp-block-heading\"><strong><mark style=\"background-color:rgba(0, 0, 0, 0)\" class=\"has-inline-color has-vivid-red-color\">Consumo de drogas y proceso de recuperaci\u00f3n<\/mark><\/strong><\/h3>\n\n\n\n<p>Flori\u00e1n revel\u00f3 que comenz\u00f3 a consumir drogas inyectables a los 38 a\u00f1os de edad, lo que lo llev\u00f3 a situaciones que pusieron en riesgo su econom\u00eda, seguridad, salud y vida. Actualmente, lleva cerca de a\u00f1o y medio en proceso de desintoxicaci\u00f3n, y considera su llegada al ministerio como un paso \u201csalvador\u201d en su recuperaci\u00f3n.<\/p>\n\n\n\n<h3 class=\"wp-block-heading\"><strong><mark style=\"background-color:rgba(0, 0, 0, 0)\" class=\"has-inline-color has-vivid-red-color\">Vivir con VIH y combatir el estigma<\/mark><\/strong><\/h3>\n\n\n\n<p>El funcionario tambi\u00e9n confirm\u00f3 <strong>que es portador de VIH desde hace m\u00e1s de 20 a\u00f1os. <\/strong>Asegur\u00f3 que hablarlo abiertamente es una forma de enfrentar la discriminaci\u00f3n, pero lament\u00f3 que su diagn\u00f3stico sea usado en su contra:<\/p>\n\n\n\n<blockquote class=\"wp-block-quote is-layout-flow wp-block-quote-is-layout-flow\">\n<p>\u201c<strong><em>Los que vivimos con la enfermedad no somos menos aptas o capaces para asumir un carg<\/em><\/strong>o\u201d.<\/p>\n<\/blockquote>\n\n\n\n<h3 class=\"wp-block-heading\"><strong><mark style=\"background-color:rgba(0, 0, 0, 0)\" class=\"has-inline-color has-vivid-red-color\">Visi\u00f3n para el Ministerio<\/mark><\/strong><\/h3>\n\n\n\n<p>Flori\u00e1n asegur\u00f3 que no pretende \u201cLGBTizar\u201d la cartera, sino atender a diversas poblaciones y problem\u00e1ticas sociales. Sostuvo que su nombramiento es aspiracional para la comunidad LGBTQIA+, pero su objetivo principal es ejecutar programas y gestionar recursos con eficacia.<\/p>\n\n\n\n<p>El Ministerio de la Igualdad tiene por delante retos importantes: mejorar la ejecuci\u00f3n presupuestal, consolidar pol\u00edticas para grupos vulnerables y establecer una agenda de trabajo con metas claras. Flori\u00e1n, con una trayectoria marcada por el activismo y una vida personal bajo intenso escrutinio medi\u00e1tico, dice estar decidido a convertir su historia en una plataforma para el cambio y la inclusi\u00f3n.<\/p>\n\n\n\n<p class=\"has-text-align-center\"><em><strong><em><strong><em><strong><em><strong><a href=\"https:\/\/t.me\/esreviral\">\u00daNETE A NUESTRO CANAL DE TELEGRAM PARA ESTAR INFORMADO<\/a><\/strong><\/em><\/strong><\/em><\/strong><\/em><\/strong><\/em><\/p>\n\n\n\n<p class=\"has-text-align-right\"><em style=\"\"><b>con informaci\u00f3n de eltiempo.com y <\/b><\/em><strong><em>caraotadigital.net.-<\/em><\/strong><\/p>\n","protected":false},"excerpt":{"rendered":"<p>Flori\u00e1n lleg\u00f3 a la cartera en un momento en que el Ministerio de la Igualdad enfrenta cuestionamientos por ejecuci\u00f3n presupuestal.<\/p>\n","protected":false},"author":3,"featured_media":79083,"comment_status":"closed","ping_status":"closed","sticky":false,"template":"","format":"standard","meta":{"jnews-multi-image_gallery":[],"jnews_single_post":{"format":"standard"},"jnews_primary_category":[],"jnews_social_meta":[],"jnews_review":[],"enable_review":"","type":"","name":"","summary":"","brand":"","sku":"","good":[],"bad":[],"score_override":"","override_value":"","rating":[],"price":[],"jnews_override_counter":[],"jnews_post_split":[],"footnotes":""},"categories":[88],"tags":[283,34693,34694,34695,5313,34692,45,210],"class_list":["post-79082","post","type-post","status-publish","format-standard","has-post-thumbnail","hentry","category-internacionales","tag-colombia","tag-florian","tag-igualdad","tag-juan-carlos-florian","tag-lgbtiq-2","tag-ministerio-igualdad","tag-noticias","tag-vih"],"_links":{"self":[{"href":"https:\/\/esreviral.com\/index.php?rest_route=\/wp\/v2\/posts\/79082","targetHints":{"allow":["GET"]}}],"collection":[{"href":"https:\/\/esreviral.com\/index.php?rest_route=\/wp\/v2\/posts"}],"about":[{"href":"https:\/\/esreviral.com\/index.php?rest_route=\/wp\/v2\/types\/post"}],"author":[{"embeddable":true,"href":"https:\/\/esreviral.com\/index.php?rest_route=\/wp\/v2\/users\/3"}],"replies":[{"embeddable":true,"href":"https:\/\/esreviral.com\/index.php?rest_route=%2Fwp%2Fv2%2Fcomments&post=79082"}],"version-history":[{"count":1,"href":"https:\/\/esreviral.com\/index.php?rest_route=\/wp\/v2\/posts\/79082\/revisions"}],"predecessor-version":[{"id":79085,"href":"https:\/\/esreviral.com\/index.php?rest_route=\/wp\/v2\/posts\/79082\/revisions\/79085"}],"wp:featuredmedia":[{"embeddable":true,"href":"https:\/\/esreviral.com\/index.php?rest_route=\/wp\/v2\/media\/79083"}],"wp:attachment":[{"href":"https:\/\/esreviral.com\/index.php?rest_route=%2Fwp%2Fv2%2Fmedia&parent=79082"}],"wp:term":[{"taxonomy":"category","embeddable":true,"href":"https:\/\/esreviral.com\/index.php?rest_route=%2Fwp%2Fv2%2Fcategories&post=79082"},{"taxonomy":"post_tag","embeddable":true,"href":"https:\/\/esreviral.com\/index.php?rest_route=%2Fwp%2Fv2%2Ftags&post=79082"}],"curies":[{"name":"wp","href":"https:\/\/api.w.org\/{rel}","templated":true}]}}