{"id":7908,"date":"2021-06-28T16:37:34","date_gmt":"2021-06-28T19:37:34","guid":{"rendered":"http:\/\/esreviral.com\/?p=7908"},"modified":"2021-06-28T16:37:34","modified_gmt":"2021-06-28T19:37:34","slug":"guaido-pidio-no-permitir-que-se-normalicen-los-crimenes-de-odio-en-contra-de-personas-lgbt","status":"publish","type":"post","link":"https:\/\/esreviral.com\/?p=7908","title":{"rendered":"Guaid\u00f3 pidi\u00f3 no permitir que se normalicen los cr\u00edmenes de odio en contra de personas LGBT+"},"content":{"rendered":"\n<p>Juan Guaid\u00f3, reconocido por 60 pa\u00edses como presidente encargado de la Rep\u00fablica, pidi\u00f3 este lunes\u00a0<strong>no permitir que se normalicen los cr\u00edmenes<\/strong>\u00a0de odio, el hostigamiento ni la discriminaci\u00f3n en contra de las personas LGBT+.<\/p>\n\n\n\n<p>Ratific\u00f3 su respaldo a las personas sexodiversas, quienes&nbsp;<strong>luchan por el respeto de todos sus derechos<\/strong>, como millones de venezolanos.<\/p>\n\n\n\n<p>\u00ab<strong>Somos un pa\u00eds vulnerable por el secuestro de las instituciones<\/strong>. Estamos en deuda con los que luchan por la igualdad y la garant\u00eda de sus derechos\u00bb, dijo el dirigente opositor a trav\u00e9s de su cuenta de\u00a0<a href=\"https:\/\/twitter.com\/jguaido\/status\/1409555530817982466?ref_src=twsrc%5Etfw%7Ctwcamp%5Etweetembed%7Ctwterm%5E1409555530817982466%7Ctwgr%5E%7Ctwcon%5Es1_&amp;ref_url=https%3A%2F%2Fwww.elnacional.com%2Fwp-admin%2Fpost-new.php\">Twitter<\/a>.<\/p>\n\n\n\n<figure class=\"wp-block-embed-twitter wp-block-embed is-type-rich is-provider-twitter\"><div class=\"wp-block-embed__wrapper\">\n<blockquote class=\"twitter-tweet\" data-width=\"500\" data-dnt=\"true\"><p lang=\"es\" dir=\"ltr\">Hoy <a href=\"https:\/\/twitter.com\/hashtag\/28Jun?src=hash&amp;ref_src=twsrc%5Etfw\">#28Jun<\/a>, ratificamos todo nuestro respaldo a la comunidad LGBTIQ+, quienes luchan, como millones de venezolanos, para que TODOS LOS DERECHOS SEAN PARA TODAS LAS PERSONAS. <a href=\"https:\/\/twitter.com\/hashtag\/Orgullo2021?src=hash&amp;ref_src=twsrc%5Etfw\">#Orgullo2021<\/a><\/p>&mdash; Juan Guaid\u00f3 (@jguaido) <a href=\"https:\/\/twitter.com\/jguaido\/status\/1409555448970235904?ref_src=twsrc%5Etfw\">June 28, 2021<\/a><\/blockquote><script async src=\"https:\/\/platform.twitter.com\/widgets.js\" charset=\"utf-8\"><\/script>\n<\/div><\/figure>\n\n\n\n<p>El a\u00f1o&nbsp;<strong>2020 registr\u00f3 una tasa de 45,6 muertes violentas por cada 100.000 habitantes<\/strong>, 7 veces mayor a la media mundial, de acuerdo con el Observatorio Venezolano de Violencia, se\u00f1al\u00f3 la agencia de noticias AFP.<\/p>\n\n\n\n<p>En el caso de la comunidad LGBT+, lo mismo: nada oficial. Solo hay data recopilada por diferentes ONG, que dan cuenta de\u00a0<strong>m\u00e1s de 100 personas asesinadas por su orientaci\u00f3n sexual e identidad y expresi\u00f3n de g\u00e9nero desde 2008<\/strong>, principalmente hombres homosexuales y personas trans.<\/p>\n\n\n\n<p>En d\u00edas pasados una mujer trans fue asesinada y mutilada en el municipio Baruta del estado Miranda, bajo circunstancias que las autoridades a\u00fan no aclaran.<\/p>\n\n\n\n<blockquote class=\"wp-block-quote td_quote_box td_box_center is-layout-flow wp-block-quote-is-layout-flow\"><p>Alberto Nieves, director de la Acci\u00f3n Ciudadana contra el Sida, asegur\u00f3 que\u00a0<strong>este tipo de conducta no es nueva<\/strong>.<\/p><\/blockquote>\n\n\n\n<p>Un informe de su organizaci\u00f3n, que&nbsp;<strong>registr\u00f3 109 muertes violentas en la comunidad LGBT+ entre 2008 y 2017<\/strong>&nbsp;(la data m\u00e1s reciente), da cuenta de asesinatos por tiros, apu\u00f1alamiento, estrangulamiento, mutilaci\u00f3n genital, rostros desollados, golpes, columnas fracturadas. La mayor\u00eda de las v\u00edctimas son personas trans.<\/p>\n\n\n\n<p><strong>Venezuela, adem\u00e1s, no tiene un procedimiento claro para cambiar la identidad<\/strong>. En 2017, el Tribuna Supremo de Justicia, controlado por el r\u00e9gimen de Nicol\u00e1s Maduro, admiti\u00f3 un recurso sobre el reconocimiento del derecho a cambiar de nombre y de g\u00e9nero ante la ley, que hasta ahora permanece sin respuesta.<\/p>\n\n\n\n<p class=\"has-text-align-right\"><strong><em>EN.-<\/em><\/strong><\/p>\n","protected":false},"excerpt":{"rendered":"<p>Ratific\u00f3 su respaldo a las personas sexodiversas, quienes luchan por el respeto de todos sus derechos, como millones de venezolanos.<\/p>\n","protected":false},"author":2,"featured_media":7909,"comment_status":"open","ping_status":"open","sticky":false,"template":"","format":"standard","meta":{"jnews-multi-image_gallery":[],"jnews_single_post":[],"jnews_primary_category":[],"jnews_social_meta":[],"jnews_review":[],"enable_review":"","type":"","name":"","summary":"","brand":"","sku":"","good":[],"bad":[],"score_override":"","override_value":"","rating":[],"price":[],"jnews_override_counter":[],"jnews_post_split":[],"footnotes":""},"categories":[66],"tags":[154,243,45,56],"class_list":["post-7908","post","type-post","status-publish","format-standard","has-post-thumbnail","hentry","category-venezuela","tag-guaido","tag-lgtb","tag-noticias","tag-venezuela"],"amp_enabled":true,"_links":{"self":[{"href":"https:\/\/esreviral.com\/index.php?rest_route=\/wp\/v2\/posts\/7908"}],"collection":[{"href":"https:\/\/esreviral.com\/index.php?rest_route=\/wp\/v2\/posts"}],"about":[{"href":"https:\/\/esreviral.com\/index.php?rest_route=\/wp\/v2\/types\/post"}],"author":[{"embeddable":true,"href":"https:\/\/esreviral.com\/index.php?rest_route=\/wp\/v2\/users\/2"}],"replies":[{"embeddable":true,"href":"https:\/\/esreviral.com\/index.php?rest_route=%2Fwp%2Fv2%2Fcomments&post=7908"}],"version-history":[{"count":0,"href":"https:\/\/esreviral.com\/index.php?rest_route=\/wp\/v2\/posts\/7908\/revisions"}],"wp:featuredmedia":[{"embeddable":true,"href":"https:\/\/esreviral.com\/index.php?rest_route=\/"}],"wp:attachment":[{"href":"https:\/\/esreviral.com\/index.php?rest_route=%2Fwp%2Fv2%2Fmedia&parent=7908"}],"wp:term":[{"taxonomy":"category","embeddable":true,"href":"https:\/\/esreviral.com\/index.php?rest_route=%2Fwp%2Fv2%2Fcategories&post=7908"},{"taxonomy":"post_tag","embeddable":true,"href":"https:\/\/esreviral.com\/index.php?rest_route=%2Fwp%2Fv2%2Ftags&post=7908"}],"curies":[{"name":"wp","href":"https:\/\/api.w.org\/{rel}","templated":true}]}}