{"id":7905,"date":"2021-06-28T16:31:59","date_gmt":"2021-06-28T19:31:59","guid":{"rendered":"http:\/\/esreviral.com\/?p=7905"},"modified":"2021-06-28T16:31:59","modified_gmt":"2021-06-28T19:31:59","slug":"directora-de-migraciones-si-no-cerrabamos-en-dos-semanas-teniamos-un-colapso-sanitario","status":"publish","type":"post","link":"https:\/\/esreviral.com\/?p=7905","title":{"rendered":"Directora de Migraciones: \u201cSi no cerr\u00e1bamos, en dos semanas ten\u00edamos un colapso sanitario\u201d"},"content":{"rendered":"\n<p>Tras oficializarse las nuevas restricciones que limitan el ingreso de personas a la Argentina, Florencia Carignano,  titular de la Direcci\u00f3n Nacional de Migraciones, justici\u00f3 la decisi\u00f3n del Gobierno nacional.\u00a0<strong>\u201cSi no cerr\u00e1bamos, en dos semanas mostr\u00e1bamos un colapso sanitario\u201d<\/strong>, dijo.<\/p>\n\n\n\n<p>En di\u00e1logo con<strong>\u00a0LN+<\/strong>, la funcionaria reiter\u00f3 que el objetivo de la disposici\u00f3n gubernamental est\u00e1 vinculada a \u201cralentizar el ingreso\u201d de la variante Delta.\u00a0<strong>\u201cNo decidimos entre lo bueno y lo malo, decidimos entre lo feo y lo muy feo\u201d<\/strong>, sostuvo.<\/p>\n\n\n\n<p>Lea tambi\u00e9n: DIRECTORA DE MIGRACIONES: <a href=\"https:\/\/esreviral.com\/2021\/06\/26\/directora-de-migraciones-el-ingreso-de-personas-extranjeras-por-reunificacion-familiar-queda-suspendido\/\">EL INGRESO DE PERSONAS EXTRANJERAS POR REUNIFICACI\u00d3N FAMILIAR QUEDA SUSPENDIDO<\/a><\/p>\n\n\n\n<p class=\"has-text-align-right\"><strong><em>La Naci\u00f3n.-<\/em><\/strong><\/p>\n","protected":false},"excerpt":{"rendered":"<p>Tras oficializarse las nuevas restricciones que limitan el ingreso de personas a la Argentina, Florencia Carignano, titular de la Direcci\u00f3n Nacional de Migraciones, justici\u00f3 la decisi\u00f3n del Gobierno nacional.\u00a0\u201cSi no cerr\u00e1bamos, en dos semanas mostr\u00e1bamos un colapso sanitario\u201d, dijo. En di\u00e1logo con\u00a0LN+, la funcionaria reiter\u00f3 que el objetivo de la disposici\u00f3n gubernamental est\u00e1 vinculada a [&hellip;]<\/p>\n","protected":false},"author":2,"featured_media":7906,"comment_status":"open","ping_status":"open","sticky":false,"template":"","format":"standard","meta":{"jnews-multi-image_gallery":[],"jnews_single_post":[],"jnews_primary_category":[],"jnews_social_meta":[],"jnews_review":[],"enable_review":"","type":"","name":"","summary":"","brand":"","sku":"","good":[],"bad":[],"score_override":"","override_value":"","rating":[],"price":[],"jnews_override_counter":[],"jnews_post_split":[],"footnotes":""},"categories":[58],"tags":[188,45,487],"class_list":["post-7905","post","type-post","status-publish","format-standard","has-post-thumbnail","hentry","category-argentina","tag-covid-19","tag-noticias","tag-restricciones"],"amp_enabled":true,"_links":{"self":[{"href":"https:\/\/esreviral.com\/index.php?rest_route=\/wp\/v2\/posts\/7905"}],"collection":[{"href":"https:\/\/esreviral.com\/index.php?rest_route=\/wp\/v2\/posts"}],"about":[{"href":"https:\/\/esreviral.com\/index.php?rest_route=\/wp\/v2\/types\/post"}],"author":[{"embeddable":true,"href":"https:\/\/esreviral.com\/index.php?rest_route=\/wp\/v2\/users\/2"}],"replies":[{"embeddable":true,"href":"https:\/\/esreviral.com\/index.php?rest_route=%2Fwp%2Fv2%2Fcomments&post=7905"}],"version-history":[{"count":0,"href":"https:\/\/esreviral.com\/index.php?rest_route=\/wp\/v2\/posts\/7905\/revisions"}],"wp:featuredmedia":[{"embeddable":true,"href":"https:\/\/esreviral.com\/index.php?rest_route=\/"}],"wp:attachment":[{"href":"https:\/\/esreviral.com\/index.php?rest_route=%2Fwp%2Fv2%2Fmedia&parent=7905"}],"wp:term":[{"taxonomy":"category","embeddable":true,"href":"https:\/\/esreviral.com\/index.php?rest_route=%2Fwp%2Fv2%2Fcategories&post=7905"},{"taxonomy":"post_tag","embeddable":true,"href":"https:\/\/esreviral.com\/index.php?rest_route=%2Fwp%2Fv2%2Ftags&post=7905"}],"curies":[{"name":"wp","href":"https:\/\/api.w.org\/{rel}","templated":true}]}}