{"id":7902,"date":"2021-06-28T16:23:32","date_gmt":"2021-06-28T19:23:32","guid":{"rendered":"http:\/\/esreviral.com\/?p=7902"},"modified":"2021-06-28T16:23:32","modified_gmt":"2021-06-28T19:23:32","slug":"miss-venezuela-2021-sera-designada-por-el-comite-de-la-belleza","status":"publish","type":"post","link":"https:\/\/esreviral.com\/?p=7902","title":{"rendered":"Miss Venezuela 2021 ser\u00e1 designada por el Comit\u00e9 de la Belleza"},"content":{"rendered":"\n<p>La Organizaci\u00f3n Miss Venezuela revel\u00f3 la semana pasada que l<strong>a pr\u00f3xima representante del pa\u00eds en el certamen de belleza Miss Universo ser\u00e1 elegida por designaci\u00f3n.<\/strong><\/p>\n\n\n\n<p>\u00abNos llena de mucha alegr\u00eda anunciarle a toda Venezuela que en los pr\u00f3ximos d\u00edas <strong>conoceremos qui\u00e9n ser\u00e1 la nueva soberana de la belleza nacional,<\/strong> que ser\u00e1 designada para representarnos en la venidera edici\u00f3n 70\u00b0 del reconocido certamen Miss Universo\u00bb, inform\u00f3 la organizaci\u00f3n a trav\u00e9s de la cuenta de\u00a0<a rel=\"noreferrer noopener\" href=\"https:\/\/www.instagram.com\/p\/CQi_a5InIxj\/?utm_source=ig_embed&amp;ig_rid=3d47c71e-de30-419c-9642-559202531445\" target=\"_blank\">Instagram<\/a>.<\/p>\n\n\n\n<p>Asimismo, la organizaci\u00f3n anunci\u00f3 que en las pr\u00f3ximas semanas iniciar\u00e1 la temporada de la belleza rumbo a la gala del Miss Venezuela 2021, que se celebrar\u00e1 en octubre. \u00abConoceremos los rostros de las j\u00f3venes que representar\u00e1n con mucho orgullo a las diferentes regiones y estados de nuestra querida Venezuela\u201d, indic\u00f3 la organizaci\u00f3n del certamen de belleza en sus redes sociales.<\/p>\n\n\n\n<p>Sobre los nombres de las candidatas que podr\u00edan representar a Venezuela en el certamen de belleza internacional <strong>se dice en redes sociales que podr\u00edan ser Isabella Rodr\u00edguez, Nariman Battikha u Oriana Pablos.<\/strong><\/p>\n","protected":false},"excerpt":{"rendered":"<p>La organizaci\u00f3n del certamen que preside Nina Sicilia anunci\u00f3 que en las pr\u00f3ximas semanas comenzar\u00e1 la temporada de la belleza<\/p>\n","protected":false},"author":2,"featured_media":7903,"comment_status":"open","ping_status":"open","sticky":false,"template":"","format":"standard","meta":{"jnews-multi-image_gallery":[],"jnews_single_post":[],"jnews_primary_category":[],"jnews_social_meta":[],"jnews_review":[],"enable_review":"","type":"","name":"","summary":"","brand":"","sku":"","good":[],"bad":[],"score_override":"","override_value":"","rating":[],"price":[],"jnews_override_counter":[],"jnews_post_split":[],"footnotes":""},"categories":[50],"tags":[476,45],"class_list":["post-7902","post","type-post","status-publish","format-standard","has-post-thumbnail","hentry","category-entretenimiento","tag-miss-venezuela","tag-noticias"],"amp_enabled":true,"_links":{"self":[{"href":"https:\/\/esreviral.com\/index.php?rest_route=\/wp\/v2\/posts\/7902"}],"collection":[{"href":"https:\/\/esreviral.com\/index.php?rest_route=\/wp\/v2\/posts"}],"about":[{"href":"https:\/\/esreviral.com\/index.php?rest_route=\/wp\/v2\/types\/post"}],"author":[{"embeddable":true,"href":"https:\/\/esreviral.com\/index.php?rest_route=\/wp\/v2\/users\/2"}],"replies":[{"embeddable":true,"href":"https:\/\/esreviral.com\/index.php?rest_route=%2Fwp%2Fv2%2Fcomments&post=7902"}],"version-history":[{"count":0,"href":"https:\/\/esreviral.com\/index.php?rest_route=\/wp\/v2\/posts\/7902\/revisions"}],"wp:featuredmedia":[{"embeddable":true,"href":"https:\/\/esreviral.com\/index.php?rest_route=\/"}],"wp:attachment":[{"href":"https:\/\/esreviral.com\/index.php?rest_route=%2Fwp%2Fv2%2Fmedia&parent=7902"}],"wp:term":[{"taxonomy":"category","embeddable":true,"href":"https:\/\/esreviral.com\/index.php?rest_route=%2Fwp%2Fv2%2Fcategories&post=7902"},{"taxonomy":"post_tag","embeddable":true,"href":"https:\/\/esreviral.com\/index.php?rest_route=%2Fwp%2Fv2%2Ftags&post=7902"}],"curies":[{"name":"wp","href":"https:\/\/api.w.org\/{rel}","templated":true}]}}