{"id":79003,"date":"2025-08-14T07:27:17","date_gmt":"2025-08-14T12:27:17","guid":{"rendered":"https:\/\/esreviral.com\/?p=79003"},"modified":"2025-08-14T12:19:35","modified_gmt":"2025-08-14T17:19:35","slug":"ee-uu-desplego-fuerzas-militares-en-el-mar-caribe-para-combatir-carteles-de-la-droga","status":"publish","type":"post","link":"https:\/\/esreviral.com\/?p=79003","title":{"rendered":"EE.UU. despleg\u00f3 fuerzas militares en el mar Caribe para combatir c\u00e1rteles de la droga"},"content":{"rendered":"\n<p><strong>Estados Unidos ha ordenado el despliegue de fuerzas a\u00e9reas y navales en el sur del mar Caribe para enfrentar amenazas de c\u00e1rteles de droga latinoamericanos<\/strong>, informaron a <em>Reuters<\/em> dos fuentes con conocimiento de la decisi\u00f3n.<\/p>\n\n\n\n<p>Las fuentes dieron pocos detalles de la operaci\u00f3n, pero se\u00f1alaron que el entonces<strong> presidente Donald Trump <\/strong>quer\u00eda utilizar a las <strong>Fuerzas Armadas<\/strong> para combatir a los grupos de narcotr\u00e1fico latinoamericanos que han sido designados como organizaciones terroristas globales. El Pent\u00e1gono hab\u00eda recibido la orden de preparar opciones.<\/p>\n\n\n\n<p>Trump hizo de la lucha contra los carteles de droga un objetivo central de su administraci\u00f3n, como parte de un esfuerzo m\u00e1s amplio para limitar la migraci\u00f3n y reforzar la seguridad en la frontera sur de Estados Unidos.<\/p>\n\n\n\n<p class=\"has-text-align-center\"><strong><a href=\"https:\/\/chat.whatsapp.com\/KWkTmakY3I05kNdd2oZl6d\"><em>\u00daNETE A NUESTRO GRUPO DE WHATSAPP PARA ESTAR INFORMADO<\/em><\/a><\/strong><\/p>\n\n\n\n<p>En los \u00faltimos meses, la administraci\u00f3n Trump ya hab\u00eda desplegado al menos dos buques de guerra para apoyar en tareas de seguridad fronteriza y combate al narcotr\u00e1fico.<\/p>\n\n\n\n<p>Las fuentes, que hablaron bajo condici\u00f3n de anonimato, indicaron que el Departamento de Defensa ha comenzado a ordenar el despliegue de fuerzas a\u00e9reas y navales estadounidenses en el sur del mar Caribe.<\/p>\n\n\n\n<p>\u201cEste despliegue est\u00e1 destinado a enfrentar las amenazas contra la seguridad nacional de Estados Unidos por parte de organizaciones narco-terroristas especialmente designadas en la regi\u00f3n\u201d, dijo una de las fuentes.<\/p>\n\n\n\n<p>En febrero, la administraci\u00f3n Trump design\u00f3 como organizaciones terroristas globales al C\u00e1rtel de Sinaloa de M\u00e9xico, a otras bandas de narcotr\u00e1fico, as\u00ed como al grupo criminal venezolano Tren de Aragua, en el marco de un endurecimiento de las medidas migratorias contra presuntos miembros de pandillas.<\/p>\n\n\n\n<p>El ej\u00e9rcito estadounidense ya ha incrementado su vigilancia a\u00e9rea sobre los carteles de droga mexicanos para recopilar inteligencia y determinar la mejor manera de contrarrestar sus actividades. Trump ha ofrecido previamente enviar tropas estadounidenses a M\u00e9xico para combatir el narcotr\u00e1fico, una propuesta que M\u00e9xico afirma haber rechazado.<\/p>\n\n\n\n<p class=\"has-text-align-center\"><em><strong><em><strong><em><strong><em><strong><a href=\"https:\/\/t.me\/esreviral\">\u00daNETE A NUESTRO CANAL DE TELEGRAM PARA ESTAR INFORMADO<\/a><\/strong><\/em><\/strong><\/em><\/strong><\/em><\/strong><\/em><\/p>\n\n\n\n<p class=\"has-text-align-center\"><strong><em><mark style=\"background-color:rgba(0, 0, 0, 0)\" class=\"has-inline-color has-vivid-red-color\"><a href=\"https:\/\/esreviral.com\/?p=79044\" data-type=\"link\" data-id=\"https:\/\/esreviral.com\/?p=79044\">Lea Tambi\u00e9n: Gobierno Venezolano respondi\u00f3 a operativo de Estados Unidos: \u201cNosotros tambi\u00e9n estamos desplegados\u201d<\/a><\/mark><\/em><\/strong><\/p>\n\n\n\n<p class=\"has-text-align-right\"><strong><em>Con Informaci\u00f3n de reuters.com.-<\/em><\/strong><\/p>\n","protected":false},"excerpt":{"rendered":"<p>El Pent\u00e1gono recibi\u00f3 instrucciones para preparar operaciones dirigidas a contrarrestar grupos de narcotr\u00e1fico designados como terroristas globales, reforzando la pol\u00edtica de seguridad nacional y migratoria de la administraci\u00f3n de Donald Trump<\/p>\n","protected":false},"author":3,"featured_media":79004,"comment_status":"closed","ping_status":"closed","sticky":false,"template":"","format":"standard","meta":{"jnews-multi-image_gallery":[],"jnews_single_post":{"format":"standard"},"jnews_primary_category":[],"jnews_social_meta":[],"jnews_review":[],"enable_review":"","type":"","name":"","summary":"","brand":"","sku":"","good":[],"bad":[],"score_override":"","override_value":"","rating":[],"price":[],"jnews_override_counter":[],"jnews_post_split":[],"footnotes":""},"categories":[88],"tags":[34665,34666,136,34664,3392,13888,45,26198],"class_list":["post-79003","post","type-post","status-publish","format-standard","has-post-thumbnail","hentry","category-internacionales","tag-carteles-de-droga-2","tag-carteles-de-la-droga","tag-estados-unidos","tag-fuerzas-aereas-y-navales","tag-fuerzas-armadas","tag-mar-caribe","tag-noticias","tag-presidente-donald-trump"],"_links":{"self":[{"href":"https:\/\/esreviral.com\/index.php?rest_route=\/wp\/v2\/posts\/79003","targetHints":{"allow":["GET"]}}],"collection":[{"href":"https:\/\/esreviral.com\/index.php?rest_route=\/wp\/v2\/posts"}],"about":[{"href":"https:\/\/esreviral.com\/index.php?rest_route=\/wp\/v2\/types\/post"}],"author":[{"embeddable":true,"href":"https:\/\/esreviral.com\/index.php?rest_route=\/wp\/v2\/users\/3"}],"replies":[{"embeddable":true,"href":"https:\/\/esreviral.com\/index.php?rest_route=%2Fwp%2Fv2%2Fcomments&post=79003"}],"version-history":[{"count":2,"href":"https:\/\/esreviral.com\/index.php?rest_route=\/wp\/v2\/posts\/79003\/revisions"}],"predecessor-version":[{"id":79048,"href":"https:\/\/esreviral.com\/index.php?rest_route=\/wp\/v2\/posts\/79003\/revisions\/79048"}],"wp:featuredmedia":[{"embeddable":true,"href":"https:\/\/esreviral.com\/index.php?rest_route=\/wp\/v2\/media\/79004"}],"wp:attachment":[{"href":"https:\/\/esreviral.com\/index.php?rest_route=%2Fwp%2Fv2%2Fmedia&parent=79003"}],"wp:term":[{"taxonomy":"category","embeddable":true,"href":"https:\/\/esreviral.com\/index.php?rest_route=%2Fwp%2Fv2%2Fcategories&post=79003"},{"taxonomy":"post_tag","embeddable":true,"href":"https:\/\/esreviral.com\/index.php?rest_route=%2Fwp%2Fv2%2Ftags&post=79003"}],"curies":[{"name":"wp","href":"https:\/\/api.w.org\/{rel}","templated":true}]}}