{"id":7896,"date":"2021-06-28T11:39:48","date_gmt":"2021-06-28T14:39:48","guid":{"rendered":"http:\/\/esreviral.com\/?p=7896"},"modified":"2021-06-28T11:39:48","modified_gmt":"2021-06-28T14:39:48","slug":"28-de-junio-dia-internacional-del-orgullo","status":"publish","type":"post","link":"https:\/\/esreviral.com\/?p=7896","title":{"rendered":"28 de junio: D\u00eda Internacional del Orgullo"},"content":{"rendered":"\n<p>Hoy 28 de junio, se celebra\u00a0el colectivo LGBTQI+\u00a0\u00a0(lesbiana,\u00a0gay,\u00a0bisexual,\u00a0transg\u00e9nero,\u00a0transexual,\u00a0travesti, intersexual y\u00a0queer).<\/p>\n\n\n\n<p><strong><span style=\"background-color:#9a1b22\" class=\"td_text_highlight_marker\">Pero&#8230; \u00bfpor qu\u00e9 se recuerda el 28?<\/span><\/strong><\/p>\n\n\n\n<p>Todo se remonta al a\u00f1o 1969,&nbsp; cuando las fuerzas policiales irrumpieron en el boliche&nbsp;Stonewall&nbsp;(Nueva York,&nbsp;Estados Unidos), cosa que suced\u00eda con mucha frecuencia, pero hubo una vez que fue distinta a las dem\u00e1s, donde la rebeli\u00f3n de quienes concurr\u00edan al lugar&nbsp;fue m\u00e1s fuerte, cosa que marc\u00f3 un antes y un despu\u00e9s.<\/p>\n\n\n\n<p>Estos disturbios, junto con otros hechos que ocurrieron posteriormente, son considerados como las primeras luchas del colectivo homosexual en Estados Unidos y en el mundo.<\/p>\n\n\n\n<p>Se consideran los precedentes de las marchas del Orgullo Gay.<\/p>\n\n\n\n<p>En base a estos hechos, se tom\u00f3 esta fecha para rememorar lo sucedido y tomarlo com un d\u00eda de celebraci\u00f3n en todo el mundo.<\/p>\n\n\n\n<p>Las celebraciones normalmente suelen ser\u00a0coloridas\u00a0y alegres marchas, durante estas\u00a0la comunidad expones sus s\u00edmbolos como las banderas de colores con mensajes y se llevan a cabo diferentes shows para reivindicar su libertad en el mundo.<\/p>\n\n\n\n<figure class=\"wp-block-image size-large\"><img decoding=\"async\" src=\"https:\/\/www.buenosaires.gob.ar\/sites\/gcaba\/files\/field\/image\/obelisco_colores.jpg\" alt=\"\"\/><\/figure>\n\n\n\n<p class=\"has-text-align-right\"><strong><em>Filo.-<\/em><\/strong><\/p>\n","protected":false},"excerpt":{"rendered":"<p>Hoy 28 de junio, se celebra\u00a0el colectivo LGBTQI+\u00a0\u00a0(lesbiana,\u00a0gay,\u00a0bisexual,\u00a0transg\u00e9nero,\u00a0transexual,\u00a0travesti, intersexual y\u00a0queer). Pero&#8230; \u00bfpor qu\u00e9 se recuerda el 28? Todo se remonta al a\u00f1o 1969,&nbsp; cuando las fuerzas policiales irrumpieron en el boliche&nbsp;Stonewall&nbsp;(Nueva York,&nbsp;Estados Unidos), cosa que suced\u00eda con mucha frecuencia, pero hubo una vez que fue distinta a las dem\u00e1s, donde la rebeli\u00f3n de quienes concurr\u00edan [&hellip;]<\/p>\n","protected":false},"author":2,"featured_media":7897,"comment_status":"open","ping_status":"open","sticky":false,"template":"","format":"standard","meta":{"jnews-multi-image_gallery":[],"jnews_single_post":[],"jnews_primary_category":[],"jnews_social_meta":[],"jnews_review":[],"enable_review":"","type":"","name":"","summary":"","brand":"","sku":"","good":[],"bad":[],"score_override":"","override_value":"","rating":[],"price":[],"jnews_override_counter":[],"jnews_post_split":[],"footnotes":""},"categories":[43,50],"tags":[924,45],"class_list":["post-7896","post","type-post","status-publish","format-standard","has-post-thumbnail","hentry","category-actualidad","category-entretenimiento","tag-dia-del-orgullo","tag-noticias"],"amp_enabled":true,"_links":{"self":[{"href":"https:\/\/esreviral.com\/index.php?rest_route=\/wp\/v2\/posts\/7896"}],"collection":[{"href":"https:\/\/esreviral.com\/index.php?rest_route=\/wp\/v2\/posts"}],"about":[{"href":"https:\/\/esreviral.com\/index.php?rest_route=\/wp\/v2\/types\/post"}],"author":[{"embeddable":true,"href":"https:\/\/esreviral.com\/index.php?rest_route=\/wp\/v2\/users\/2"}],"replies":[{"embeddable":true,"href":"https:\/\/esreviral.com\/index.php?rest_route=%2Fwp%2Fv2%2Fcomments&post=7896"}],"version-history":[{"count":0,"href":"https:\/\/esreviral.com\/index.php?rest_route=\/wp\/v2\/posts\/7896\/revisions"}],"wp:featuredmedia":[{"embeddable":true,"href":"https:\/\/esreviral.com\/index.php?rest_route=\/"}],"wp:attachment":[{"href":"https:\/\/esreviral.com\/index.php?rest_route=%2Fwp%2Fv2%2Fmedia&parent=7896"}],"wp:term":[{"taxonomy":"category","embeddable":true,"href":"https:\/\/esreviral.com\/index.php?rest_route=%2Fwp%2Fv2%2Fcategories&post=7896"},{"taxonomy":"post_tag","embeddable":true,"href":"https:\/\/esreviral.com\/index.php?rest_route=%2Fwp%2Fv2%2Ftags&post=7896"}],"curies":[{"name":"wp","href":"https:\/\/api.w.org\/{rel}","templated":true}]}}