{"id":78900,"date":"2025-08-13T07:17:32","date_gmt":"2025-08-13T12:17:32","guid":{"rendered":"https:\/\/esreviral.com\/?p=78900"},"modified":"2025-08-13T07:43:57","modified_gmt":"2025-08-13T12:43:57","slug":"andrea-bocelli-agoto-en-dos-horas-las-entradas-para-su-historico-debut-en-el-teatro-colon","status":"publish","type":"post","link":"https:\/\/esreviral.com\/?p=78900","title":{"rendered":"Andrea Bocelli agot\u00f3 en dos horas las entradas para su hist\u00f3rico debut en el Teatro Col\u00f3n"},"content":{"rendered":"\n<p><strong>A pesar de los altos precios en las entradas que llegaban a casi un mill\u00f3n de pesos argentinos<\/strong>, los boletos para el concierto de Andrea Bocelli en el Teatro Col\u00f3n, el pr\u00f3ximo 17 de noviembre, <strong>se agotaron en apenas dos horas<\/strong>.<\/p>\n\n\n\n<p>Ser\u00e1 la primera vez que el tenor italiano se presente en el emblem\u00e1tico teatro porte\u00f1o, en un show \u00edntimo de m\u00fasica cl\u00e1sica acompa\u00f1ado por una orquesta en vivo. Hasta 800 mil pesos por entrada m\u00e1s el costo de servicio pod\u00eda costar una entrada, es decir, casi 800 d\u00f3lares lo que es igual a un salario m\u00ednimo en el pa\u00eds.<\/p>\n\n\n\n<p class=\"has-text-align-center\"><strong><a href=\"https:\/\/chat.whatsapp.com\/KWkTmakY3I05kNdd2oZl6d\"><em>\u00daNETE A NUESTRO GRUPO DE WHATSAPP PARA ESTAR INFORMADO<\/em><\/a><\/strong><\/p>\n\n\n\n<p class=\"has-text-align-center\"><\/p>\n\n\n<div class=\"wp-block-image\">\n<figure class=\"aligncenter size-large\"><img fetchpriority=\"high\" decoding=\"async\" width=\"777\" height=\"1024\" src=\"https:\/\/esreviral.com\/wp-content\/uploads\/2025\/08\/WhatsApp-Image-2025-08-12-at-9.39.53-PM-777x1024.jpeg\" alt=\"\" class=\"wp-image-78902\" srcset=\"https:\/\/esreviral.com\/wp-content\/uploads\/2025\/08\/WhatsApp-Image-2025-08-12-at-9.39.53-PM-777x1024.jpeg 777w, https:\/\/esreviral.com\/wp-content\/uploads\/2025\/08\/WhatsApp-Image-2025-08-12-at-9.39.53-PM-228x300.jpeg 228w, https:\/\/esreviral.com\/wp-content\/uploads\/2025\/08\/WhatsApp-Image-2025-08-12-at-9.39.53-PM-768x1012.jpeg 768w, https:\/\/esreviral.com\/wp-content\/uploads\/2025\/08\/WhatsApp-Image-2025-08-12-at-9.39.53-PM.jpeg 911w\" sizes=\"(max-width: 777px) 100vw, 777px\" \/><\/figure><\/div>\n\n\n<ul class=\"wp-block-list\">\n<li><\/li>\n\n\n\n<li><strong>Cazuela Centro:<\/strong> $520.000 + $78.000<\/li>\n\n\n\n<li><strong>Cazuela Lateral:<\/strong> $420.000 + $63.000<\/li>\n\n\n\n<li><strong>Cazuela de Pie:<\/strong> $190.000 + $28.500<\/li>\n\n\n\n<li><strong>Galer\u00eda 1\u00ba Lateral:<\/strong> $365.000 + $54.750<\/li>\n\n\n\n<li><strong>Galer\u00eda 2\u00ba Lateral:<\/strong> $150.000 + $22.500<\/li>\n\n\n\n<li><strong>Galer\u00eda Centro:<\/strong> $385.000 + $57.750<\/li>\n\n\n\n<li><strong>Palco Alto Centro:<\/strong> $755.000 + $113.250<\/li>\n\n\n\n<li><strong>Palco Bajo Lateral:<\/strong> $755.000 + $113.250<\/li>\n\n\n\n<li><strong>Palco Balc\u00f3n Centro:<\/strong> $800.000 + $120.000<\/li>\n\n\n\n<li><strong>Palco Balc\u00f3n Lateral:<\/strong> $755.000 + $113.250<\/li>\n\n\n\n<li><strong>Palco Cazuela:<\/strong> $450.000 + $67.500<\/li>\n\n\n\n<li><strong>Para\u00edso:<\/strong> $340.000 + $51.000<\/li>\n\n\n\n<li><strong>Para\u00edso de Pie:<\/strong> $190.000 + $28.500<\/li>\n\n\n\n<li><strong>Platea Balc\u00f3n:<\/strong> $775.000 + $116.250<\/li>\n\n\n\n<li><strong>Platea (filas 1 a 14):<\/strong> $765.000 + $114.750<\/li>\n\n\n\n<li><strong>Platea (filas 15 a 22):<\/strong> $740.000 + $111.000<\/li>\n\n\n\n<li><strong>Tertulia 1\u00ba Lateral:<\/strong> $405.000 + $60.750<\/li>\n\n\n\n<li><strong>Tertulia Centro:<\/strong> $420.000 + $63.000<\/li>\n\n\n\n<li><strong>Tertulia de Pie:<\/strong> $190.000 + $28.500<\/li>\n\n\n\n<li><strong>Tertulia 2\u00ba Lateral:<\/strong> $170.000 + $25.500<\/li>\n<\/ul>\n\n\n\n<p><\/p>\n\n\n\n<p>Las reacciones no se hicieron esperar: mientras muchos criticaron los elevados precios, otros defendieron al artista se\u00f1alando que \u00e9l no define las tarifas. El debate incluso se traslad\u00f3 a redes sociales, donde no faltaron los memes y comentarios ir\u00f3nicos.<\/p>\n\n\n\n<blockquote class=\"twitter-tweet\"><p lang=\"es\" dir=\"ltr\">Yo explic\u00e1ndole a mi novia que la Andrea en la que gaste 900 lucas es Andrea Bocelli <a href=\"https:\/\/t.co\/v0iNjbRrkE\">pic.twitter.com\/v0iNjbRrkE<\/a><\/p>&mdash; Ari\ud83d\udc10 (@Adjlr1992Leon) <a href=\"https:\/\/twitter.com\/Adjlr1992Leon\/status\/1955347416850264456?ref_src=twsrc%5Etfw\">August 12, 2025<\/a><\/blockquote> <script async src=\"https:\/\/platform.twitter.com\/widgets.js\" charset=\"utf-8\"><\/script>\n\n\n\n<hr class=\"wp-block-separator has-alpha-channel-opacity\"\/>\n\n\n\n<p><\/p>\n\n\n\n<blockquote class=\"twitter-tweet\"><p lang=\"es\" dir=\"ltr\">Pagan una entrada 400 lucas para ir a ver a Bad Bunny. Andrea Bocelli puede cobrar lo que quiera que es sumamente v\u00e1lido jajaja <a href=\"https:\/\/t.co\/8yQZt6ZE81\">https:\/\/t.co\/8yQZt6ZE81<\/a><\/p>&mdash; COPA ARGENTINA 2022 \ud83c\udfc6 (@GiancarloMinar8) <a href=\"https:\/\/twitter.com\/GiancarloMinar8\/status\/1955276370176553465?ref_src=twsrc%5Etfw\">August 12, 2025<\/a><\/blockquote> <script async src=\"https:\/\/platform.twitter.com\/widgets.js\" charset=\"utf-8\"><\/script>\n\n\n\n<h3 class=\"wp-block-heading\"><\/h3>\n\n\n\n<p class=\"has-text-align-center\"><strong><a href=\"https:\/\/chat.whatsapp.com\/KWkTmakY3I05kNdd2oZl6d\"><em>\u00daNETE A NUESTRO GRUPO DE WHATSAPP PARA ESTAR INFORMADO<\/em><\/a><\/strong><\/p>\n\n\n\n<p class=\"has-text-align-right\"><em style=\"\"><b>Con Informaci\u00f3n de pagina12.com.ar y <\/b><\/em><strong><em>lacapital.com.ar.-<\/em><\/strong><\/p>\n\n\n\n<p><\/p>\n","protected":false},"excerpt":{"rendered":"<p>El tenor italiano llegar\u00e1 a Buenos Aires el 17 de noviembre para presentarse por primera vez acompa\u00f1ado por una orquesta en vivo. Los tickets ya est\u00e1n disponibles y los precios var\u00edan seg\u00fan la ubicaci\u00f3n.<\/p>\n","protected":false},"author":3,"featured_media":78901,"comment_status":"closed","ping_status":"closed","sticky":false,"template":"","format":"standard","meta":{"jnews-multi-image_gallery":[],"jnews_single_post":{"format":"standard"},"jnews_primary_category":[],"jnews_social_meta":[],"jnews_review":[],"enable_review":"","type":"","name":"","summary":"","brand":"","sku":"","good":[],"bad":[],"score_override":"","override_value":"","rating":[],"price":[],"jnews_override_counter":[],"jnews_post_split":[],"footnotes":""},"categories":[50,1142],"tags":[13899,44,34578,1799,45,5713,13901],"class_list":["post-78900","post","type-post","status-publish","format-standard","has-post-thumbnail","hentry","category-entretenimiento","category-musica","tag-andrea-bocelli","tag-argentina","tag-concierto-intimo","tag-musica-clasica","tag-noticias","tag-teatro-colon","tag-tenor-italiano"],"amp_enabled":true,"_links":{"self":[{"href":"https:\/\/esreviral.com\/index.php?rest_route=\/wp\/v2\/posts\/78900"}],"collection":[{"href":"https:\/\/esreviral.com\/index.php?rest_route=\/wp\/v2\/posts"}],"about":[{"href":"https:\/\/esreviral.com\/index.php?rest_route=\/wp\/v2\/types\/post"}],"author":[{"embeddable":true,"href":"https:\/\/esreviral.com\/index.php?rest_route=\/wp\/v2\/users\/3"}],"replies":[{"embeddable":true,"href":"https:\/\/esreviral.com\/index.php?rest_route=%2Fwp%2Fv2%2Fcomments&post=78900"}],"version-history":[{"count":3,"href":"https:\/\/esreviral.com\/index.php?rest_route=\/wp\/v2\/posts\/78900\/revisions"}],"predecessor-version":[{"id":78910,"href":"https:\/\/esreviral.com\/index.php?rest_route=\/wp\/v2\/posts\/78900\/revisions\/78910"}],"wp:featuredmedia":[{"embeddable":true,"href":"https:\/\/esreviral.com\/index.php?rest_route=\/wp\/v2\/media\/78901"}],"wp:attachment":[{"href":"https:\/\/esreviral.com\/index.php?rest_route=%2Fwp%2Fv2%2Fmedia&parent=78900"}],"wp:term":[{"taxonomy":"category","embeddable":true,"href":"https:\/\/esreviral.com\/index.php?rest_route=%2Fwp%2Fv2%2Fcategories&post=78900"},{"taxonomy":"post_tag","embeddable":true,"href":"https:\/\/esreviral.com\/index.php?rest_route=%2Fwp%2Fv2%2Ftags&post=78900"}],"curies":[{"name":"wp","href":"https:\/\/api.w.org\/{rel}","templated":true}]}}