{"id":789,"date":"2020-10-21T22:19:12","date_gmt":"2020-10-21T22:19:12","guid":{"rendered":"http:\/\/esreviral.com\/?p=789"},"modified":"2020-10-21T22:19:12","modified_gmt":"2020-10-21T22:19:12","slug":"solo-17-de-los-mas-de-300-varados-fueron-los-que-repatriaron-hacia-venezuela","status":"publish","type":"post","link":"https:\/\/esreviral.com\/?p=789","title":{"rendered":"S\u00f3lo 17 de los m\u00e1s de 300 varados, fueron los que repatriaron hacia Venezuela"},"content":{"rendered":"\n<figure class=\"wp-block-embed-youtube wp-block-embed is-type-video is-provider-youtube wp-embed-aspect-16-9 wp-has-aspect-ratio\"><div class=\"wp-block-embed__wrapper\">\n<div class=\"jeg_video_container jeg_video_content\"><iframe title=\"&quot;Nos enga\u00f1aron. Queremos un vuelo de repatriaci\u00f3n sin exclusi\u00f3n&quot;: venezolanos varados en Argentina\" width=\"500\" height=\"281\" src=\"https:\/\/www.youtube.com\/embed\/9gJXKCrYRvA?feature=oembed\" frameborder=\"0\" allow=\"accelerometer; autoplay; clipboard-write; encrypted-media; gyroscope; picture-in-picture; web-share\" referrerpolicy=\"strict-origin-when-cross-origin\" allowfullscreen><\/iframe><\/div>\n<\/div><\/figure>\n\n\n\n<p><strong><em>CIS.-<\/em><\/strong> Nuevamente, los venezolanos varados en Argentina fueron hasta la sede de la embajada para reclamar un vuelo de repatriaci\u00f3n sin exclusi\u00f3n. De los m\u00e1s de 300 que estaban en las listas, escogieron a 21 pero algunos no pudieron por presentar positivos para coronavirus, por lo que tan s\u00f3lo 17 abordaron e avi\u00f3n hacia Venezuela. <\/p>\n\n\n\n<p>M\u00e1s de 80 de este grupo que se qued\u00f3 son personas de la tercera edad con patolog\u00edas graves, asegur\u00f3 M\u00e9rida Mora, una de las personas que qued\u00f3 y que afirma estar \u00abdecepcionada y traicionada por Johana Fajardo, quien era la vocera pero se anot\u00f3 ella de primera junto a su grupo y se fueron sin importarle los viejitos, a\u00fan y cuando ella y su grupo, son j\u00f3venes y ten\u00edan trabajo aqu\u00ed\u00bb. <\/p>\n\n\n\n<figure class=\"wp-block-image size-large\"><img decoding=\"async\" src=\"http:\/\/esreviral.com\/wp-content\/uploads\/2020\/10\/20201021_103737-1024x768.jpg\" alt=\"\" class=\"wp-image-794\"\/><\/figure>\n\n\n\n<p>Record\u00f3 que les prometieron prioridad para las personas de la tercera edad, vulnerables, embarazadas y con ni\u00f1os, cada persona puso su patolog\u00eda, hay casos de emergencia que debieron irse ayer. <\/p>\n\n\n\n<p>\u00abTenemos ocho meses varados en Argentina, en nuestro grupo hay personas muy vulnerables. Nos sentimos muy vulnerables\u00bb, afirm\u00f3 Milena Conde.<\/p>\n\n\n\n<p>\u00abMientras no abran el espacio a\u00e9reo, nuestra opci\u00f3n es venir a la embajada y pedir que nos den m\u00e1s vuelos. El criterio de selecci\u00f3n tambi\u00e9n nos deja mucho que pensar\u00bb, explic\u00f3. <\/p>\n\n\n\n<figure class=\"wp-block-image size-large\"><img decoding=\"async\" src=\"http:\/\/esreviral.com\/wp-content\/uploads\/2020\/10\/20201021_110513-1024x576.jpg\" alt=\"\" class=\"wp-image-795\"\/><\/figure>\n\n\n\n<p><strong><span style=\"background-color:#9a1b22\" class=\"td_text_highlight_marker\">Tristeza, depresi\u00f3n y discriminaci\u00f3n<\/span><\/strong> <\/p>\n\n\n\n<p>\u00abEstoy en una situaci\u00f3n muy vulnerable, desde noviembre estoy sin trabajo, tengo un beb\u00e9 de cuatro a\u00f1os que sufre de autismo y quiero regresar a mi pa\u00eds pero en la situaci\u00f3n que estoy, necesito que mi gobierno me lleve a mi pa\u00eds\u00bb, expres\u00f3 en medio de l\u00e1grimas, Sorley Gallo, quien se alimenta y sobrevive gracias a las donaciones que recibe. <\/p>\n\n\n\n<p>\u00abHay d\u00edas que no son tan claros sino grises. Me vine buscando una mejor situaci\u00f3n para mi hijo pero lo que he conseguido es tristeza, depresi\u00f3n, discriminaci\u00f3n porque a la se\u00f1ora que le trabajaba no me trataba bien pero aguantaba con mi hijo&#8230; a veces quer\u00eda salir corriendo\u00bb, narr\u00f3 en la protesta. <\/p>\n\n\n\n<p>Finalmente hicieron una nueva lista y entr\u00f3 un grupo a quienes les informaron en la embajada que el 30 de octubre habr\u00e1 un nuevo vuelo pero que deb\u00edan pasar una lista depurada porque en el primer vuelo hubo 16 asientos vac\u00edos y en el de ayer 10 porque hubo personas sin dinero, sin salvoconducto o con el pasaporte vencido. <\/p>\n\n\n\n<p>Les indicaron que deben tener los 70 d\u00f3lares para las tasas aeroportuarias, una foto 5&#215;5 para el salvoconducto, que se saca en la embajada y adem\u00e1s el dinero para la prueba PCR. <\/p>\n\n\n\n<p><\/p>\n\n\n\n<p><\/p>\n","protected":false},"excerpt":{"rendered":"<p>CIS.- Nuevamente, los venezolanos varados en Argentina fueron hasta la sede de la embajada para reclamar un vuelo de repatriaci\u00f3n sin exclusi\u00f3n. De los m\u00e1s de 300 que estaban en las listas, escogieron a 21 pero algunos no pudieron por presentar positivos para coronavirus, por lo que tan s\u00f3lo 17 abordaron e avi\u00f3n hacia Venezuela. [&hellip;]<\/p>\n","protected":false},"author":2,"featured_media":796,"comment_status":"open","ping_status":"open","sticky":false,"template":"","format":"standard","meta":{"jnews-multi-image_gallery":[],"jnews_single_post":[],"jnews_primary_category":[],"jnews_social_meta":[],"jnews_review":[],"enable_review":"","type":"","name":"","summary":"","brand":"","sku":"","good":[],"bad":[],"score_override":"","override_value":"","rating":[],"price":[],"jnews_override_counter":[],"jnews_post_split":[],"footnotes":""},"categories":[54],"tags":[45,67,71],"class_list":["post-789","post","type-post","status-publish","format-standard","has-post-thumbnail","hentry","category-inmigracion","tag-noticias","tag-venezolanos-en-argentina","tag-venezolanos-varados"],"amp_enabled":true,"_links":{"self":[{"href":"https:\/\/esreviral.com\/index.php?rest_route=\/wp\/v2\/posts\/789"}],"collection":[{"href":"https:\/\/esreviral.com\/index.php?rest_route=\/wp\/v2\/posts"}],"about":[{"href":"https:\/\/esreviral.com\/index.php?rest_route=\/wp\/v2\/types\/post"}],"author":[{"embeddable":true,"href":"https:\/\/esreviral.com\/index.php?rest_route=\/wp\/v2\/users\/2"}],"replies":[{"embeddable":true,"href":"https:\/\/esreviral.com\/index.php?rest_route=%2Fwp%2Fv2%2Fcomments&post=789"}],"version-history":[{"count":0,"href":"https:\/\/esreviral.com\/index.php?rest_route=\/wp\/v2\/posts\/789\/revisions"}],"wp:featuredmedia":[{"embeddable":true,"href":"https:\/\/esreviral.com\/index.php?rest_route=\/"}],"wp:attachment":[{"href":"https:\/\/esreviral.com\/index.php?rest_route=%2Fwp%2Fv2%2Fmedia&parent=789"}],"wp:term":[{"taxonomy":"category","embeddable":true,"href":"https:\/\/esreviral.com\/index.php?rest_route=%2Fwp%2Fv2%2Fcategories&post=789"},{"taxonomy":"post_tag","embeddable":true,"href":"https:\/\/esreviral.com\/index.php?rest_route=%2Fwp%2Fv2%2Ftags&post=789"}],"curies":[{"name":"wp","href":"https:\/\/api.w.org\/{rel}","templated":true}]}}