{"id":7886,"date":"2021-06-28T09:46:50","date_gmt":"2021-06-28T12:46:50","guid":{"rendered":"http:\/\/esreviral.com\/?p=7886"},"modified":"2021-06-28T09:46:50","modified_gmt":"2021-06-28T12:46:50","slug":"hallan-cadaveres-de-dos-venezolanos-entre-los-escombros-del-edificio-colapsado-en-miami","status":"publish","type":"post","link":"https:\/\/esreviral.com\/?p=7886","title":{"rendered":"Hallan cad\u00e1veres de dos venezolanos entre los escombros del edificio colapsado en Miami (+FOTOS)"},"content":{"rendered":"\n<p>Este domingo hallaron los cad\u00e1veres de dos de los venezolanos desaparecidos en el derrumbe de un edificio de apartamentos en Miami-Dade, Florida, inform\u00f3 Brian Fincheltub, director de Asuntos Consulares de la Embajada de Venezuela en Estados Unidos.<\/p>\n\n\n\n<p>\u00abNadie nos prepara para tragedias y noticias tan duras\u2026 QEPD Le\u00f3n Oliwkowicz y Cristina Beatriz Elvira. Nuestras profundas condolencias y apoyo para sus familiares y amigos\u00bb, expres\u00f3 en&nbsp;<a href=\"https:\/\/twitter.com\/BrianFincheltub\/status\/1409328871539892226\">Twitter<\/a>.<\/p>\n\n\n\n<p>De esta manera, el n\u00famero de v\u00edctimas mortales del derrumbe aument\u00f3 de 9 a 11, mientras la cifra de desaparecidos est\u00e1 alrededor de los 150, sin que este n\u00famero haya sido precisado.<\/p>\n\n\n\n<figure class=\"wp-block-image size-large\"><img decoding=\"async\" src=\"https:\/\/esreviral.com\/wp-content\/uploads\/2021\/06\/2582c22e0d81409274e2abae137817b594052580w-1024x682.jpg\" alt=\"\" class=\"wp-image-7888\"\/><figcaption>Ya son 11 los cad\u00e1veres hallados, entre ellos los de dos venezolanos<\/figcaption><\/figure>\n\n\n\n<p>Solo seis de los fallecidos han sido identificados, incluyendo a los venezolanos: Stacie Dawn Fang, de 54 a\u00f1os de edad; Antonio Lozano, de 83 a\u00f1os; Gladys Lozano, de 79 a\u00f1os, y Manuel Lafont, de 54 a\u00f1os.<\/p>\n\n\n\n<div class=\"wp-block-image\"><figure class=\"alignright size-large is-resized\"><img fetchpriority=\"high\" decoding=\"async\" src=\"https:\/\/esreviral.com\/wp-content\/uploads\/2021\/06\/WhatsApp-Image-2021-06-28-at-09.36.20-1.jpeg\" alt=\"\" class=\"wp-image-7891\" width=\"367\" height=\"446\"\/><figcaption>Leon Oliwkowicz, 80 a\u00f1os de edad<\/figcaption><\/figure><\/div>\n\n\n\n<figure class=\"wp-block-image size-large is-resized\"><img decoding=\"async\" src=\"https:\/\/esreviral.com\/wp-content\/uploads\/2021\/06\/WhatsApp-Image-2021-06-28-at-09.36.20.jpeg\" alt=\"\" class=\"wp-image-7892\" width=\"378\" height=\"448\"\/><figcaption>Cristina Beatriz Elvira, 74 a\u00f1os de edad<\/figcaption><\/figure>\n\n\n\n<p>Los dos primeros se encontraban en el apartamento 903 del edificio Champlain Towers en el momento del derrumbe parcial, mientras que Lafont estaba en el 801, inform\u00f3 el Departamento de Polic\u00eda de Miami-Dade en Twitter.<\/p>\n\n\n\n<p><strong><span style=\"background-color:#9a1b22\" class=\"td_text_highlight_marker\">Labores de identificaci\u00f3n<\/span><\/strong><\/p>\n\n\n\n<p>En la conferencia de prensa, el gobernador de Florida, Ron DeSantis, dijo que el enfoque principal sigue siendo la b\u00fasqueda de sobrevivientes, y que habr\u00e1 tiempo para determinar qu\u00e9 pas\u00f3 exactamente.<\/p>\n\n\n\n<p>\u00abEstamos abriendo una zanja de 125 pies de largo (38 metros) y 40 pies (12 metros) de profundidad. Debido a esta trinchera pudimos encontrar a cuatro v\u00edctimas, una falleci\u00f3 en el hospital\u00bb, se\u00f1al\u00f3 la alcaldesa.<\/p>\n\n\n\n<p class=\"has-text-align-right\"><strong><em>El Nacional.-<\/em><\/strong><\/p>\n\n\n\n<figure class=\"wp-block-image size-large\"><img decoding=\"async\" src=\"https:\/\/esreviral.com\/wp-content\/uploads\/2021\/06\/60cefe42402ae2a4109edafea28298da2f4706a8w-1024x690.jpg\" alt=\"\" class=\"wp-image-7889\"\/><figcaption>Las labores de rescate se mantienen para conseguir sobrevivientes<\/figcaption><\/figure>\n","protected":false},"excerpt":{"rendered":"<p>Este domingo hallaron los cad\u00e1veres de dos de los venezolanos desaparecidos en el derrumbe de un edificio de apartamentos en Miami-Dade, Florida, inform\u00f3 Brian Fincheltub, director de Asuntos Consulares de la Embajada de Venezuela en Estados Unidos. \u00abNadie nos prepara para tragedias y noticias tan duras\u2026 QEPD Le\u00f3n Oliwkowicz y Cristina Beatriz Elvira. Nuestras profundas [&hellip;]<\/p>\n","protected":false},"author":2,"featured_media":7887,"comment_status":"open","ping_status":"open","sticky":false,"template":"","format":"standard","meta":{"jnews-multi-image_gallery":[],"jnews_single_post":[],"jnews_primary_category":[],"jnews_social_meta":[],"jnews_review":[],"enable_review":"","type":"","name":"","summary":"","brand":"","sku":"","good":[],"bad":[],"score_override":"","override_value":"","rating":[],"price":[],"jnews_override_counter":[],"jnews_post_split":[],"footnotes":""},"categories":[88],"tags":[919,745,45,782],"class_list":["post-7886","post","type-post","status-publish","format-standard","has-post-thumbnail","hentry","category-internacionales","tag-derrumbe","tag-miami","tag-noticias","tag-venezolanos-en-miami"],"amp_enabled":true,"_links":{"self":[{"href":"https:\/\/esreviral.com\/index.php?rest_route=\/wp\/v2\/posts\/7886"}],"collection":[{"href":"https:\/\/esreviral.com\/index.php?rest_route=\/wp\/v2\/posts"}],"about":[{"href":"https:\/\/esreviral.com\/index.php?rest_route=\/wp\/v2\/types\/post"}],"author":[{"embeddable":true,"href":"https:\/\/esreviral.com\/index.php?rest_route=\/wp\/v2\/users\/2"}],"replies":[{"embeddable":true,"href":"https:\/\/esreviral.com\/index.php?rest_route=%2Fwp%2Fv2%2Fcomments&post=7886"}],"version-history":[{"count":0,"href":"https:\/\/esreviral.com\/index.php?rest_route=\/wp\/v2\/posts\/7886\/revisions"}],"wp:featuredmedia":[{"embeddable":true,"href":"https:\/\/esreviral.com\/index.php?rest_route=\/"}],"wp:attachment":[{"href":"https:\/\/esreviral.com\/index.php?rest_route=%2Fwp%2Fv2%2Fmedia&parent=7886"}],"wp:term":[{"taxonomy":"category","embeddable":true,"href":"https:\/\/esreviral.com\/index.php?rest_route=%2Fwp%2Fv2%2Fcategories&post=7886"},{"taxonomy":"post_tag","embeddable":true,"href":"https:\/\/esreviral.com\/index.php?rest_route=%2Fwp%2Fv2%2Ftags&post=7886"}],"curies":[{"name":"wp","href":"https:\/\/api.w.org\/{rel}","templated":true}]}}