{"id":78745,"date":"2025-08-11T07:36:58","date_gmt":"2025-08-11T12:36:58","guid":{"rendered":"https:\/\/esreviral.com\/?p=78745"},"modified":"2025-08-11T07:36:59","modified_gmt":"2025-08-11T12:36:59","slug":"cierran-por-tres-meses-una-estacion-de-la-linea-d-del-subte-por-obras-de-renovacion","status":"publish","type":"post","link":"https:\/\/esreviral.com\/?p=78745","title":{"rendered":"Cierran por tres meses una estaci\u00f3n de la l\u00ednea D del subte por obras de renovaci\u00f3n"},"content":{"rendered":"\n<p><strong>Desde hoy, la estaci\u00f3n Plaza Italia de la L\u00ednea D del subte permanecer\u00e1 cerrada hasta mediados de noviembre.<\/strong> El cierre forma parte del Plan de Renovaci\u00f3n Integral de Estaciones que impulsa Subterr\u00e1neos de Buenos Aires S.E. (SBASE), con el objetivo de modernizar la infraestructura y mejorar la experiencia de los miles de pasajeros que utilizan el servicio a diario.<\/p>\n\n\n\n<p>Durante los pr\u00f3ximos tres meses, la estaci\u00f3n ser\u00e1 sometida a una obra completa que incluir\u00e1 impermeabilizaci\u00f3n de estructuras, renovaci\u00f3n de revestimientos y cielorrasos, recambio de pisos y escaleras, instalaci\u00f3n de iluminaci\u00f3n LED y actualizaci\u00f3n de la se\u00f1al\u00e9tica \u2014con incorporaci\u00f3n de se\u00f1alizaci\u00f3n en braille en pasamanos y accesos\u2014. Tambi\u00e9n se sumar\u00e1 nuevo mobiliario en los andenes, como bancos, cestos y apoyos isqui\u00e1ticos.<\/p>\n\n\n\n<p class=\"has-text-align-center\"><strong><a href=\"https:\/\/chat.whatsapp.com\/KWkTmakY3I05kNdd2oZl6d\"><em>\u00daNETE A NUESTRO GRUPO DE WHATSAPP PARA ESTAR INFORMADO<\/em><\/a><\/strong><\/p>\n\n\n\n<h3 class=\"wp-block-heading\"><strong><mark style=\"background-color:rgba(0, 0, 0, 0)\" class=\"has-inline-color has-vivid-red-color\">El foco en la impermeabilizaci\u00f3n y el patrimonio<\/mark><\/strong><\/h3>\n\n\n\n<p>Uno de los trabajos clave ser\u00e1 la impermeabilizaci\u00f3n, para lo cual se emplear\u00e1n t\u00e9cnicas de inyecci\u00f3n, tratamiento de juntas y materiales de \u00faltima generaci\u00f3n que prevengan filtraciones. El nuevo cielorraso estar\u00e1 revestido con aluzinc, un material pensado para contener el ingreso de agua en el futuro.<\/p>\n\n\n\n<p>La obra tambi\u00e9n tendr\u00e1 un fuerte componente de puesta en valor patrimonial: se restaurar\u00e1n los ocho murales hist\u00f3ricos de los vest\u00edbulos y andenes, as\u00ed como las tradicionales may\u00f3licas, todo bajo la supervisi\u00f3n de especialistas.<\/p>\n\n\n\n<p>Las mejoras alcanzar\u00e1n accesos, galer\u00edas de escaleras (mec\u00e1nicas y peatonales), vest\u00edbulos y andenes, con el objetivo de ampliar la comodidad, optimizar la circulaci\u00f3n y elevar los niveles de iluminaci\u00f3n en todos los sectores.<\/p>\n\n\n\n<figure class=\"wp-block-image size-large\"><img decoding=\"async\" src=\"https:\/\/tn.com.ar\/resizer\/v2\/cierran-plaza-italia-por-tres-meses-como-sera-la-renovacion-integral-de-la-linea-d-foto-gobierno-de-la-ciudad-LOSK6SS36JF4HI7HIHNM47YHSE.jpg?auth=826c130c7d37ddfec7ea820f612443dcec05f84528a855b2edb08be3f5b64979&amp;width=1440\" alt=\"\"\/><\/figure>\n\n\n\n<h3 class=\"wp-block-heading\"><strong><mark style=\"background-color:rgba(0, 0, 0, 0)\" class=\"has-inline-color has-vivid-red-color\">Estaciones ya renovadas y pr\u00f3ximas intervenciones<\/mark><\/strong><\/h3>\n\n\n\n<p>Con este cierre, Plaza Italia se suma a otras estaciones de la L\u00ednea D ya modernizadas, como Bulnes, Facultad de Medicina, Scalabrini Ortiz y Palermo. Estas obras han permitido mejorar la seguridad, la accesibilidad y la calidad de las instalaciones.<\/p>\n\n\n\n<p>El plan tambi\u00e9n incluy\u00f3 estaciones de otras l\u00edneas: Castro Barros, Lima y Acoyte (L\u00ednea A); Pueyrred\u00f3n y Pasteur-AMIA (L\u00ednea B); San Mart\u00edn (L\u00ednea C); Jujuy (L\u00ednea E); y trece paradores del Premetro, entre ellos Ana Mar\u00eda Janer, Cecilia Grierson, Mariano Acosta y Parque de la Ciudad.<\/p>\n\n\n\n<p>Las pr\u00f3ximas obras est\u00e1n previstas en Loria, R\u00edo de Janeiro, Piedras y Congreso (L\u00ednea A); Uruguay, Carlos Gardel y Malabia (L\u00ednea B); Tribunales y Ag\u00fcero (L\u00ednea D). Adem\u00e1s, avanzan licitaciones para renovar Medrano y \u00c1ngel Gallardo (L\u00ednea B), Lavalle e Independencia (L\u00ednea C), y General Urquiza y Entre R\u00edos (L\u00ednea E).<\/p>\n\n\n\n<h3 class=\"wp-block-heading\"><strong><mark style=\"background-color:rgba(0, 0, 0, 0)\" class=\"has-inline-color has-vivid-red-color\">Modernizaci\u00f3n con preservaci\u00f3n hist\u00f3rica<\/mark><\/strong><\/h3>\n\n\n\n<p>SBASE busca mantener y mejorar la infraestructura del subte porte\u00f1o con obras que impacten directamente en la accesibilidad, seguridad y calidad de los espacios. Adem\u00e1s de incorporar tecnolog\u00eda y materiales actuales, el plan prioriza la conservaci\u00f3n y restauraci\u00f3n del patrimonio arquitect\u00f3nico y art\u00edstico de las estaciones.<\/p>\n\n\n\n<p>El objetivo es claro: ofrecer una mejor experiencia de viaje y consolidar al subte como un medio de transporte esencial para la Ciudad de Buenos Aires.<\/p>\n\n\n\n<p class=\"has-text-align-center\"><em><strong><em><strong><em><strong><em><strong><a href=\"https:\/\/t.me\/esreviral\">\u00daNETE A NUESTRO CANAL DE TELEGRAM PARA ESTAR INFORMADO<\/a><\/strong><\/em><\/strong><\/em><\/strong><\/em><\/strong><\/em><\/p>\n\n\n\n<p class=\"has-text-align-right\"><strong><em>Con Informaci\u00f3n de TN.-<\/em><\/strong><\/p>\n","protected":false},"excerpt":{"rendered":"<p>La parada del subterr\u00e1neo estar\u00e1 fuera de servicio hasta noviembre por obras que buscan modernizarla y preservar su patrimonio hist\u00f3rico.<\/p>\n","protected":false},"author":3,"featured_media":64481,"comment_status":"closed","ping_status":"closed","sticky":false,"template":"","format":"standard","meta":{"jnews-multi-image_gallery":[],"jnews_single_post":{"format":"standard"},"jnews_primary_category":[],"jnews_social_meta":[],"jnews_review":[],"enable_review":"","type":"","name":"","summary":"","brand":"","sku":"","good":[],"bad":[],"score_override":"","override_value":"","rating":[],"price":[],"jnews_override_counter":[],"jnews_post_split":[],"footnotes":""},"categories":[58],"tags":[44,34455,3910,45,34454,290,5273],"class_list":["post-78745","post","type-post","status-publish","format-standard","has-post-thumbnail","hentry","category-argentina","tag-argentina","tag-estacion","tag-linea-d","tag-noticias","tag-plaza-italia","tag-subte","tag-transporte-publico-2"],"amp_enabled":true,"_links":{"self":[{"href":"https:\/\/esreviral.com\/index.php?rest_route=\/wp\/v2\/posts\/78745"}],"collection":[{"href":"https:\/\/esreviral.com\/index.php?rest_route=\/wp\/v2\/posts"}],"about":[{"href":"https:\/\/esreviral.com\/index.php?rest_route=\/wp\/v2\/types\/post"}],"author":[{"embeddable":true,"href":"https:\/\/esreviral.com\/index.php?rest_route=\/wp\/v2\/users\/3"}],"replies":[{"embeddable":true,"href":"https:\/\/esreviral.com\/index.php?rest_route=%2Fwp%2Fv2%2Fcomments&post=78745"}],"version-history":[{"count":1,"href":"https:\/\/esreviral.com\/index.php?rest_route=\/wp\/v2\/posts\/78745\/revisions"}],"predecessor-version":[{"id":78746,"href":"https:\/\/esreviral.com\/index.php?rest_route=\/wp\/v2\/posts\/78745\/revisions\/78746"}],"wp:featuredmedia":[{"embeddable":true,"href":"https:\/\/esreviral.com\/index.php?rest_route=\/wp\/v2\/media\/64481"}],"wp:attachment":[{"href":"https:\/\/esreviral.com\/index.php?rest_route=%2Fwp%2Fv2%2Fmedia&parent=78745"}],"wp:term":[{"taxonomy":"category","embeddable":true,"href":"https:\/\/esreviral.com\/index.php?rest_route=%2Fwp%2Fv2%2Fcategories&post=78745"},{"taxonomy":"post_tag","embeddable":true,"href":"https:\/\/esreviral.com\/index.php?rest_route=%2Fwp%2Fv2%2Ftags&post=78745"}],"curies":[{"name":"wp","href":"https:\/\/api.w.org\/{rel}","templated":true}]}}