{"id":78443,"date":"2025-08-04T14:42:46","date_gmt":"2025-08-04T19:42:46","guid":{"rendered":"https:\/\/esreviral.com\/?p=78443"},"modified":"2025-08-04T14:42:48","modified_gmt":"2025-08-04T19:42:48","slug":"no-todos-descansan-el-dato-clave-sobre-el-proximo-fin-de-semana-largo","status":"publish","type":"post","link":"https:\/\/esreviral.com\/?p=78443","title":{"rendered":"No todos descansan: el dato clave sobre el pr\u00f3ximo fin de semana largo"},"content":{"rendered":"\n<p>El feriado en homenaje al General Jos\u00e9 de San Mart\u00edn cae el domingo 17 de agosto en 2025. Como no se traslada,<strong> no genera un fin de semana largo por s\u00ed solo.<\/strong> Sin embargo, el Gobierno decidi\u00f3 sumar un puente tur\u00edstico el viernes 15, con la esperanza de que miles de argentinos y venezolanos puedan aprovechar un descanso extra.<\/p>\n\n\n\n<p>Pero atenci\u00f3n: <strong>el viernes 15 de agosto ser\u00e1 un d\u00eda no laborable<\/strong>, no un feriado. Esto significa que <strong>queda a decisi\u00f3n de cada empleador otorgarlo o no<\/strong>. En cambio, <strong>el domingo 17 s\u00ed es feriado nacional<\/strong>, aunque solo lo disfrutar\u00e1n quienes trabajan ese d\u00eda.<\/p>\n\n\n\n<p class=\"has-text-align-center\"><strong><a href=\"https:\/\/chat.whatsapp.com\/KWkTmakY3I05kNdd2oZl6d\"><em>\u00daNETE A NUESTRO GRUPO DE WHATSAPP PARA ESTAR INFORMADO<\/em><\/a><\/strong><\/p>\n\n\n\n<h3 class=\"wp-block-heading\"><strong><mark style=\"background-color:rgba(0, 0, 0, 0)\" class=\"has-inline-color has-vivid-red-color\">Qu\u00e9 dice la ley sobre feriados y d\u00edas no laborables<\/mark><\/strong><\/h3>\n\n\n\n<p>La ley 27.399 permite al Ejecutivo fijar hasta tres d\u00edas no laborables por a\u00f1o con fines tur\u00edsticos, siempre que caigan lunes o viernes. En 2025, uno de los elegidos fue el viernes 15 de agosto. Por su parte, los feriados nacionales solo se trasladan si caen martes, mi\u00e9rcoles, jueves o viernes. Como el 17 cae domingo, <strong>no se mueve<\/strong>.<\/p>\n\n\n\n<h3 class=\"wp-block-heading\"><strong><mark style=\"background-color:rgba(0, 0, 0, 0)\" class=\"has-inline-color has-vivid-red-color\">\u00bfC\u00f3mo se paga cada d\u00eda?<\/mark><\/strong><\/h3>\n\n\n\n<p>La Ley de Contrato de Trabajo (20.744) establece diferencias clave:<\/p>\n\n\n\n<ul class=\"wp-block-list\">\n<li><strong>Feriado nacional (domingo 17):<\/strong> si trabaj\u00e1s, cobr\u00e1s el doble.<\/li>\n\n\n\n<li><strong>D\u00eda no laborable (viernes 15):<\/strong> el empleador decide si se trabaja o no. Si se trabaja, el pago es normal.<\/li>\n<\/ul>\n\n\n\n<h3 class=\"wp-block-heading\"><strong><mark style=\"background-color:rgba(0, 0, 0, 0)\" class=\"has-inline-color has-vivid-red-color\">\u00bfQui\u00e9nes disfrutar\u00e1n el finde largo?<\/mark><\/strong><\/h3>\n\n\n\n<p>Solo quienes no trabajen los domingos y tengan el viernes 15 libre podr\u00e1n aprovechar un verdadero fin de semana XXL. Para el resto, el feriado de San Mart\u00edn ser\u00e1 uno m\u00e1s, sin impacto en su rutina laboral.<\/p>\n\n\n\n<p class=\"has-text-align-center\"><strong><a href=\"https:\/\/chat.whatsapp.com\/KWkTmakY3I05kNdd2oZl6d\"><em>\u00daNETE A NUESTRO GRUPO DE WHATSAPP PARA ESTAR INFORMADO<\/em><\/a><\/strong><\/p>\n","protected":false},"excerpt":{"rendered":"<p>El Gobierno dispuso un d\u00eda no laborable para armar un fin de semana largo, pero no todos tendr\u00e1n descanso: qu\u00e9 dice la ley y c\u00f3mo se paga.<\/p>\n","protected":false},"author":3,"featured_media":73116,"comment_status":"closed","ping_status":"closed","sticky":false,"template":"","format":"standard","meta":{"jnews-multi-image_gallery":[],"jnews_single_post":{"format":"standard"},"jnews_primary_category":[],"jnews_social_meta":[],"jnews_review":[],"enable_review":"","type":"","name":"","summary":"","brand":"","sku":"","good":[],"bad":[],"score_override":"","override_value":"","rating":[],"price":[],"jnews_override_counter":[],"jnews_post_split":[],"footnotes":""},"categories":[58],"tags":[44,836,4611,45],"class_list":["post-78443","post","type-post","status-publish","format-standard","has-post-thumbnail","hentry","category-argentina","tag-argentina","tag-feriado","tag-fin-de-semana-largo","tag-noticias"],"amp_enabled":true,"_links":{"self":[{"href":"https:\/\/esreviral.com\/index.php?rest_route=\/wp\/v2\/posts\/78443"}],"collection":[{"href":"https:\/\/esreviral.com\/index.php?rest_route=\/wp\/v2\/posts"}],"about":[{"href":"https:\/\/esreviral.com\/index.php?rest_route=\/wp\/v2\/types\/post"}],"author":[{"embeddable":true,"href":"https:\/\/esreviral.com\/index.php?rest_route=\/wp\/v2\/users\/3"}],"replies":[{"embeddable":true,"href":"https:\/\/esreviral.com\/index.php?rest_route=%2Fwp%2Fv2%2Fcomments&post=78443"}],"version-history":[{"count":1,"href":"https:\/\/esreviral.com\/index.php?rest_route=\/wp\/v2\/posts\/78443\/revisions"}],"predecessor-version":[{"id":78444,"href":"https:\/\/esreviral.com\/index.php?rest_route=\/wp\/v2\/posts\/78443\/revisions\/78444"}],"wp:featuredmedia":[{"embeddable":true,"href":"https:\/\/esreviral.com\/index.php?rest_route=\/wp\/v2\/media\/73116"}],"wp:attachment":[{"href":"https:\/\/esreviral.com\/index.php?rest_route=%2Fwp%2Fv2%2Fmedia&parent=78443"}],"wp:term":[{"taxonomy":"category","embeddable":true,"href":"https:\/\/esreviral.com\/index.php?rest_route=%2Fwp%2Fv2%2Fcategories&post=78443"},{"taxonomy":"post_tag","embeddable":true,"href":"https:\/\/esreviral.com\/index.php?rest_route=%2Fwp%2Fv2%2Ftags&post=78443"}],"curies":[{"name":"wp","href":"https:\/\/api.w.org\/{rel}","templated":true}]}}