{"id":78439,"date":"2025-08-04T15:06:31","date_gmt":"2025-08-04T20:06:31","guid":{"rendered":"https:\/\/esreviral.com\/?p=78439"},"modified":"2025-08-04T15:39:37","modified_gmt":"2025-08-04T20:39:37","slug":"percusionista-venezolano-impulsa-la-resistencia-salsera-desde-buenos-aires","status":"publish","type":"post","link":"https:\/\/esreviral.com\/?p=78439","title":{"rendered":"Percusionista venezolano impulsa la resistencia salsera desde Buenos Aires"},"content":{"rendered":"\n<p><strong><em>KQA.-<\/em><\/strong> Desde su infancia en el ic\u00f3nico barrio de Catia, en Caracas, Venezuela, <strong>Gerson Aranda <\/strong>estuvo rodeado de ritmo y tradici\u00f3n. Hijo de Pedro Aranda, fundador del legendario Sonero Cl\u00e1sico del Caribe, el percusionista creci\u00f3 entre tumbadoras, cumplea\u00f1os familiares musicalizados y visitas de grandes soneros. \u00ab<strong><em>Mi pap\u00e1 llevaba al grupo a la casa cuando celebraban mi cumplea\u00f1os. Ah\u00ed empez\u00f3 todo para m\u00ed<\/em><\/strong>\u00ab, record\u00f3.<\/p>\n\n\n\n<p>A los 13 a\u00f1os de edad ya tocaba profesionalmente gracias a su talento nato y a la gu\u00eda de su amigo Ren\u00e9 Zambrano, quien lo llev\u00f3 a la escuela de percusi\u00f3n del Taller de Sarria, donde fue aceptado por el maestro Orlando Poleo. Desde entonces, la m\u00fasica se convirti\u00f3 no solo en su vocaci\u00f3n sino en su bandera.<\/p>\n\n\n\n<p class=\"has-text-align-center\"><strong><a href=\"https:\/\/chat.whatsapp.com\/KWkTmakY3I05kNdd2oZl6d\"><em>\u00daNETE A NUESTRO GRUPO DE WHATSAPP PARA ESTAR INFORMADO<\/em><\/a><\/strong><\/p>\n\n\n\n<h3 class=\"wp-block-heading\"><strong><mark style=\"background-color:rgba(0, 0, 0, 0)\" class=\"has-inline-color has-vivid-red-color\">Un camino entre leyendas<\/mark><\/strong><\/h3>\n\n\n\n<p>Con una carrera que lo llev\u00f3 a compartir escenario con nombres como<strong> Celia Cruz, Cheo Feliciano, Willie Col\u00f3n, Johnny Pacheco, Franco de Vita y Soledad Bravo<\/strong>, Aranda guarda innumerables an\u00e9cdotas. \u00ab<strong><em>Con Celia Cruz, su primera impresi\u00f3n fue: &#8216;Ah, \u00a1eres un beb\u00e9!&#8217;, y se ech\u00f3 a re\u00edr. Luego me dijo: &#8216;Ven ac\u00e1 ni\u00f1o, necesito que me toques esa tumbadora bien agarrada, bien trancado'\u00bb<\/em><\/strong>.<\/p>\n\n\n\n<p>M\u00e1s recientemente,<strong><a href=\"https:\/\/esreviral.com\/?p=73231\" data-type=\"link\" data-id=\"https:\/\/esreviral.com\/?p=73231\"> tuvo el honor de tocar junto a Jorge Glem en el proyecto sinf\u00f3nico LATINF\u00d3NICO 2<\/a><\/strong>, uniendo lo cl\u00e1sico y lo popular en una fusi\u00f3n sin precedentes.<\/p>\n\n\n\n<h3 class=\"wp-block-heading\"><strong><mark style=\"background-color:rgba(0, 0, 0, 0)\" class=\"has-inline-color has-vivid-red-color\">Argentina, renacer tras la adversidad<\/mark><\/strong><\/h3>\n\n\n\n<p>En 2016, un grave accidente en moto lo oblig\u00f3 a emigrar a Argentina. \u00ab<strong><em>Tuve cinco fracturas, casi pierdo la pierna. Llegu\u00e9 aqu\u00ed para evitar que una bacteria me la quitara\u00bb.<\/em><\/strong> Estuvo seis meses hospitalizado y fue operado dos veces. Apenas recibi\u00f3 el alta, ya estaba en tarima: \u00ab<strong><em>A la 1 am, ya estaba tocando con La Sonora Camar\u00f3n\u00bb.<\/em><\/strong><\/p>\n\n\n\n<p>Su llegada a la escena salsera de Buenos Aires fue natural, gracias a amigos m\u00fasicos y una comunidad que se organiz\u00f3 para apoyarlo. \u00ab<strong><em>Se hizo un amanecer salsero para ayudarme con los gastos. Fue muy emotivo\u00bb.<\/em><\/strong><\/p>\n\n\n<div class=\"wp-block-image\">\n<figure class=\"aligncenter size-full\"><img fetchpriority=\"high\" decoding=\"async\" width=\"720\" height=\"795\" src=\"https:\/\/esreviral.com\/wp-content\/uploads\/2025\/08\/AnyConv.com__WhatsApp-Image-2025-08-04-at-4.45.15-PM.webp\" alt=\"\" class=\"wp-image-78446\" srcset=\"https:\/\/esreviral.com\/wp-content\/uploads\/2025\/08\/AnyConv.com__WhatsApp-Image-2025-08-04-at-4.45.15-PM.webp 720w, https:\/\/esreviral.com\/wp-content\/uploads\/2025\/08\/AnyConv.com__WhatsApp-Image-2025-08-04-at-4.45.15-PM-272x300.webp 272w\" sizes=\"(max-width: 720px) 100vw, 720px\" \/><\/figure><\/div>\n\n\n<h3 class=\"wp-block-heading\"><strong><mark style=\"background-color:rgba(0, 0, 0, 0)\" class=\"has-inline-color has-vivid-red-color\">Cr\u00edtico y formador<\/mark><\/strong><\/h3>\n\n\n\n<p>Aranda no escatima palabras al se\u00f1alar las carencias de la escena local: \u00ab<strong><em>En Argentina no hay una banda salsera bien organizada. Hay problemas r\u00edtmi\u00adcos, falta de fundamentos. La salsa es un g\u00e9nero con ra\u00edces, no es solo montarse a tocar\u00bb.<\/em><\/strong><\/p>\n\n\n\n<p>Actualmente lidera dos agrupaciones: <strong><em>Pachito Melao<\/em> y <em>Latin Lovers<\/em><\/strong>. Con ambas, trabaja desde la formaci\u00f3n: hace sesiones individuales con los m\u00fasicos y luego ensayos generales. <strong><em>\u00abLes estoy ense\u00f1ando el porqu\u00e9 de cada golpe, de cada frase musical. Los resultados son incre\u00edbles\u00bb<\/em><\/strong>.<\/p>\n\n\n\n<p>Graduado con menci\u00f3n en m\u00fasica y profesorado, tambi\u00e9n dedica parte de su tiempo a la ense\u00f1anza. \u00ab<strong><em>Lo primero que les ense\u00f1o a mis alumnos es el fundamento. Sin ra\u00edz no hay fruto\u00bb.<\/em><\/strong> Para \u00e9l, la<strong> percusi\u00f3n afrovenezolana <\/strong>ocupa un lugar central en su pedagog\u00eda, resaltando la riqueza y variedad de los tambores seg\u00fan cada regi\u00f3n del pa\u00eds.<\/p>\n\n\n<div class=\"wp-block-image\">\n<figure class=\"aligncenter size-full\"><img decoding=\"async\" width=\"720\" height=\"772\" src=\"https:\/\/esreviral.com\/wp-content\/uploads\/2025\/08\/WhatsApp-Image-2025-08-04-at-4.58.38-PM.jpeg\" alt=\"\" class=\"wp-image-78448\" srcset=\"https:\/\/esreviral.com\/wp-content\/uploads\/2025\/08\/WhatsApp-Image-2025-08-04-at-4.58.38-PM.jpeg 720w, https:\/\/esreviral.com\/wp-content\/uploads\/2025\/08\/WhatsApp-Image-2025-08-04-at-4.58.38-PM-280x300.jpeg 280w\" sizes=\"(max-width: 720px) 100vw, 720px\" \/><\/figure><\/div>\n\n\n<h3 class=\"wp-block-heading\"><strong><mark style=\"background-color:rgba(0, 0, 0, 0)\" class=\"has-inline-color has-vivid-red-color\">Salsa, identidad y futuro<\/mark><\/strong><\/h3>\n\n\n\n<p>Gerson define su carrera con una palabra: <em>resistencia salsera<\/em>. \u00ab<strong><em>Es una m\u00fasica que se ha mantenido viva con el tiempo. La gente sigue escuchando a Celia, a H\u00e9ctor Lavoe. El legado no muere<\/em><\/strong>\u00ab.<\/p>\n\n\n\n<p>Aunque siente que en Buenos Aires la salsa est\u00e1 resurgiendo gracias a la migraci\u00f3n y a las escuelas de baile, es cr\u00edtico de la desinformaci\u00f3n: \u00ab<strong><em>Se dan clases de &#8216;salsa&#8217; que en realidad son rueda o timba. Eso confunde al p\u00fablico\u00bb.<\/em><\/strong><\/p>\n\n\n\n<p><strong>Como productor musical, est\u00e1 trabajando en el primer disco de <em>Pachito Melao<\/em>, que incluir\u00e1 arreglos originales. Tambi\u00e9n impulsa una productora con la que planea traer artistas internacionales y abrir espacios para la salsa verdadera.<\/strong><\/p>\n\n\n\n<p>\u00ab<strong><em>El tambor es identidad, es resistencia. Y desde Argentina, sigo tocando por mi historia, por mi pa\u00eds y por la salsa bien hecha<\/em><\/strong>\u00ab.<\/p>\n\n\n\n<p class=\"has-text-align-center\"><em><strong><em><strong><em><strong><em><strong><a href=\"https:\/\/t.me\/esreviral\">\u00daNETE A NUESTRO CANAL DE TELEGRAM PARA ESTAR INFORMADO<\/a><\/strong><\/em><\/strong><\/em><\/strong><\/em><\/strong><\/em><\/p>\n","protected":false},"excerpt":{"rendered":"<p>Desde Caracas hasta Buenos Aires, el percusionista venezolano Gerson Aranda lleva en sus manos el pulso de la salsa m\u00e1s aut\u00e9ntica. Forjado entre leyendas como Celia Cruz y Cheo Feliciano, y con un legado familiar profundamente arraigado en la m\u00fasica caribe\u00f1a, Aranda hoy lidera dos orquestas, forma nuevas generaciones y defiende la salsa como s\u00edmbolo de identidad y resistencia. \u201cEl tambor es historia. Y la salsa, un legado que no se improvisa\u201d, afirma desde el coraz\u00f3n de la movida latina porte\u00f1a.<\/p>\n","protected":false},"author":3,"featured_media":78445,"comment_status":"closed","ping_status":"closed","sticky":false,"template":"","format":"standard","meta":{"jnews-multi-image_gallery":[],"jnews_single_post":{"format":"standard"},"jnews_primary_category":[],"jnews_social_meta":[],"jnews_review":[],"enable_review":"","type":"","name":"","summary":"","brand":"","sku":"","good":[],"bad":[],"score_override":"","override_value":"","rating":[],"price":[],"jnews_override_counter":[],"jnews_post_split":[],"footnotes":""},"categories":[1142,5892],"tags":[29820,45,34252,5438,3803,67],"class_list":["post-78439","post","type-post","status-publish","format-standard","has-post-thumbnail","hentry","category-musica","category-venezolanos-en-argentina","tag-gerson-aranda","tag-noticias","tag-percusion-afrovenezolana","tag-percusionista","tag-salsa","tag-venezolanos-en-argentina"],"amp_enabled":true,"_links":{"self":[{"href":"https:\/\/esreviral.com\/index.php?rest_route=\/wp\/v2\/posts\/78439"}],"collection":[{"href":"https:\/\/esreviral.com\/index.php?rest_route=\/wp\/v2\/posts"}],"about":[{"href":"https:\/\/esreviral.com\/index.php?rest_route=\/wp\/v2\/types\/post"}],"author":[{"embeddable":true,"href":"https:\/\/esreviral.com\/index.php?rest_route=\/wp\/v2\/users\/3"}],"replies":[{"embeddable":true,"href":"https:\/\/esreviral.com\/index.php?rest_route=%2Fwp%2Fv2%2Fcomments&post=78439"}],"version-history":[{"count":5,"href":"https:\/\/esreviral.com\/index.php?rest_route=\/wp\/v2\/posts\/78439\/revisions"}],"predecessor-version":[{"id":78449,"href":"https:\/\/esreviral.com\/index.php?rest_route=\/wp\/v2\/posts\/78439\/revisions\/78449"}],"wp:featuredmedia":[{"embeddable":true,"href":"https:\/\/esreviral.com\/index.php?rest_route=\/wp\/v2\/media\/78445"}],"wp:attachment":[{"href":"https:\/\/esreviral.com\/index.php?rest_route=%2Fwp%2Fv2%2Fmedia&parent=78439"}],"wp:term":[{"taxonomy":"category","embeddable":true,"href":"https:\/\/esreviral.com\/index.php?rest_route=%2Fwp%2Fv2%2Fcategories&post=78439"},{"taxonomy":"post_tag","embeddable":true,"href":"https:\/\/esreviral.com\/index.php?rest_route=%2Fwp%2Fv2%2Ftags&post=78439"}],"curies":[{"name":"wp","href":"https:\/\/api.w.org\/{rel}","templated":true}]}}