{"id":78390,"date":"2025-08-04T08:03:12","date_gmt":"2025-08-04T13:03:12","guid":{"rendered":"https:\/\/esreviral.com\/?p=78390"},"modified":"2025-08-04T08:03:14","modified_gmt":"2025-08-04T13:03:14","slug":"cayo-un-profugo-que-tenia-material-de-abuso-sexual-infantil-en-un-celular-que-le-presto-a-su-hijo-menor-de-edad","status":"publish","type":"post","link":"https:\/\/esreviral.com\/?p=78390","title":{"rendered":"Cay\u00f3 un pr\u00f3fugo que ten\u00eda material de abuso sexual infantil en un celular que le prest\u00f3 a su hijo menor de edad"},"content":{"rendered":"\n<p>Un gesto aparentemente inocente termin\u00f3 exponiendo a un pr\u00f3fugo acusado de delitos grav\u00edsimos. <strong>El hombre, buscado desde abril de 2024 por distribuci\u00f3n y comercializaci\u00f3n de material de abuso sexual infantil (MASI), fue delatado cuando le prest\u00f3 su celular a su hijo menor sin advertir que all\u00ed a\u00fan conservaba archivos comprometedores.<\/strong><\/p>\n\n\n\n<p>Fue su pareja quien, al revisar el tel\u00e9fono, descubri\u00f3 el contenido ilegal y decidi\u00f3 hacer la denuncia. A partir de ese momento, se inici\u00f3 una investigaci\u00f3n que deriv\u00f3 en su reciente detenci\u00f3n en una vivienda del partido bonaerense de Florencio Varela.<\/p>\n\n\n\n<p class=\"has-text-align-center\"><strong><a href=\"https:\/\/chat.whatsapp.com\/KWkTmakY3I05kNdd2oZl6d\"><em>\u00daNETE A NUESTRO GRUPO DE WHATSAPP PARA ESTAR INFORMADO<\/em><\/a><\/strong><\/p>\n\n\n<div class=\"wp-block-image\">\n<figure class=\"aligncenter size-large\"><img decoding=\"async\" src=\"https:\/\/resizer.glanacion.com\/resizer\/v2\/el-hombre-estuvo-profugo-desde-el-ano-ZAIS46DMX5AFDMKKGJNQX5EUOQ.jpg?auth=9967ccf5a8c520e705a9e71c5b8c46e11c1c50aa7741c4d066fbbdb6320653e4&amp;width=780&amp;height=1040&amp;quality=70&amp;smart=true\" alt=\"\"\/><\/figure>\n<\/div>\n\n\n<p><\/p>\n\n\n\n<p>El operativo estuvo a cargo de efectivos de la Divisi\u00f3n Investigaciones Tecnol\u00f3gicas Especiales de la<strong> Polic\u00eda de la Ciudad<\/strong> y se realiz\u00f3 en el marco de una causa que lleva adelante la Unidad Fiscal de Instrucci\u00f3n (UFI) N\u00ba 8 descentralizada de Berazategui, especializada en cibercrimen y delitos conexos a la trata de personas.<\/p>\n\n\n\n<p>Tras la denuncia, la Justicia hab\u00eda ordenado un allanamiento en su domicilio, pero cuando las fuerzas de seguridad llegaron, el acusado ya se hab\u00eda fugado. Sin embargo, en aquel procedimiento fueron secuestrados celulares, computadoras y dispositivos de almacenamiento digital que resultaron clave: los peritajes confirmaron la existencia de material vinculado al abuso sexual infantil, lo que permiti\u00f3 avanzar con el pedido de captura.<\/p>\n\n\n\n<p>Durante meses, el acusado logr\u00f3 evadir a la Justicia utilizando distintos perfiles digitales para evitar su rastreo. Finalmente, fue localizado gracias al seguimiento de su tel\u00e9fono celular. En el nuevo allanamiento, la polic\u00eda secuestr\u00f3 m\u00e1s dispositivos electr\u00f3nicos, que ahora ser\u00e1n peritados para establecer si contienen material relacionado con la causa.<\/p>\n\n\n<div class=\"wp-block-image\">\n<figure class=\"aligncenter size-large\"><img decoding=\"async\" src=\"https:\/\/resizer.glanacion.com\/resizer\/v2\/el-hombre-estuvo-profugo-desde-el-ano-L7ECWCX6VBBS7P7BYE3SEQGNVM.jpg?auth=78fa1bd9514650c7b30262b9e117e242229baed7ccaab8d1a5a47a6aab31609f&amp;width=780&amp;height=2332&amp;quality=70&amp;smart=true\" alt=\"\"\/><\/figure>\n<\/div>\n\n\n<p><\/p>\n\n\n\n<p>El detenido qued\u00f3 a disposici\u00f3n de la fiscal\u00eda interviniente y fue trasladado a una sede policial, mientras contin\u00faan las diligencias. La investigaci\u00f3n permanece abierta y no se descartan nuevas imputaciones. La UFI N\u00ba 8 trabaja junto a especialistas en delitos inform\u00e1ticos para determinar si el acusado actuaba en solitario o como parte de una red de distribuci\u00f3n.<\/p>\n\n\n\n<p>Fuentes judiciales se\u00f1alaron que la denuncia de su expareja fue crucial para el avance del caso, ya que permiti\u00f3 acceder a pruebas directas. La causa se encuentra en etapa de instrucci\u00f3n.<\/p>\n\n\n\n<p><strong><mark style=\"background-color:rgba(0, 0, 0, 0)\" class=\"has-inline-color has-vivid-red-color\">Una problem\u00e1tica invisible, pero frecuente<\/mark><\/strong><\/p>\n\n\n\n<p>La violencia sexual contra ni\u00f1as, ni\u00f1os y adolescentes es una de las formas de maltrato m\u00e1s graves y silenciadas. Seg\u00fan la Organizaci\u00f3n Mundial de la Salud (OMS), una de cada cinco ni\u00f1as y uno de cada trece varones han sido v\u00edctimas. En Argentina, esto equivale a unos 2 millones de chicos y chicas, seg\u00fan estimaciones de la Red por la Infancia.<\/p>\n\n\n\n<p>La prevenci\u00f3n es clave. Requiere fortalecer la Educaci\u00f3n Sexual Integral (ESI), capacitar a familias y docentes, mejorar los sistemas de monitoreo en entornos digitales y asegurar la colaboraci\u00f3n de las plataformas tecnol\u00f3gicas con la Justicia. Adem\u00e1s, es fundamental crear espacios seguros para las infancias y garantizar respuestas r\u00e1pidas, con perspectiva de derechos.<\/p>\n\n\n\n<p>Muchos casos de MASI se originan en internet, donde los agresores se ocultan bajo perfiles falsos y operan con velocidad. Por eso, el trabajo articulado entre Justicia, educaci\u00f3n y tecnolog\u00eda es fundamental para mejorar la detecci\u00f3n, la protecci\u00f3n y el acceso a la verdad.<\/p>\n\n\n\n<p class=\"has-text-align-center\"><em><strong><em><strong><em><strong><em><strong><a href=\"https:\/\/t.me\/esreviral\">\u00daNETE A NUESTRO CANAL DE TELEGRAM PARA ESTAR INFORMADO<\/a><\/strong><\/em><\/strong><\/em><\/strong><\/em><\/strong><\/em><\/p>\n\n\n<div class=\"wp-block-image\">\n<figure class=\"aligncenter size-large\"><img decoding=\"async\" src=\"https:\/\/resizer.glanacion.com\/resizer\/v2\/el-hombre-estuvo-profugo-desde-el-ano-I266PT7DVJFETAWUZDOTTILOYY.jpg?auth=95e1f9f65ff4cee6162a9caefbe522f97b63fca7ca3778fbdd6d3941e6add8b8&amp;width=780&amp;height=1040&amp;quality=70&amp;smart=true\" alt=\"\"\/><\/figure>\n<\/div>\n\n\n<p><\/p>\n\n\n\n<p class=\"has-text-align-right\"><strong><em>Con Informaci\u00f3n de LN.-<\/em><\/strong><\/p>\n","protected":false},"excerpt":{"rendered":"<p>El contenido fue descubierto por la expareja del ahora detenido en un tel\u00e9fono que el hombre le hab\u00eda prestado a su hijo<\/p>\n","protected":false},"author":3,"featured_media":78391,"comment_status":"closed","ping_status":"closed","sticky":false,"template":"","format":"standard","meta":{"jnews-multi-image_gallery":[],"jnews_single_post":{"format":"standard"},"jnews_primary_category":[],"jnews_social_meta":[],"jnews_review":[],"enable_review":"","type":"","name":"","summary":"","brand":"","sku":"","good":[],"bad":[],"score_override":"","override_value":"","rating":[],"price":[],"jnews_override_counter":[],"jnews_post_split":[],"footnotes":""},"categories":[58,64],"tags":[4089,44,813,45,1469,8858],"class_list":["post-78390","post","type-post","status-publish","format-standard","has-post-thumbnail","hentry","category-argentina","category-sucesos","tag-abuso-sexual-infantil","tag-argentina","tag-celular","tag-noticias","tag-policia-de-la-ciudad","tag-pornografia-infantil-2"],"_links":{"self":[{"href":"https:\/\/esreviral.com\/index.php?rest_route=\/wp\/v2\/posts\/78390","targetHints":{"allow":["GET"]}}],"collection":[{"href":"https:\/\/esreviral.com\/index.php?rest_route=\/wp\/v2\/posts"}],"about":[{"href":"https:\/\/esreviral.com\/index.php?rest_route=\/wp\/v2\/types\/post"}],"author":[{"embeddable":true,"href":"https:\/\/esreviral.com\/index.php?rest_route=\/wp\/v2\/users\/3"}],"replies":[{"embeddable":true,"href":"https:\/\/esreviral.com\/index.php?rest_route=%2Fwp%2Fv2%2Fcomments&post=78390"}],"version-history":[{"count":1,"href":"https:\/\/esreviral.com\/index.php?rest_route=\/wp\/v2\/posts\/78390\/revisions"}],"predecessor-version":[{"id":78392,"href":"https:\/\/esreviral.com\/index.php?rest_route=\/wp\/v2\/posts\/78390\/revisions\/78392"}],"wp:featuredmedia":[{"embeddable":true,"href":"https:\/\/esreviral.com\/index.php?rest_route=\/wp\/v2\/media\/78391"}],"wp:attachment":[{"href":"https:\/\/esreviral.com\/index.php?rest_route=%2Fwp%2Fv2%2Fmedia&parent=78390"}],"wp:term":[{"taxonomy":"category","embeddable":true,"href":"https:\/\/esreviral.com\/index.php?rest_route=%2Fwp%2Fv2%2Fcategories&post=78390"},{"taxonomy":"post_tag","embeddable":true,"href":"https:\/\/esreviral.com\/index.php?rest_route=%2Fwp%2Fv2%2Ftags&post=78390"}],"curies":[{"name":"wp","href":"https:\/\/api.w.org\/{rel}","templated":true}]}}