{"id":783,"date":"2020-10-21T19:09:48","date_gmt":"2020-10-21T19:09:48","guid":{"rendered":"http:\/\/esreviral.com\/?p=783"},"modified":"2020-10-21T19:09:48","modified_gmt":"2020-10-21T19:09:48","slug":"le-robaron-el-celular-a-un-periodista-de-el-nueve-mientras-hacia-una-transmision-en-vivo","status":"publish","type":"post","link":"https:\/\/esreviral.com\/?p=783","title":{"rendered":"Le robaron el celular a un periodista de El Nueve mientras hac\u00eda una transmisi\u00f3n en vivo"},"content":{"rendered":"\n<p>El periodista de\u00a0<em>Telenueve<\/em>\u00a0Diego de Marco\u00a0estaba trabajando en la localidad de Sarand\u00ed, al sur del Conurbano, cuando fue v\u00edctima de la inseguridad. Unos minutos antes de salir al aire, un ladr\u00f3n pas\u00f3 a su lado, le arrebat\u00f3 el celular que ten\u00eda en la mano y r\u00e1pidamente se fue corriendo.<\/p>\n\n\n\n<p>\u201c\u00a1D\u00e1melo, d\u00e1melo!\u201d,\u00a0grit\u00f3 el cronista al asaltante que en cuesti\u00f3n de segundos se escap\u00f3 a toda velocidad por un pasillo. El robo ocurri\u00f3 en unos segundos. En un principio, Diego sali\u00f3 corriendo y persigui\u00f3 al ladr\u00f3n, pero luego se fren\u00f3 y opt\u00f3 por quedarse junto a sus compa\u00f1eros del m\u00f3vil.<\/p>\n\n\n\n<p>\u201cMe acaban de robar el celular, me robaron el tel\u00e9fono\u201d,\u00a0dijo indignado y sorprendido. Unos chicos vecinos del barrio vieron todo el episodio y se acercaron para hablarle. \u00c9l interpreta que los ni\u00f1os conocen al ladr\u00f3n y les pidi\u00f3 que lo ayuden:\u00a0\u201cDecile que me devuelva el celular, yo laburo con el celular\u201d.<\/p>\n\n\n\n<figure class=\"wp-block-embed-twitter wp-block-embed is-type-rich is-provider-twitter\"><div class=\"wp-block-embed__wrapper\">\n<blockquote class=\"twitter-tweet\" data-width=\"500\" data-dnt=\"true\"><p lang=\"es\" dir=\"ltr\">&quot;Canal 9&quot;:<br>Porque le robaron el tel\u00e9fono celular a un periodista de ese canal mientras hac\u00eda un m\u00f3vil<a href=\"https:\/\/t.co\/h7rCRZtKeG\">https:\/\/t.co\/h7rCRZtKeG<\/a><\/p>&mdash; \u00bfPor qu\u00e9 es tendencia? (@porquetendencia) <a href=\"https:\/\/twitter.com\/porquetendencia\/status\/1318942033076277248?ref_src=twsrc%5Etfw\">October 21, 2020<\/a><\/blockquote><script async src=\"https:\/\/platform.twitter.com\/widgets.js\" charset=\"utf-8\"><\/script>\n<\/div><\/figure>\n\n\n\n<p class=\"has-text-align-right\"><strong><em>Infobae.-<\/em><\/strong><\/p>\n","protected":false},"excerpt":{"rendered":"<p>El cronista Diego de Marco fue v\u00edctima de la inseguridad en Sarand\u00ed. El asaltante le sac\u00f3 el tel\u00e9fono en unos segundos y se fue corriendo. El episodio qued\u00f3 registrado por la c\u00e1mara de Telenueve<\/p>\n","protected":false},"author":2,"featured_media":784,"comment_status":"open","ping_status":"open","sticky":false,"template":"","format":"standard","meta":{"jnews-multi-image_gallery":[],"jnews_single_post":[],"jnews_primary_category":[],"jnews_social_meta":[],"jnews_review":[],"enable_review":"","type":"","name":"","summary":"","brand":"","sku":"","good":[],"bad":[],"score_override":"","override_value":"","rating":[],"price":[],"jnews_override_counter":[],"jnews_post_split":[],"footnotes":""},"categories":[64],"tags":[45,130,65],"class_list":["post-783","post","type-post","status-publish","format-standard","has-post-thumbnail","hentry","category-sucesos","tag-noticias","tag-robo","tag-sucesos"],"amp_enabled":true,"_links":{"self":[{"href":"https:\/\/esreviral.com\/index.php?rest_route=\/wp\/v2\/posts\/783"}],"collection":[{"href":"https:\/\/esreviral.com\/index.php?rest_route=\/wp\/v2\/posts"}],"about":[{"href":"https:\/\/esreviral.com\/index.php?rest_route=\/wp\/v2\/types\/post"}],"author":[{"embeddable":true,"href":"https:\/\/esreviral.com\/index.php?rest_route=\/wp\/v2\/users\/2"}],"replies":[{"embeddable":true,"href":"https:\/\/esreviral.com\/index.php?rest_route=%2Fwp%2Fv2%2Fcomments&post=783"}],"version-history":[{"count":0,"href":"https:\/\/esreviral.com\/index.php?rest_route=\/wp\/v2\/posts\/783\/revisions"}],"wp:featuredmedia":[{"embeddable":true,"href":"https:\/\/esreviral.com\/index.php?rest_route=\/"}],"wp:attachment":[{"href":"https:\/\/esreviral.com\/index.php?rest_route=%2Fwp%2Fv2%2Fmedia&parent=783"}],"wp:term":[{"taxonomy":"category","embeddable":true,"href":"https:\/\/esreviral.com\/index.php?rest_route=%2Fwp%2Fv2%2Fcategories&post=783"},{"taxonomy":"post_tag","embeddable":true,"href":"https:\/\/esreviral.com\/index.php?rest_route=%2Fwp%2Fv2%2Ftags&post=783"}],"curies":[{"name":"wp","href":"https:\/\/api.w.org\/{rel}","templated":true}]}}