{"id":78266,"date":"2025-08-02T07:37:20","date_gmt":"2025-08-02T12:37:20","guid":{"rendered":"https:\/\/esreviral.com\/?p=78266"},"modified":"2025-08-02T07:37:21","modified_gmt":"2025-08-02T12:37:21","slug":"la-seguridad-ciudadana-y-su-impacto-en-la-juventud-un-desafio-para-la-sociedad","status":"publish","type":"post","link":"https:\/\/esreviral.com\/?p=78266","title":{"rendered":"La Seguridad Ciudadana y su Impacto en la Juventud: Un Desaf\u00edo para la Sociedad"},"content":{"rendered":"\n<p>La seguridad ciudadana es un tema que preocupa a todos los miembros de la sociedad, pero su impacto en la juventud es especialmente significativo. Los j\u00f3venes son m\u00e1s vulnerables a la violencia y el delito, y su participaci\u00f3n en actividades delictivas puede tener consecuencias graves para su futuro.<\/p>\n\n\n\n<p class=\"has-text-align-center\"><strong><a href=\"https:\/\/chat.whatsapp.com\/KWkTmakY3I05kNdd2oZl6d\"><em>\u00daNETE A NUESTRO GRUPO DE WHATSAPP PARA ESTAR INFORMADO<\/em><\/a><\/strong><\/p>\n\n\n\n<p><strong><mark style=\"background-color:rgba(0, 0, 0, 0)\" class=\"has-inline-color has-vivid-red-color\">La Relaci\u00f3n entre la Seguridad Ciudadana y la Juventud<\/mark><\/strong><\/p>\n\n\n\n<p>La seguridad ciudadana y la juventud est\u00e1n estrechamente relacionadas. Hay j\u00f3venes que crecen en entornos violentos y delictivos pueden ser m\u00e1s propensos a participar en actividades delictivas y a sufrir las consecuencias de la violencia. Por otro lado, los j\u00f3venes que se sienten seguros y protegidos pueden tener m\u00e1s oportunidades para desarrollarse y alcanzar sus objetivos.<\/p>\n\n\n\n<p><strong><mark style=\"background-color:rgba(0, 0, 0, 0)\" class=\"has-inline-color has-vivid-red-color\">Factores que Contribuyen a la Delincuencia Juvenil<\/mark><\/strong><\/p>\n\n\n\n<ul class=\"wp-block-list\">\n<li><strong>Falta de Oportunidades<\/strong>: La falta de oportunidades educativas y laborales puede llevar a los j\u00f3venes a buscar alternativas il\u00edcitas para obtener ingresos y reconocimiento.<\/li>\n\n\n\n<li><strong>Entorno Violento<\/strong>: El entorno violento y delictivo puede normalizar la violencia y el delito, haciendo que los j\u00f3venes sean m\u00e1s propensos a participar en actividades delictivas.<\/li>\n\n\n\n<li><strong>Falta de Apoyo Familiar<\/strong>: La falta de apoyo familiar y la disfuncionalidad familiar pueden aumentar el riesgo de delincuencia juvenil.<\/li>\n<\/ul>\n\n\n\n<p><\/p>\n\n\n\n<p><strong><mark style=\"background-color:rgba(0, 0, 0, 0)\" class=\"has-inline-color has-vivid-red-color\">Consecuencias de la Delincuencia Juvenil<\/mark><\/strong><\/p>\n\n\n\n<ul class=\"wp-block-list\">\n<li><strong>Problemas de Salud Mental<\/strong>: La participaci\u00f3n en actividades delictivas puede tener consecuencias negativas para la salud mental de los j\u00f3venes, incluyendo la ansiedad y la depresi\u00f3n.<\/li>\n\n\n\n<li><strong>Dificultades Educativas y Laborales:<\/strong> La delincuencia juvenil puede afectar las oportunidades educativas y laborales de los j\u00f3venes, limitando su potencial y su futuro.<\/li>\n\n\n\n<li><strong>Violencia y Delito<\/strong>: La delincuencia juvenil puede llevar a la violencia y el delito, lo que puede tener consecuencias graves para la sociedad.<\/li>\n<\/ul>\n\n\n\n<p><\/p>\n\n\n\n<p><strong><mark style=\"background-color:rgba(0, 0, 0, 0)\" class=\"has-inline-color has-vivid-red-color\">\u00abAproximaci\u00f3n a las soluciones \u00ab<\/mark><\/strong><\/p>\n\n\n\n<ul class=\"wp-block-list\">\n<li><strong>Programas de Prevenci\u00f3n:<\/strong> Los programas de prevenci\u00f3n que se enfocan en la juventud y las comunidades pueden ayudar a reducir la delincuencia juvenil y promover la seguridad ciudadana.<\/li>\n\n\n\n<li><strong>Educaci\u00f3n y Capacitaci\u00f3n:<\/strong> La educaci\u00f3n y la capacitaci\u00f3n pueden ayudar a los j\u00f3venes a desarrollar habilidades y encontrar empleo, reduciendo su vulnerabilidad a la delincuencia.<\/li>\n\n\n\n<li><strong>Apoyo Familiar y Comunitario:<\/strong> El apoyo familiar y comunitario puede ayudar a los j\u00f3venes a evitar la delincuencia y encontrar caminos positivos.<\/li>\n<\/ul>\n\n\n\n<p><\/p>\n\n\n\n<p>La seguridad ciudadana y la juventud est\u00e1n estrechamente relacionadas. Es importante abordar los factores que contribuyen a la delincuencia juvenil y promover soluciones que ayuden a los j\u00f3venes a desarrollarse y alcanzar sus objetivos. La sociedad en su conjunto debe trabajar juntos para crear un entorno seguro y protector para los j\u00f3venes, y promover su bienestar y su futuro.<br>Recuerda \u00bb Siempre \u00bb La seguridad es responsabilidad de todos.<\/p>\n\n\n\n<p class=\"has-text-align-center\"><em><strong><em><strong><em><strong><em><strong><a href=\"https:\/\/t.me\/esreviral\">\u00daNETE A NUESTRO CANAL DE TELEGRAM PARA ESTAR INFORMADO<\/a><\/strong><\/em><\/strong><\/em><\/strong><\/em><\/strong><\/em><\/p>\n\n\n\n<p class=\"has-text-align-right\"><strong><em>Braulio Seijas.-<\/em><\/strong><\/p>\n","protected":false},"excerpt":{"rendered":"<p>La seguridad ciudadana y la juventud est\u00e1n estrechamente relacionadas. Hay j\u00f3venes que crecen en entornos violentos y delictivos pueden ser m\u00e1s propensos a participar en actividades delictivas y a sufrir las consecuencias de la violencia.<\/p>\n","protected":false},"author":3,"featured_media":76163,"comment_status":"closed","ping_status":"closed","sticky":false,"template":"","format":"standard","meta":{"jnews-multi-image_gallery":[],"jnews_single_post":{"format":"standard"},"jnews_primary_category":[],"jnews_social_meta":[],"jnews_review":[],"enable_review":"","type":"","name":"","summary":"","brand":"","sku":"","good":[],"bad":[],"score_override":"","override_value":"","rating":[],"price":[],"jnews_override_counter":[],"jnews_post_split":[],"footnotes":""},"categories":[137],"tags":[34125,45,175,32290],"class_list":["post-78266","post","type-post","status-publish","format-standard","has-post-thumbnail","hentry","category-opinion","tag-delincuencia-juvenil","tag-noticias","tag-seguridad","tag-seguridad-ciudadana"],"amp_enabled":true,"_links":{"self":[{"href":"https:\/\/esreviral.com\/index.php?rest_route=\/wp\/v2\/posts\/78266"}],"collection":[{"href":"https:\/\/esreviral.com\/index.php?rest_route=\/wp\/v2\/posts"}],"about":[{"href":"https:\/\/esreviral.com\/index.php?rest_route=\/wp\/v2\/types\/post"}],"author":[{"embeddable":true,"href":"https:\/\/esreviral.com\/index.php?rest_route=\/wp\/v2\/users\/3"}],"replies":[{"embeddable":true,"href":"https:\/\/esreviral.com\/index.php?rest_route=%2Fwp%2Fv2%2Fcomments&post=78266"}],"version-history":[{"count":1,"href":"https:\/\/esreviral.com\/index.php?rest_route=\/wp\/v2\/posts\/78266\/revisions"}],"predecessor-version":[{"id":78267,"href":"https:\/\/esreviral.com\/index.php?rest_route=\/wp\/v2\/posts\/78266\/revisions\/78267"}],"wp:featuredmedia":[{"embeddable":true,"href":"https:\/\/esreviral.com\/index.php?rest_route=\/wp\/v2\/media\/76163"}],"wp:attachment":[{"href":"https:\/\/esreviral.com\/index.php?rest_route=%2Fwp%2Fv2%2Fmedia&parent=78266"}],"wp:term":[{"taxonomy":"category","embeddable":true,"href":"https:\/\/esreviral.com\/index.php?rest_route=%2Fwp%2Fv2%2Fcategories&post=78266"},{"taxonomy":"post_tag","embeddable":true,"href":"https:\/\/esreviral.com\/index.php?rest_route=%2Fwp%2Fv2%2Ftags&post=78266"}],"curies":[{"name":"wp","href":"https:\/\/api.w.org\/{rel}","templated":true}]}}