{"id":78205,"date":"2025-07-31T07:44:12","date_gmt":"2025-07-31T12:44:12","guid":{"rendered":"https:\/\/esreviral.com\/?p=78205"},"modified":"2025-07-31T07:44:13","modified_gmt":"2025-07-31T12:44:13","slug":"juan-morales-lanza-su-primer-disco-que-se-sepa-con-un-show-en-vivo-en-san-telmo","status":"publish","type":"post","link":"https:\/\/esreviral.com\/?p=78205","title":{"rendered":"Juan Morales lanza su primer disco \u201cQue Se Sepa\u201d con un show en vivo en San Telmo"},"content":{"rendered":"\n<p><strong>El m\u00fasico venezolano radicado en Argentina presentar\u00e1 oficialmente su primer \u00e1lbum el pr\u00f3ximo 20 de septiembre en Atroden Club.<\/strong><\/p>\n\n\n\n<p><strong>Juan Morales<\/strong>, uno de los referentes de la m\u00fasica latinoamericana en Buenos Aires, celebrar\u00e1 el lanzamiento de su primer disco <em>\u00abQue Se Sepa\u00bb<\/em> el pr\u00f3ximo <strong>20 de septiembre<\/strong> en <strong>Atroden Club<\/strong> (Per\u00fa 571, San Telmo). El evento ser\u00e1 una fiesta cargada de salsa, merengue y esp\u00edritu explosivo, sello inconfundible de su orquesta <strong>Juan Morales &amp; La Explosiva<\/strong>.<\/p>\n\n\n\n<p class=\"has-text-align-center\"><strong><a href=\"https:\/\/chat.whatsapp.com\/KWkTmakY3I05kNdd2oZl6d\"><em>\u00daNETE A NUESTRO GRUPO DE WHATSAPP PARA ESTAR INFORMADO<\/em><\/a><\/strong><\/p>\n\n\n<div class=\"wp-block-image\">\n<figure class=\"aligncenter size-large\"><img fetchpriority=\"high\" decoding=\"async\" width=\"576\" height=\"1024\" src=\"https:\/\/esreviral.com\/wp-content\/uploads\/2025\/07\/AnyConv.com__DSC00171-576x1024.webp\" alt=\"\" class=\"wp-image-78206\" srcset=\"https:\/\/esreviral.com\/wp-content\/uploads\/2025\/07\/AnyConv.com__DSC00171-576x1024.webp 576w, https:\/\/esreviral.com\/wp-content\/uploads\/2025\/07\/AnyConv.com__DSC00171-169x300.webp 169w, https:\/\/esreviral.com\/wp-content\/uploads\/2025\/07\/AnyConv.com__DSC00171-768x1365.webp 768w, https:\/\/esreviral.com\/wp-content\/uploads\/2025\/07\/AnyConv.com__DSC00171-864x1536.webp 864w, https:\/\/esreviral.com\/wp-content\/uploads\/2025\/07\/AnyConv.com__DSC00171-1152x2048.webp 1152w, https:\/\/esreviral.com\/wp-content\/uploads\/2025\/07\/AnyConv.com__DSC00171-scaled.webp 1440w\" sizes=\"(max-width: 576px) 100vw, 576px\" \/><\/figure><\/div>\n\n\n<p><\/p>\n\n\n\n<p>El show incluir\u00e1 una entrevista abierta con prensa e invitados especiales desde las 20:00, seguida por un set en vivo junto a bailarines invitados a la medianoche y un after party con DJs hasta las 4:30 de la ma\u00f1ana.<\/p>\n\n\n\n<p>El disco, grabado en mayo de 2025 en los emblem\u00e1ticos <strong>Estudios Panda<\/strong>, contiene diez versiones de cl\u00e1sicos de la salsa interpretados en formato de sesi\u00f3n en vivo, al estilo de los a\u00f1os 50 y 60. \u00ab<strong><em>Fue una jornada intensa, de 10 horas tocando todos juntos. Quisimos capturar la energ\u00eda real de nuestra m\u00fasica\u00bb, se\u00f1al\u00f3 Morales.<\/em><\/strong><\/p>\n\n\n\n<h3 class=\"wp-block-heading\"><strong><mark style=\"background-color:rgba(0, 0, 0, 0)\" class=\"has-inline-color has-vivid-red-color\">De Venezuela a Buenos Aires: una historia de m\u00fasica y lucha<\/mark><\/strong><\/h3>\n\n\n\n<p>Desde su llegada a Argentina en 2016, Juan Morales no ha dejado de construir. En 2018 fund\u00f3 su orquesta \u201cLa Explosiva\u201d, formada por m\u00fasicos de distintas nacionalidades, con quienes ha recorrido escenarios y fiestas populares en toda la ciudad. Adem\u00e1s de cantante, Morales es arreglista, productor, pianista y trombonista, y ha acompa\u00f1ado a artistas internacionales como Diveana, Ronald Borjas, Willie Gonz\u00e1lez y Charlie Aponte.<\/p>\n\n\n\n<p>Tambi\u00e9n es creador de <strong>NDP (Noche D\u2019 Parranda)<\/strong>, una fiesta mensual que rinde homenaje a los grandes de la m\u00fasica tropical \u2014como Rubby P\u00e9rez u Oscar D\u2019Le\u00f3n\u2014 y que desde este a\u00f1o est\u00e1 dirigida a toda la familia salsera.<\/p>\n\n\n<div class=\"wp-block-image\">\n<figure class=\"aligncenter size-large\"><img decoding=\"async\" width=\"576\" height=\"1024\" src=\"https:\/\/esreviral.com\/wp-content\/uploads\/2025\/07\/AnyConv.com__DSC00173-1-576x1024.webp\" alt=\"\" class=\"wp-image-78209\" srcset=\"https:\/\/esreviral.com\/wp-content\/uploads\/2025\/07\/AnyConv.com__DSC00173-1-576x1024.webp 576w, https:\/\/esreviral.com\/wp-content\/uploads\/2025\/07\/AnyConv.com__DSC00173-1-169x300.webp 169w, https:\/\/esreviral.com\/wp-content\/uploads\/2025\/07\/AnyConv.com__DSC00173-1-768x1365.webp 768w, https:\/\/esreviral.com\/wp-content\/uploads\/2025\/07\/AnyConv.com__DSC00173-1-864x1536.webp 864w, https:\/\/esreviral.com\/wp-content\/uploads\/2025\/07\/AnyConv.com__DSC00173-1-1152x2048.webp 1152w, https:\/\/esreviral.com\/wp-content\/uploads\/2025\/07\/AnyConv.com__DSC00173-1-scaled.webp 1440w\" sizes=\"(max-width: 576px) 100vw, 576px\" \/><\/figure><\/div>\n\n\n<h3 class=\"wp-block-heading\"><strong><mark style=\"background-color:rgba(0, 0, 0, 0)\" class=\"has-inline-color has-vivid-red-color\">Un artista con prop\u00f3sito<\/mark><\/strong><\/h3>\n\n\n\n<p>Morales no solo busca entretener, sino tambi\u00e9n visibilizar el trabajo de m\u00fasicos y trabajadores de la industria cultural. \u00abLuchamos por pagos justos, por valorar a cada persona que est\u00e1 detr\u00e1s de cada show: m\u00fasicos, t\u00e9cnicos, filmakers, fot\u00f3grafos, managers\u00bb, afirma.<\/p>\n\n\n\n<p>Entre sus m\u00faltiples roles, tambi\u00e9n se destaca como director musical de orquestas para artistas extranjeros que llegan a Argentina sin su banda. Su compromiso con el profesionalismo y la calidad lo ha convertido en un referente dentro de la comunidad musical migrante.<\/p>\n\n\n\n<h3 class=\"wp-block-heading\"><strong><mark style=\"background-color:rgba(0, 0, 0, 0)\" class=\"has-inline-color has-vivid-red-color\">Un show para no perderse<\/mark><\/strong><\/h3>\n\n\n\n<p>El lanzamiento de <em>\u00abQue Se Sepa\u00bb<\/em> promete ser una noche \u00fanica: m\u00fasica en vivo, baile, energ\u00eda y una propuesta sonora que mezcla tradici\u00f3n caribe\u00f1a con el toque moderno y visceral de La Explosiva.<\/p>\n\n\n\n<p><strong>Entradas y m\u00e1s informaci\u00f3n<\/strong> en el Instagram oficial:<\/p>\n\n\n\n<p class=\"has-text-align-center\"><em><strong><em><strong><em><strong><em><strong><a href=\"https:\/\/t.me\/esreviral\">\u00daNETE A NUESTRO CANAL DE TELEGRAM PARA ESTAR INFORMADO<\/a><\/strong><\/em><\/strong><\/em><\/strong><\/em><\/strong><\/em><\/p>\n\n\n\n<p class=\"has-text-align-right\"><strong><em>Con Informaci\u00f3n de Prensa.-<\/em><\/strong><\/p>\n","protected":false},"excerpt":{"rendered":"<p>El m\u00fasico venezolano radicado en Argentina presentar\u00e1 oficialmente su primer \u00e1lbum el pr\u00f3ximo 20 de septiembre en Atroden Club.<\/p>\n","protected":false},"author":3,"featured_media":78207,"comment_status":"closed","ping_status":"closed","sticky":false,"template":"","format":"standard","meta":{"jnews-multi-image_gallery":[],"jnews_single_post":{"format":"standard"},"jnews_primary_category":[],"jnews_social_meta":[],"jnews_review":[],"enable_review":"","type":"","name":"","summary":"","brand":"","sku":"","good":[],"bad":[],"score_override":"","override_value":"","rating":[],"price":[],"jnews_override_counter":[],"jnews_post_split":[],"footnotes":""},"categories":[43,1142,5892],"tags":[2044,34083,4247,45,17813,6872,34082],"class_list":["post-78205","post","type-post","status-publish","format-standard","has-post-thumbnail","hentry","category-actualidad","category-musica","category-venezolanos-en-argentina","tag-juan-morales","tag-juan-morales-la-explosiva","tag-musico-venezolano","tag-noticias","tag-primer-album","tag-primer-disco","tag-que-se-sepa"],"amp_enabled":true,"_links":{"self":[{"href":"https:\/\/esreviral.com\/index.php?rest_route=\/wp\/v2\/posts\/78205"}],"collection":[{"href":"https:\/\/esreviral.com\/index.php?rest_route=\/wp\/v2\/posts"}],"about":[{"href":"https:\/\/esreviral.com\/index.php?rest_route=\/wp\/v2\/types\/post"}],"author":[{"embeddable":true,"href":"https:\/\/esreviral.com\/index.php?rest_route=\/wp\/v2\/users\/3"}],"replies":[{"embeddable":true,"href":"https:\/\/esreviral.com\/index.php?rest_route=%2Fwp%2Fv2%2Fcomments&post=78205"}],"version-history":[{"count":1,"href":"https:\/\/esreviral.com\/index.php?rest_route=\/wp\/v2\/posts\/78205\/revisions"}],"predecessor-version":[{"id":78210,"href":"https:\/\/esreviral.com\/index.php?rest_route=\/wp\/v2\/posts\/78205\/revisions\/78210"}],"wp:featuredmedia":[{"embeddable":true,"href":"https:\/\/esreviral.com\/index.php?rest_route=\/wp\/v2\/media\/78207"}],"wp:attachment":[{"href":"https:\/\/esreviral.com\/index.php?rest_route=%2Fwp%2Fv2%2Fmedia&parent=78205"}],"wp:term":[{"taxonomy":"category","embeddable":true,"href":"https:\/\/esreviral.com\/index.php?rest_route=%2Fwp%2Fv2%2Fcategories&post=78205"},{"taxonomy":"post_tag","embeddable":true,"href":"https:\/\/esreviral.com\/index.php?rest_route=%2Fwp%2Fv2%2Ftags&post=78205"}],"curies":[{"name":"wp","href":"https:\/\/api.w.org\/{rel}","templated":true}]}}