{"id":78192,"date":"2025-07-30T15:28:07","date_gmt":"2025-07-30T20:28:07","guid":{"rendered":"https:\/\/esreviral.com\/?p=78192"},"modified":"2025-07-30T18:06:05","modified_gmt":"2025-07-30T23:06:05","slug":"incidentes-frente-al-congreso-cinco-detenidos-y-al-menos-una-mujer-herida-durante-la-represion-de-la-protesta","status":"publish","type":"post","link":"https:\/\/esreviral.com\/?p=78192","title":{"rendered":"Incidentes frente al Congreso: cinco detenidos y al menos una mujer herida durante la represi\u00f3n de la protesta"},"content":{"rendered":"\n<p>En una nueva jornada de protestas en los alrededores del Congreso y la Plaza de Mayo, las fuerzas de seguridad aplicaron el protocolo antipiquetes y se registraron serios incidentes que dejaron un saldo de siete personas detenidas.<\/p>\n\n\n\n<p>Pasadas las 16:00 de este mi\u00e9rcoles, una columna de al menos 100 manifestantes intent\u00f3 cortar la avenida de Mayo con el objetivo de marchar hacia la Plaza de Mayo. Seg\u00fan informaron fuentes policiales, en ese momento el personal les indic\u00f3 que solo pod\u00edan ocupar dos carriles de la avenida. Sin embargo, los manifestantes comenzaron a agredir a los efectivos y arrojaron objetos contundentes, lo que deriv\u00f3 en enfrentamientos y detenciones puntuales de los agresores.<\/p>\n\n\n\n<p class=\"has-text-align-center\"><strong><a href=\"https:\/\/chat.whatsapp.com\/KWkTmakY3I05kNdd2oZl6d\"><em>\u00daNETE A NUESTRO GRUPO DE WHATSAPP PARA ESTAR INFORMADO<\/em><\/a><\/strong><\/p>\n\n\n\n<figure class=\"wp-block-image size-large\"><img decoding=\"async\" src=\"https:\/\/tn.com.ar\/resizer\/v2\/asi-se-llevaban-detenido-a-uno-de-los-manifestantes-foto-captura-tn-ZIKOGLFNZFCUBNXTHZGFCIVETI.jpg?auth=9648df992980c6bb3321539ed535c9dfeda012f79bace27e19afca59ea2fd1a9&amp;width=1440\" alt=\"\"\/><\/figure>\n\n\n\n<p class=\"has-text-align-center\"><strong><em>As\u00ed se llevaban detenido a uno de los manifestantes.-<\/em><\/strong><\/p>\n\n\n\n<p>La zona del Congreso cont\u00f3 con un importante operativo de seguridad, con la presencia de fuerzas federales y patrulleros distribuidos sobre avenida Entre R\u00edos, Callao y Rivadavia.<\/p>\n\n\n\n<p><\/p>\n\n\n\n<figure class=\"wp-block-image size-large\"><img decoding=\"async\" src=\"https:\/\/tn.com.ar\/resizer\/v2\/una-imagen-captada-desde-los-alrededores-del-congreso-foto-captura-tn-F7NA37LXPBDL5P7WWUTXAUHF34.jpg?auth=1161c4a458f8ee607c73a9272692c2966722cf7b9c7157cdd793749afc6e61b4&amp;width=1440\" alt=\"\"\/><\/figure>\n\n\n\n<p><\/p>\n\n\n\n<p>Durante los disturbios, al menos una mujer result\u00f3 herida en una cafeter\u00eda cercana, que termin\u00f3 con vidrios rotos y destrozos. En algunos tramos de la protesta, los enfrentamientos entre manifestantes y polic\u00edas fueron cuerpo a cuerpo, y los agentes llegaron a desenfundar sus armas reglamentarias para evitar una escalada mayor de violencia.<\/p>\n\n\n\n<p><\/p>\n\n\n\n<figure class=\"wp-block-image size-large\"><img decoding=\"async\" src=\"https:\/\/tn.com.ar\/resizer\/v2\/los-incidentes-comenzaron-pasadas-las-1600-foto-captura-tn-VSSNEEGRZVBEBLYQV6XP764FW4.jpg?auth=005d06197f4d11a516166fc6d02194f11acb7cfe84c023f73c444703b73a7831&amp;width=1440\" alt=\"\"\/><\/figure>\n\n\n\n<p><\/p>\n\n\n\n<p><\/p>\n\n\n\n<figure class=\"wp-block-image size-large\"><img decoding=\"async\" src=\"https:\/\/tn.com.ar\/resizer\/v2\/otro-de-los-detenidos-en-la-movilizacion-de-este-miercoles-foto-captura-tn-4UVDW56GHJCNJFT5EBAGGE74LU.jpg?auth=0404e60dd5858edd32b72bf351f83b56519115844a218f3bd36920e468777f68&amp;width=1440\" alt=\"\"\/><\/figure>\n\n\n\n<p><\/p>\n\n\n\n<p class=\"has-text-align-center\"><em><strong><em><strong><em><strong><em><strong><a href=\"https:\/\/t.me\/esreviral\">\u00daNETE A NUESTRO CANAL DE TELEGRAM PARA ESTAR INFORMADO<\/a><\/strong><\/em><\/strong><\/em><\/strong><\/em><\/strong><\/em><\/p>\n\n\n\n<p><\/p>\n\n\n\n<p class=\"has-text-align-right\"><strong><em>Con informaci\u00f3n de&nbsp;TN.-<\/em><\/strong><\/p>\n","protected":false},"excerpt":{"rendered":"<p>En medio de un megaoperativo policial, diferentes organizaciones exigieron mejoras en sus haberes.<\/p>\n","protected":false},"author":3,"featured_media":78193,"comment_status":"closed","ping_status":"closed","sticky":false,"template":"","format":"standard","meta":{"jnews-multi-image_gallery":[],"jnews_single_post":{"format":"standard"},"jnews_primary_category":[],"jnews_social_meta":[],"jnews_review":[],"enable_review":"","type":"","name":"","summary":"","brand":"","sku":"","good":[],"bad":[],"score_override":"","override_value":"","rating":[],"price":[],"jnews_override_counter":[],"jnews_post_split":[],"footnotes":""},"categories":[58,59],"tags":[44,7571,4636,102,45],"class_list":["post-78192","post","type-post","status-publish","format-standard","has-post-thumbnail","hentry","category-argentina","category-politica","tag-argentina","tag-congreso-de-la-nacion","tag-incidentes","tag-marcha","tag-noticias"],"amp_enabled":true,"_links":{"self":[{"href":"https:\/\/esreviral.com\/index.php?rest_route=\/wp\/v2\/posts\/78192"}],"collection":[{"href":"https:\/\/esreviral.com\/index.php?rest_route=\/wp\/v2\/posts"}],"about":[{"href":"https:\/\/esreviral.com\/index.php?rest_route=\/wp\/v2\/types\/post"}],"author":[{"embeddable":true,"href":"https:\/\/esreviral.com\/index.php?rest_route=\/wp\/v2\/users\/3"}],"replies":[{"embeddable":true,"href":"https:\/\/esreviral.com\/index.php?rest_route=%2Fwp%2Fv2%2Fcomments&post=78192"}],"version-history":[{"count":2,"href":"https:\/\/esreviral.com\/index.php?rest_route=\/wp\/v2\/posts\/78192\/revisions"}],"predecessor-version":[{"id":78204,"href":"https:\/\/esreviral.com\/index.php?rest_route=\/wp\/v2\/posts\/78192\/revisions\/78204"}],"wp:featuredmedia":[{"embeddable":true,"href":"https:\/\/esreviral.com\/index.php?rest_route=\/wp\/v2\/media\/78193"}],"wp:attachment":[{"href":"https:\/\/esreviral.com\/index.php?rest_route=%2Fwp%2Fv2%2Fmedia&parent=78192"}],"wp:term":[{"taxonomy":"category","embeddable":true,"href":"https:\/\/esreviral.com\/index.php?rest_route=%2Fwp%2Fv2%2Fcategories&post=78192"},{"taxonomy":"post_tag","embeddable":true,"href":"https:\/\/esreviral.com\/index.php?rest_route=%2Fwp%2Fv2%2Ftags&post=78192"}],"curies":[{"name":"wp","href":"https:\/\/api.w.org\/{rel}","templated":true}]}}