{"id":78164,"date":"2025-07-30T08:59:06","date_gmt":"2025-07-30T13:59:06","guid":{"rendered":"https:\/\/esreviral.com\/?p=78164"},"modified":"2025-07-30T08:59:07","modified_gmt":"2025-07-30T13:59:07","slug":"alerta-roja-por-tsunami-en-chile-evacuaciones-y-clases-suspendidas-en-las-zonas-costeras","status":"publish","type":"post","link":"https:\/\/esreviral.com\/?p=78164","title":{"rendered":"Alerta roja por tsunami en Chile: evacuaciones y clases suspendidas en las zonas costeras"},"content":{"rendered":"\n<p><strong>A las 7:33 horas (hora de Chile), el Servicio Nacional de Prevenci\u00f3n y Respuesta ante Desastres (Senapred) declar\u00f3 alerta roja en todo el borde costero nacional, continental e insular,<\/strong><a href=\"https:\/\/esreviral.com\/?p=78155\" data-type=\"link\" data-id=\"https:\/\/esreviral.com\/?p=78155\"><strong> tras el terremoto de magnitud 8,8 ocurrido en la pen\u00ednsula de Kamchatka<\/strong>,<\/a> en el extremo oriental de Rusia. La magnitud del sismo activ\u00f3 una amenaza de tsunami que ahora afecta a gran parte del Pac\u00edfico.<\/p>\n\n\n\n<p>Esta situaci\u00f3n motiv\u00f3 la suspensi\u00f3n inmediata de clases en todas las comunas costeras en riesgo y la puesta en marcha de evacuaciones preventivas. Senapred inst\u00f3 a la poblaci\u00f3n a alejarse de las zonas costeras, mantenerse informada \u00fanicamente a trav\u00e9s de canales oficiales y esperar nuevas indicaciones antes de realizar desplazamientos.<\/p>\n\n\n\n<p><strong><em>\u201cLa consigna es clara: seguir las instrucciones, no exponerse innecesariamente y actuar con calma<\/em><\/strong>\u201d, afirm\u00f3 la directora nacional del organismo, Alicia Cebri\u00e1n.<\/p>\n\n\n\n<p class=\"has-text-align-center\"><strong><a href=\"https:\/\/chat.whatsapp.com\/KWkTmakY3I05kNdd2oZl6d\"><em>\u00daNETE A NUESTRO GRUPO DE WHATSAPP PARA ESTAR INFORMADO<\/em><\/a><\/strong><\/p>\n\n\n\n<blockquote class=\"twitter-tweet\"><p lang=\"es\" dir=\"ltr\">\u00a1ATENCI\u00d3N! Por sismo magnitud 8.8 en Rusia, <a href=\"https:\/\/twitter.com\/hashtag\/SHOA?src=hash&amp;ref_src=twsrc%5Etfw\">#SHOA<\/a> establece ALERTA DE TSUNAMI para Isla de Pascua. Se solicita a las personas dirigirse a zona segura. <a href=\"https:\/\/twitter.com\/hashtag\/SENAPRED?src=hash&amp;ref_src=twsrc%5Etfw\">#SENAPRED<\/a> activ\u00f3 mensajer\u00eda <a href=\"https:\/\/twitter.com\/hashtag\/SAE?src=hash&amp;ref_src=twsrc%5Etfw\">#SAE<\/a>. Act\u00faa con calma y acata las indicaciones de la autoridad y de los equipos de respuesta.\u2026 <a href=\"https:\/\/t.co\/GnBpG7LG7c\">pic.twitter.com\/GnBpG7LG7c<\/a><\/p>&mdash; SENAPRED (@Senapred) <a href=\"https:\/\/twitter.com\/Senapred\/status\/1950527504386511350?ref_src=twsrc%5Etfw\">July 30, 2025<\/a><\/blockquote> <script async src=\"https:\/\/platform.twitter.com\/widgets.js\" charset=\"utf-8\"><\/script>\n\n\n\n<p><\/p>\n\n\n\n<p><strong><mark style=\"background-color:rgba(0, 0, 0, 0)\" class=\"has-inline-color has-vivid-red-color\">Evacuaciones iniciales y pron\u00f3stico de olas<\/mark><\/strong><br>La Isla de Pascua fue la primera zona chilena en activar las evacuaciones, donde a las 6:00 de la ma\u00f1ana (hora local en Isla de Pascua, 7:00 en Argentina) sonaron las sirenas de emergencia. Seg\u00fan el bolet\u00edn oficial del Servicio Hidrogr\u00e1fico y Oceanogr\u00e1fico de la Armada (SHOA), se estima que las primeras olas llegar\u00e1n a las 9:25 (hora en Isla de Pascua, 12:25 en Argentina).<\/p>\n\n\n\n<p>En el resto del pa\u00eds, el impacto se espera para la tarde, con horarios estimados desde las 14:14 (hora local en Chile, 15:14 en Argentina) en San F\u00e9lix, y extendi\u00e9ndose hacia Arica (14:51, hora local; 15:51 en Argentina), Iquique (14:55; 15:55), Pisagua (14:57; 15:57) y Patache (15:04; 16:04), entre otras localidades.<\/p>\n\n\n\n<p>Desde temprano, los canales de televisi\u00f3n nacionales desplegaron equipos en puntos estrat\u00e9gicos del litoral para cubrir las evacuaciones en Rapa Nui, zonas de seguridad activadas y el seguimiento permanente desde puertos y caletas.<\/p>\n\n\n\n<p>Las proyecciones indican olas de entre 1 y 3 metros, que podr\u00edan causar da\u00f1os importantes.<\/p>\n\n\n\n<p>\u201cNo se trata de una marejada ni de olas gigantescas como edificios, sino de una salida del mar con gran energ\u00eda que puede durar entre 30 y 40 minutos y generar da\u00f1os significativos\u201d, advirti\u00f3 el geof\u00edsico Cristi\u00e1n Far\u00edas, de la Universidad Cat\u00f3lica de Temuco.<\/p>\n\n\n\n<p><strong><mark style=\"background-color:rgba(0, 0, 0, 0)\" class=\"has-inline-color has-vivid-red-color\">Evacuaciones en Isla de Pascua<\/mark><\/strong><br>En la comunidad Rapa Nui, los protocolos se llevaron a cabo sin contratiempos.<\/p>\n\n\n\n<p>\u201cLa gente est\u00e1 preparada y consciente de la importancia de seguir las recomendaciones. Las zonas costeras fueron evacuadas y los turistas informados con antelaci\u00f3n\u201d, relat\u00f3 el periodista de TVN Ren\u00e9 Campusano desde la isla.<\/p>\n\n\n\n<p>Las autoridades habilitaron sectores elevados como puntos de refugio y coordinaron la movilizaci\u00f3n junto a los equipos locales de emergencia.<\/p>\n\n\n\n<blockquote class=\"twitter-tweet\"><p lang=\"es\" dir=\"ltr\">Las primeras olas ya llegaron a las costas de Jap\u00f3n y Alaska y Polinesia. A las 9:25 (hora local) debiera llegar primera ola a Isla de Pascua. Recuerden que normalmente la primera ola no es la m\u00e1s fuerte. Actuemos con calma y siguiendo instrucciones oficiales. <a href=\"https:\/\/t.co\/Tf58CyXYIW\">pic.twitter.com\/Tf58CyXYIW<\/a><\/p>&mdash; Gabriel Boric Font (@GabrielBoric) <a href=\"https:\/\/twitter.com\/GabrielBoric\/status\/1950533099944632600?ref_src=twsrc%5Etfw\">July 30, 2025<\/a><\/blockquote> <script async src=\"https:\/\/platform.twitter.com\/widgets.js\" charset=\"utf-8\"><\/script>\n\n\n\n<p><strong><mark style=\"background-color:rgba(0, 0, 0, 0)\" class=\"has-inline-color has-vivid-red-color\">Detalles del terremoto<\/mark><\/strong><br>El sismo ocurri\u00f3 a las 19:25 horas (hora rusa del martes), a una profundidad de 600 kil\u00f3metros y a 134 km de Petropavlovsk-Kamchatsky, epicentro del movimiento. Se trata de uno de los 13 terremotos m\u00e1s potentes registrados instrumentalmente, empatando en magnitud con el sismo de 8,8 grados que sacudi\u00f3 Chile el 27 de febrero de 2010.<\/p>\n\n\n\n<p>Solo el megasismo de Valdivia en 1960, con una magnitud de 9,5, supera a este evento en la escala global.<\/p>\n\n\n\n<p><strong><mark style=\"background-color:rgba(0, 0, 0, 0)\" class=\"has-inline-color has-vivid-red-color\">Respuesta oficial y monitoreo<\/mark><\/strong><br>El presidente Gabriel Boric encabez\u00f3 temprano una reuni\u00f3n del Comit\u00e9 Nacional para la Gesti\u00f3n del Riesgo de Desastres (Cogrid) desde La Moneda, acompa\u00f1ado por representantes del SHOA, Senapred, las Fuerzas Armadas y la Direcci\u00f3n Meteorol\u00f3gica.<\/p>\n\n\n\n<p>\u201cEstamos monitoreando la situaci\u00f3n en todo el pa\u00eds. La prevenci\u00f3n es clave. Por favor, sigan las indicaciones de las autoridades\u201d, escribi\u00f3 el mandatario en sus redes sociales.<\/p>\n\n\n\n<p>Expertos compararon esta din\u00e1mica con la del tsunami generado tras la erupci\u00f3n de Tonga en 2022, cuyas olas cruzaron el Pac\u00edfico con gran potencia y sin se\u00f1ales iniciales de destrucci\u00f3n masiva.<\/p>\n\n\n\n<p>Hasta el momento no se han reportado da\u00f1os materiales, pero las autoridades insistieron en que el riesgo contin\u00faa y que las evacuaciones deben cumplirse estrictamente en los horarios establecidos.<\/p>\n\n\n\n<p><strong><mark style=\"background-color:rgba(0, 0, 0, 0)\" class=\"has-inline-color has-vivid-red-color\">Cultura de prevenci\u00f3n s\u00edsmica<\/mark><\/strong><br>Esta emergencia volvi\u00f3 a poner en evidencia la cultura de prevenci\u00f3n s\u00edsmica de Chile, un pa\u00eds que ha reforzado su infraestructura y protocolos desde el terremoto de 2010.<\/p>\n\n\n\n<p>En los \u00faltimos a\u00f1os, la capacitaci\u00f3n ciudadana, campa\u00f1as de simulacros y la modernizaci\u00f3n de los sistemas de monitoreo han permitido respuestas m\u00e1s \u00e1giles ante fen\u00f3menos de alto impacto como este.<\/p>\n\n\n\n<p>Senapred advirti\u00f3 que la alerta se mantendr\u00e1 vigente hasta nuevo aviso, y que cualquier levantamiento de evacuaci\u00f3n ser\u00e1 comunicado oficialmente. Por su parte, el SHOA sigue monitoreando la evoluci\u00f3n del tsunami y actualizar\u00e1 los boletines conforme avance el fen\u00f3meno en el oc\u00e9ano Pac\u00edfico.<\/p>\n\n\n\n<p class=\"has-text-align-center\"><em><strong><em><strong><em><strong><em><strong><a href=\"https:\/\/t.me\/esreviral\">\u00daNETE A NUESTRO CANAL DE TELEGRAM PARA ESTAR INFORMADO<\/a><\/strong><\/em><\/strong><\/em><\/strong><\/em><\/strong><\/em><\/p>\n\n\n\n<p class=\"has-text-align-right\"><strong><em>Con Informaci\u00f3n de LN.-<\/em><\/strong><\/p>\n","protected":false},"excerpt":{"rendered":"<p>El pa\u00eds activ\u00f3 sus protocolos de emergencia por amenaza de una gran masa de agua en toda la zona costera; despu\u00e9s del mediod\u00eda llegar\u00edan las primeras olas<\/p>\n","protected":false},"author":3,"featured_media":78165,"comment_status":"closed","ping_status":"closed","sticky":false,"template":"","format":"standard","meta":{"jnews-multi-image_gallery":[],"jnews_single_post":{"format":"standard"},"jnews_primary_category":[],"jnews_social_meta":[],"jnews_review":[],"enable_review":"","type":"","name":"","summary":"","brand":"","sku":"","good":[],"bad":[],"score_override":"","override_value":"","rating":[],"price":[],"jnews_override_counter":[],"jnews_post_split":[],"footnotes":""},"categories":[88],"tags":[386,45,34061,173,34060],"class_list":["post-78164","post","type-post","status-publish","format-standard","has-post-thumbnail","hentry","category-internacionales","tag-chile","tag-noticias","tag-senapred","tag-tsunami","tag-tsunami-en-chile"],"amp_enabled":true,"_links":{"self":[{"href":"https:\/\/esreviral.com\/index.php?rest_route=\/wp\/v2\/posts\/78164"}],"collection":[{"href":"https:\/\/esreviral.com\/index.php?rest_route=\/wp\/v2\/posts"}],"about":[{"href":"https:\/\/esreviral.com\/index.php?rest_route=\/wp\/v2\/types\/post"}],"author":[{"embeddable":true,"href":"https:\/\/esreviral.com\/index.php?rest_route=\/wp\/v2\/users\/3"}],"replies":[{"embeddable":true,"href":"https:\/\/esreviral.com\/index.php?rest_route=%2Fwp%2Fv2%2Fcomments&post=78164"}],"version-history":[{"count":1,"href":"https:\/\/esreviral.com\/index.php?rest_route=\/wp\/v2\/posts\/78164\/revisions"}],"predecessor-version":[{"id":78166,"href":"https:\/\/esreviral.com\/index.php?rest_route=\/wp\/v2\/posts\/78164\/revisions\/78166"}],"wp:featuredmedia":[{"embeddable":true,"href":"https:\/\/esreviral.com\/index.php?rest_route=\/wp\/v2\/media\/78165"}],"wp:attachment":[{"href":"https:\/\/esreviral.com\/index.php?rest_route=%2Fwp%2Fv2%2Fmedia&parent=78164"}],"wp:term":[{"taxonomy":"category","embeddable":true,"href":"https:\/\/esreviral.com\/index.php?rest_route=%2Fwp%2Fv2%2Fcategories&post=78164"},{"taxonomy":"post_tag","embeddable":true,"href":"https:\/\/esreviral.com\/index.php?rest_route=%2Fwp%2Fv2%2Ftags&post=78164"}],"curies":[{"name":"wp","href":"https:\/\/api.w.org\/{rel}","templated":true}]}}