{"id":78158,"date":"2025-07-30T08:21:31","date_gmt":"2025-07-30T13:21:31","guid":{"rendered":"https:\/\/esreviral.com\/?p=78158"},"modified":"2025-07-30T08:21:32","modified_gmt":"2025-07-30T13:21:32","slug":"suspendieron-la-cremacion-de-locomotora-oliveras-por-orden-judicial-le-realizaran-una-autopsia","status":"publish","type":"post","link":"https:\/\/esreviral.com\/?p=78158","title":{"rendered":"Suspendieron la cremaci\u00f3n de Locomotora Oliveras por orden judicial: le realizar\u00e1n una autopsia"},"content":{"rendered":"\n<p><strong>Minutos antes de que finalizara el velatorio de Alejandra \u201cLocomotora\u201d Oliveras en la Legislatura de la provincia de Santa Fe, la Justicia orden\u00f3 suspender la cremaci\u00f3n de sus restos ante la posibilidad de realizar una autopsia.<\/strong><\/p>\n\n\n\n<p>El Ministerio P\u00fablico Fiscal de la Naci\u00f3n dispuso que se abstuviera cualquier procedimiento sobre el cuerpo de la exboxeadora \u201chasta tanto se eval\u00fae la posible realizaci\u00f3n de una autopsia judicial\u201d y solicit\u00f3 que los restos se conserven \u201cen condiciones adecuadas\u201d hasta recibir nuevas instrucciones.<\/p>\n\n\n\n<p>La decisi\u00f3n fue tomada a partir de un pedido presentado por el fisicoculturista mendocino Aldo Parodi \u2014representado por la abogada Patricia Noem\u00ed Apesteguy\u2014 quien solicit\u00f3 que se investigue si Oliveras fue inducida de forma ilegal a consumir anab\u00f3licos, esteroides u otras sustancias prohibidas, lo que podr\u00eda haber derivado en el accidente cerebrovascular isqu\u00e9mico (ACV) que la llev\u00f3 a la muerte.<\/p>\n\n\n\n<p class=\"has-text-align-center\"><strong><a href=\"https:\/\/chat.whatsapp.com\/KWkTmakY3I05kNdd2oZl6d\"><em>\u00daNETE A NUESTRO GRUPO DE WHATSAPP PARA ESTAR INFORMADO<\/em><\/a><\/strong><\/p>\n\n\n<div class=\"wp-block-image\">\n<figure class=\"aligncenter size-large\"><img decoding=\"async\" src=\"https:\/\/resizer.glanacion.com\/resizer\/v2\/llegada-del-feretro-de-alejandra-oliveras-a-la-2BF3K3YNZFH4TIZWWMSZBPRF7I.jpg?auth=2fe89ec8cf197b8b4634c827a813f962e6fd6f8bd30bb8299ee80182771e6a02&amp;width=780&amp;height=520&amp;quality=70&amp;smart=true\" alt=\"\"\/><\/figure><\/div>\n\n\n<p><\/p>\n\n\n\n<p>La medida gener\u00f3 sorpresa en la familia de la deportista, que hab\u00eda solicitado la cremaci\u00f3n de sus restos para este mi\u00e9rcoles. El abogado santafesino Luis Hilbert, representante de los hijos de Oliveras, expres\u00f3 su desconcierto y se\u00f1al\u00f3 que la familia atraviesa un momento de profundo dolor, ahora agravado por esta intervenci\u00f3n judicial.<\/p>\n\n\n\n<p>\u201cLa presente medida obedece a que esta Unidad Fiscal ha tomado conocimiento, a trav\u00e9s de medios de comunicaci\u00f3n, de la voluntad manifestada por los familiares de proceder a la cremaci\u00f3n del cuerpo en el d\u00eda de ma\u00f1ana (30\/07\/2025)\u201d, expres\u00f3 la Justicia en un escrito enviado al responsable del cementerio municipal de Santa Fe. En ese mismo documento, se advirti\u00f3 que la cremaci\u00f3n \u201cpodr\u00eda comprometer la obtenci\u00f3n de evidencia relevante para el esclarecimiento de los hechos vinculados al fallecimiento\u201d.<\/p>\n\n\n\n<p>Por \u00faltimo, la auxiliar fiscal Mar\u00eda Jos\u00e9 de la Torre \u2014de la Unidad Fiscal Santa Fe del Ministerio P\u00fablico Fiscal de la Naci\u00f3n\u2014 inform\u00f3 que, por una cuesti\u00f3n de competencia, la denuncia ser\u00e1 remitida al Ministerio P\u00fablico de la Acusaci\u00f3n de Santa Fe para su tramitaci\u00f3n.<\/p>\n\n\n<div class=\"wp-block-image\">\n<figure class=\"aligncenter size-large\"><img decoding=\"async\" src=\"https:\/\/resizer.glanacion.com\/resizer\/v2\/velatorio-de-alejandra-oliveras-en-la-legislatura-VZIO2LQZ6ZETHBLTCRZ3BXVUAA.JPEG?auth=756e815d1e3b48a3cb7bae1d065000eadca093f846c6cce6db8e6f62591029b5&amp;width=780&amp;height=519&amp;quality=70&amp;smart=true\" alt=\"\"\/><\/figure><\/div>\n\n\n<p><\/p>\n\n\n\n<p><strong><mark style=\"background-color:rgba(0, 0, 0, 0)\" class=\"has-inline-color has-vivid-red-color\">El \u00faltimo adi\u00f3s a la campeona<\/mark><\/strong><\/p>\n\n\n\n<p>Poco despu\u00e9s de las 16, los restos de \u201cLocomotora\u201d fueron trasladados a la Legislatura provincial, en avenida General L\u00f3pez 3055. All\u00ed, fan\u00e1ticos y p\u00fablico en general tendr\u00e1n la oportunidad de despedir a la seis veces campeona mundial entre las 17 y las 21.<\/p>\n\n\n\n<p><strong><mark style=\"background-color:rgba(0, 0, 0, 0)\" class=\"has-inline-color has-vivid-red-color\">Los \u00faltimos d\u00edas de Alejandra Oliveras<\/mark><\/strong><\/p>\n\n\n\n<p>La exboxeadora de 47 a\u00f1os de edad permaneci\u00f3 internada durante dos semanas en el Hospital Jos\u00e9 Mar\u00eda Cullen, en Santa Fe, tras sufrir un ACV. En los \u00faltimos d\u00edas, hab\u00eda mostrado una leve mejor\u00eda, aunque su estado segu\u00eda siendo cr\u00edtico desde el ingreso.<\/p>\n\n\n\n<p>En conferencia de prensa, el director del hospital, Bruno Moroni, explic\u00f3: \u201cSufri\u00f3 un shock con hipoxemia severa y una embolia pulmonar masiva, que desencadenaron un paro cardiorrespiratorio refractario. A pesar de haberse implementado todas las medidas necesarias, se produjo su fallecimiento\u201d.<\/p>\n\n\n\n<p class=\"has-text-align-center\"><em><strong><em><strong><em><strong><em><strong><a href=\"https:\/\/t.me\/esreviral\">\u00daNETE A NUESTRO CANAL DE TELEGRAM PARA ESTAR INFORMADO<\/a><\/strong><\/em><\/strong><\/em><\/strong><\/em><\/strong><\/em><\/p>\n\n\n<div class=\"wp-block-image\">\n<figure class=\"aligncenter size-large\"><img decoding=\"async\" src=\"https:\/\/resizer.glanacion.com\/resizer\/v2\/fila-para-despedir-a-alejandra-oliveras-en-la-LJNBG635OBEVNPMGSVAK4M3HOA.JPEG?auth=0776baf32c642d6f0a5adf97385cf4499e1618d6f1e0c9a47f63dfcea25eb2c6&amp;width=780&amp;height=519&amp;quality=70&amp;smart=true\" alt=\"\"\/><\/figure><\/div>\n\n\n<p><\/p>\n\n\n\n<p class=\"has-text-align-right\"><strong><em>Con Informaci\u00f3n de LN.-<\/em><\/strong><\/p>\n","protected":false},"excerpt":{"rendered":"<p>La medida fue ordenada por el Ministerio P\u00fablico Fiscal de la Naci\u00f3n; solicit\u00f3 que el cuerpo se preserve en las \u201ccondiciones adecuadas\u201d<\/p>\n","protected":false},"author":3,"featured_media":78159,"comment_status":"closed","ping_status":"closed","sticky":false,"template":"","format":"standard","meta":{"jnews-multi-image_gallery":[],"jnews_single_post":{"format":"standard"},"jnews_primary_category":[],"jnews_social_meta":[],"jnews_review":[],"enable_review":"","type":"","name":"","summary":"","brand":"","sku":"","good":[],"bad":[],"score_override":"","override_value":"","rating":[],"price":[],"jnews_override_counter":[],"jnews_post_split":[],"footnotes":""},"categories":[48],"tags":[34058,44,33164,45,34057,3076,34056],"class_list":["post-78158","post","type-post","status-publish","format-standard","has-post-thumbnail","hentry","category-deportes","tag-alejandra-locomotora-oliveras-2","tag-argentina","tag-locomotora-oliveras","tag-noticias","tag-orden-judicial","tag-santa-fe","tag-suspendieron-la-cremacion-de-locomotora-oliveras-por-orden-judicial-le-realizaran-una-autopsia"],"amp_enabled":true,"_links":{"self":[{"href":"https:\/\/esreviral.com\/index.php?rest_route=\/wp\/v2\/posts\/78158"}],"collection":[{"href":"https:\/\/esreviral.com\/index.php?rest_route=\/wp\/v2\/posts"}],"about":[{"href":"https:\/\/esreviral.com\/index.php?rest_route=\/wp\/v2\/types\/post"}],"author":[{"embeddable":true,"href":"https:\/\/esreviral.com\/index.php?rest_route=\/wp\/v2\/users\/3"}],"replies":[{"embeddable":true,"href":"https:\/\/esreviral.com\/index.php?rest_route=%2Fwp%2Fv2%2Fcomments&post=78158"}],"version-history":[{"count":1,"href":"https:\/\/esreviral.com\/index.php?rest_route=\/wp\/v2\/posts\/78158\/revisions"}],"predecessor-version":[{"id":78160,"href":"https:\/\/esreviral.com\/index.php?rest_route=\/wp\/v2\/posts\/78158\/revisions\/78160"}],"wp:featuredmedia":[{"embeddable":true,"href":"https:\/\/esreviral.com\/index.php?rest_route=\/wp\/v2\/media\/78159"}],"wp:attachment":[{"href":"https:\/\/esreviral.com\/index.php?rest_route=%2Fwp%2Fv2%2Fmedia&parent=78158"}],"wp:term":[{"taxonomy":"category","embeddable":true,"href":"https:\/\/esreviral.com\/index.php?rest_route=%2Fwp%2Fv2%2Fcategories&post=78158"},{"taxonomy":"post_tag","embeddable":true,"href":"https:\/\/esreviral.com\/index.php?rest_route=%2Fwp%2Fv2%2Ftags&post=78158"}],"curies":[{"name":"wp","href":"https:\/\/api.w.org\/{rel}","templated":true}]}}