{"id":78143,"date":"2025-07-30T07:38:45","date_gmt":"2025-07-30T12:38:45","guid":{"rendered":"https:\/\/esreviral.com\/?p=78143"},"modified":"2025-07-30T07:38:47","modified_gmt":"2025-07-30T12:38:47","slug":"subte-colectivos-y-peajes-suben-lo-que-tienes-que-saber-antes-de-moverte-por-la-ciudad","status":"publish","type":"post","link":"https:\/\/esreviral.com\/?p=78143","title":{"rendered":"Subte, colectivos y peajes suben: lo que tienes que saber antes de moverte por la Ciudad"},"content":{"rendered":"\n<p>A partir de este viernes, el transporte p\u00fablico porte\u00f1o y los peajes en la Ciudad de Buenos Aires volver\u00e1n a aumentar. Los ajustes responden a una resoluci\u00f3n vigente desde marzo, que establece subas mensuales del <strong>2% m\u00e1s la inflaci\u00f3n<\/strong>. En esta ocasi\u00f3n, el incremento ser\u00e1 del <strong>3,6%<\/strong>.<\/p>\n\n\n\n<p>Con esta actualizaci\u00f3n, el <strong>boleto del subte superar\u00e1 por primera vez los $1.000<\/strong>, mientras que se mantiene y ampl\u00eda la brecha tarifaria con otras modalidades de transporte.<\/p>\n\n\n\n<p class=\"has-text-align-center\"><strong><a href=\"https:\/\/chat.whatsapp.com\/KWkTmakY3I05kNdd2oZl6d\"><em>\u00daNETE A NUESTRO GRUPO DE WHATSAPP PARA ESTAR INFORMADO<\/em><\/a><\/strong><\/p>\n\n\n\n<h3 class=\"wp-block-heading\"><strong><mark style=\"background-color:rgba(0, 0, 0, 0)\" class=\"has-inline-color has-vivid-red-color\">Nuevas tarifas desde el viernes<\/mark><\/strong><\/h3>\n\n\n\n<ul class=\"wp-block-list\">\n<li><strong>Subte<\/strong>: de $996 a <strong>$1.031<\/strong><\/li>\n\n\n\n<li><strong>Colectivos porte\u00f1os<\/strong>: el m\u00ednimo pasa de $488,70 a <strong>$506,39<\/strong><\/li>\n\n\n\n<li><strong>Peajes (hora pico, autos particulares)<\/strong>:\n<ul class=\"wp-block-list\">\n<li><strong>Perito Moreno y 25 de Mayo<\/strong>: $4.191,32<\/li>\n\n\n\n<li><strong>Illia<\/strong>: $1.742,49<br>En hora no pico, los valores ser\u00e1n de $2.957,54 y $1.232,19, respectivamente.<\/li>\n<\/ul>\n<\/li>\n<\/ul>\n\n\n\n<p><\/p>\n\n\n<div class=\"wp-block-image\">\n<figure class=\"aligncenter size-full\"><img fetchpriority=\"high\" decoding=\"async\" width=\"518\" height=\"326\" src=\"https:\/\/esreviral.com\/wp-content\/uploads\/2025\/07\/WhatsApp-Image-2025-07-30-at-9.22.57-AM-1.jpeg\" alt=\"\" class=\"wp-image-78145\" srcset=\"https:\/\/esreviral.com\/wp-content\/uploads\/2025\/07\/WhatsApp-Image-2025-07-30-at-9.22.57-AM-1.jpeg 518w, https:\/\/esreviral.com\/wp-content\/uploads\/2025\/07\/WhatsApp-Image-2025-07-30-at-9.22.57-AM-1-300x189.jpeg 300w\" sizes=\"(max-width: 518px) 100vw, 518px\" \/><\/figure><\/div>\n\n\n<p><\/p>\n\n\n\n<h3 class=\"wp-block-heading\"><strong><mark style=\"background-color:rgba(0, 0, 0, 0)\" class=\"has-inline-color has-vivid-red-color\">Colectivos: modernizaci\u00f3n, energ\u00edas limpias y renovaci\u00f3n de flota<\/mark><\/strong><\/h3>\n\n\n\n<p>El nuevo cuadro tarifario en las <strong>30 l\u00edneas gestionadas por la Ciudad<\/strong> establece los siguientes valores:<\/p>\n\n\n\n<ul class=\"wp-block-list\">\n<li><strong>0 a 3 km<\/strong>: $506,39<\/li>\n\n\n\n<li><strong>3 a 6 km<\/strong>: $564,12<\/li>\n\n\n\n<li><strong>6 a 12 km<\/strong>: $607,58<\/li>\n\n\n\n<li><strong>12 a 27 km<\/strong>: $651,08<\/li>\n<\/ul>\n\n\n\n<p><\/p>\n\n\n\n<p>Desde el Ejecutivo porte\u00f1o argumentan que estos aumentos buscan reducir el atraso tarifario frente al costo operativo, y destacan avances en la <strong>modernizaci\u00f3n del sistema<\/strong>: instalaci\u00f3n de validadores multipago, incorporaci\u00f3n de c\u00e1maras y mejoras en los recorridos.<\/p>\n\n\n\n<p>Adem\u00e1s, se est\u00e1 impulsando un <strong>plan de reconversi\u00f3n hacia energ\u00edas limpias<\/strong>. A partir de enero de 2027, ser\u00e1 obligatorio que las nuevas unidades que reemplacen a las gasoleras sean el\u00e9ctricas o a gas. Para 2026, se espera que al menos el <strong>15% de la flota<\/strong> sea de energ\u00edas limpias, y que ese n\u00famero llegue al <strong>30% en 2027<\/strong>.<\/p>\n\n\n\n<p>Actualmente, la Ciudad cuenta con <strong>1.611 colectivos<\/strong>, de los cuales 145 son 0 km incorporados este a\u00f1o, y otros 141 est\u00e1n listos para ser renovados.<\/p>\n\n\n<div class=\"wp-block-image\">\n<figure class=\"aligncenter size-full\"><img decoding=\"async\" width=\"541\" height=\"414\" src=\"https:\/\/esreviral.com\/wp-content\/uploads\/2025\/07\/WhatsApp-Image-2025-07-30-at-9.23.38-AM.jpeg\" alt=\"\" class=\"wp-image-78149\" srcset=\"https:\/\/esreviral.com\/wp-content\/uploads\/2025\/07\/WhatsApp-Image-2025-07-30-at-9.23.38-AM.jpeg 541w, https:\/\/esreviral.com\/wp-content\/uploads\/2025\/07\/WhatsApp-Image-2025-07-30-at-9.23.38-AM-300x230.jpeg 300w\" sizes=\"(max-width: 541px) 100vw, 541px\" \/><\/figure><\/div>\n\n\n<p><\/p>\n\n\n\n<p>El objetivo oficial es reducir la <strong>edad promedio de la flota a 4,5 a\u00f1os<\/strong>, bajando dos a\u00f1os respecto del promedio actual (6,5 a\u00f1os). Para incentivar la renovaci\u00f3n, el Gobierno ofrece <strong>subsidios diferenciados<\/strong>: por ejemplo, una unidad el\u00e9ctrica cuesta entre <strong>USD 550.000 y 650.000<\/strong>, mientras que una a gas ronda los <strong>USD 200.000 a 300.000<\/strong>, y una di\u00e9sel menos de <strong>USD 200.000<\/strong>.<\/p>\n\n\n\n<p>En la regi\u00f3n, <strong>Santiago de Chile<\/strong> es actualmente la ciudad m\u00e1s avanzada en movilidad limpia, con <strong>2.480 buses el\u00e9ctricos<\/strong> en su red.<\/p>\n\n\n\n<h3 class=\"wp-block-heading\"><strong><mark style=\"background-color:rgba(0, 0, 0, 0)\" class=\"has-inline-color has-vivid-red-color\">Subte: rompe la barrera de los $1.000 y sube el uso<\/mark><\/strong><\/h3>\n\n\n\n<p>El pasaje de subte costar\u00e1 desde el viernes <strong>$1.031<\/strong>, manteniendo una brecha del <strong>103% respecto del colectivo porte\u00f1o<\/strong> y del <strong>128% frente al colectivo nacional<\/strong>, que tiene una tarifa m\u00ednima de $451,01.<\/p>\n\n\n\n<p>Tras una baja sostenida en la cantidad de usuarios, en junio se registr\u00f3 un repunte: <strong>9% m\u00e1s<\/strong> de pasajeros que en junio de 2024. Seg\u00fan la concesionaria <strong>Emova<\/strong>, los fines de semana tambi\u00e9n se not\u00f3 una mejora: <strong>+12% los s\u00e1bados y +11% los domingos<\/strong>, respecto del mismo mes del a\u00f1o anterior.<\/p>\n\n\n\n<p>En ese contexto, se volvieron claves los <strong>nuevos medios de pago<\/strong>. Desde diciembre, todas las estaciones cuentan con al menos un molinete que acepta <strong>tarjetas de cr\u00e9dito, d\u00e9bito, pagos NFC con celular y billeteras virtuales con QR<\/strong>. Actualmente, el 30% de los pasajes se pagan por estas v\u00edas, aprovechando promociones y reintegros de hasta el <strong>100%<\/strong>.<\/p>\n\n\n\n<p>Adem\u00e1s, se mantienen los <strong>descuentos para pasajeros frecuentes<\/strong> (con el mismo medio de pago):<\/p>\n\n\n\n<ul class=\"wp-block-list\">\n<li><strong>21 a 30 viajes<\/strong>: $824<\/li>\n\n\n\n<li><strong>31 a 40 viajes<\/strong>: $721,70<\/li>\n\n\n\n<li><strong>41 o m\u00e1s<\/strong>: $618,60<\/li>\n\n\n\n<li><strong>Premetro<\/strong>: $360,85<\/li>\n<\/ul>\n\n\n\n<p><\/p>\n\n\n\n<h2 class=\"wp-block-heading\"><strong><mark style=\"background-color:rgba(0, 0, 0, 0)\" class=\"has-inline-color has-vivid-red-color\">Autopistas<\/mark><\/strong><\/h2>\n\n\n<div class=\"wp-block-image\">\n<figure class=\"aligncenter size-full is-resized\"><img decoding=\"async\" width=\"472\" height=\"555\" src=\"https:\/\/esreviral.com\/wp-content\/uploads\/2025\/07\/WhatsApp-Image-2025-07-30-at-9.25.11-AM.jpeg\" alt=\"\" class=\"wp-image-78153\" style=\"width:589px;height:auto\" srcset=\"https:\/\/esreviral.com\/wp-content\/uploads\/2025\/07\/WhatsApp-Image-2025-07-30-at-9.25.11-AM.jpeg 472w, https:\/\/esreviral.com\/wp-content\/uploads\/2025\/07\/WhatsApp-Image-2025-07-30-at-9.25.11-AM-255x300.jpeg 255w\" sizes=\"(max-width: 472px) 100vw, 472px\" \/><\/figure><\/div>\n\n\n<h3 class=\"wp-block-heading\"><strong><mark style=\"background-color:rgba(0, 0, 0, 0)\" class=\"has-inline-color has-vivid-red-color\">Peajes: aumentos y obras previstas<\/mark><\/strong><\/h3>\n\n\n\n<p>Los peajes tambi\u00e9n se incrementar\u00e1n este viernes. Seg\u00fan AUSA, el aumento se enmarca en un plan de obras que incluye:<\/p>\n\n\n\n<ul class=\"wp-block-list\">\n<li>Paso Bajo Nivel <strong>Garc\u00eda Lorca<\/strong> (Caballito)<\/li>\n\n\n\n<li>Ampliaci\u00f3n de la autopista <strong>Dellepiane<\/strong>, con \u00e1reas verdes y un nuevo carril central<\/li>\n<\/ul>\n\n\n\n<p><\/p>\n\n\n\n<p>Por ley, el <strong>10% de lo recaudado en peajes<\/strong> se destina a subsidiar el subte. Del resto:<\/p>\n\n\n\n<ul class=\"wp-block-list\">\n<li><strong>40%<\/strong>: operaci\u00f3n y mantenimiento<\/li>\n\n\n\n<li><strong>5%<\/strong>: ampliaci\u00f3n de red subterr\u00e1nea<\/li>\n\n\n\n<li><strong>55%<\/strong>: obras viales<\/li>\n<\/ul>\n\n\n\n<p><\/p>\n\n\n\n<p class=\"has-text-align-center\"><em><strong><em><strong><em><strong><em><strong><a href=\"https:\/\/t.me\/esreviral\">\u00daNETE A NUESTRO CANAL DE TELEGRAM PARA ESTAR INFORMADO<\/a><\/strong><\/em><\/strong><\/em><\/strong><\/em><\/strong><\/em><\/p>\n\n\n\n<p class=\"has-text-align-right\"><strong><em>Con Informaci\u00f3n de Clarin.-<\/em><\/strong><\/p>\n","protected":false},"excerpt":{"rendered":"<p>Desde este viernes ser\u00e1n un 3,6% m\u00e1s caros.<br \/>\nTambi\u00e9n habr\u00e1 incremento en los peajes de las autopistas porte\u00f1as.<\/p>\n","protected":false},"author":3,"featured_media":78152,"comment_status":"closed","ping_status":"closed","sticky":false,"template":"","format":"standard","meta":{"jnews-multi-image_gallery":[],"jnews_single_post":{"format":"standard"},"jnews_primary_category":[],"jnews_social_meta":[],"jnews_review":[],"enable_review":"","type":"","name":"","summary":"","brand":"","sku":"","good":[],"bad":[],"score_override":"","override_value":"","rating":[],"price":[],"jnews_override_counter":[],"jnews_post_split":[],"footnotes":""},"categories":[58,61],"tags":[44,2143,45,1427,5273],"class_list":["post-78143","post","type-post","status-publish","format-standard","has-post-thumbnail","hentry","category-argentina","category-economia","tag-argentina","tag-colectivos","tag-noticias","tag-peajes","tag-transporte-publico-2"],"amp_enabled":true,"_links":{"self":[{"href":"https:\/\/esreviral.com\/index.php?rest_route=\/wp\/v2\/posts\/78143"}],"collection":[{"href":"https:\/\/esreviral.com\/index.php?rest_route=\/wp\/v2\/posts"}],"about":[{"href":"https:\/\/esreviral.com\/index.php?rest_route=\/wp\/v2\/types\/post"}],"author":[{"embeddable":true,"href":"https:\/\/esreviral.com\/index.php?rest_route=\/wp\/v2\/users\/3"}],"replies":[{"embeddable":true,"href":"https:\/\/esreviral.com\/index.php?rest_route=%2Fwp%2Fv2%2Fcomments&post=78143"}],"version-history":[{"count":2,"href":"https:\/\/esreviral.com\/index.php?rest_route=\/wp\/v2\/posts\/78143\/revisions"}],"predecessor-version":[{"id":78154,"href":"https:\/\/esreviral.com\/index.php?rest_route=\/wp\/v2\/posts\/78143\/revisions\/78154"}],"wp:featuredmedia":[{"embeddable":true,"href":"https:\/\/esreviral.com\/index.php?rest_route=\/wp\/v2\/media\/78152"}],"wp:attachment":[{"href":"https:\/\/esreviral.com\/index.php?rest_route=%2Fwp%2Fv2%2Fmedia&parent=78143"}],"wp:term":[{"taxonomy":"category","embeddable":true,"href":"https:\/\/esreviral.com\/index.php?rest_route=%2Fwp%2Fv2%2Fcategories&post=78143"},{"taxonomy":"post_tag","embeddable":true,"href":"https:\/\/esreviral.com\/index.php?rest_route=%2Fwp%2Fv2%2Ftags&post=78143"}],"curies":[{"name":"wp","href":"https:\/\/api.w.org\/{rel}","templated":true}]}}