{"id":78138,"date":"2025-07-30T07:01:22","date_gmt":"2025-07-30T12:01:22","guid":{"rendered":"https:\/\/esreviral.com\/?p=78138"},"modified":"2025-07-30T07:12:45","modified_gmt":"2025-07-30T12:12:45","slug":"accidente-aereo-en-amazonas-rescataron-a-tres-sobrevivientes","status":"publish","type":"post","link":"https:\/\/esreviral.com\/?p=78138","title":{"rendered":"Accidente a\u00e9reo en Amazonas: rescataron a tres sobrevivientes"},"content":{"rendered":"\n<p><strong><a href=\"https:\/\/esreviral.com\/?p=78131\" data-type=\"link\" data-id=\"https:\/\/esreviral.com\/?p=78131\">Efectivos de la Fuerza Armada Nacional Bolivariana (FANB) lograron rescatar a tres personas tras un accidente a\u00e9reo ocurrido la ma\u00f1ana de este martes en el estado Amazonas, Venezuela.<\/a><\/strong><\/p>\n\n\n\n<p>Seg\u00fan report\u00f3 Venezolana de Televisi\u00f3n (VTV), la aeronave sufri\u00f3 una <strong>falla t\u00e9cnica<\/strong> mientras se dirig\u00eda a la localidad de <strong>Parima-B<\/strong>, en el municipio <strong>Alto Orinoco<\/strong>, tras despegar desde <strong>Puerto Ayacucho<\/strong>.<\/p>\n\n\n\n<p class=\"has-text-align-center\"><strong><a href=\"https:\/\/chat.whatsapp.com\/KWkTmakY3I05kNdd2oZl6d\"><em>\u00daNETE A NUESTRO GRUPO DE WHATSAPP PARA ESTAR INFORMADO<\/em><\/a><\/strong><\/p>\n\n\n\n<p><\/p>\n\n\n\n<p>El gobernador de Amazonas, <strong>Miguel Rodr\u00edguez<\/strong>, inform\u00f3 que a bordo del avi\u00f3n viajaban al menos <strong>diez personas<\/strong>, entre ellas miembros de la <strong>tripulaci\u00f3n<\/strong>, <strong>ind\u00edgenas de la etnia Yanomami<\/strong> y <strong>personal m\u00e9dico<\/strong>.<\/p>\n\n\n\n<p>Las autoridades mantienen activas las labores de <strong>b\u00fasqueda y rescate<\/strong> en la zona del siniestro, mientras contin\u00faa la b\u00fasqueda de otros posibles sobrevivientes. Hasta el momento, no se han dado a conocer m\u00e1s detalles sobre las causas exactas del accidente ni sobre el estado del resto de los ocupantes.<\/p>\n\n\n\n<p>La aeronave accidentada pertenec\u00eda al <strong>Grupo A\u00e9reo de Transporte N\u00ba 9<\/strong> de la <strong>Fuerza A\u00e9rea Bolivariana<\/strong>.<\/p>\n\n\n\n<p>En im\u00e1genes difundidas por VTV, se observa a los rescatados siendo descendidos de un <strong>helic\u00f3ptero militar en camillas<\/strong>, recibiendo atenci\u00f3n m\u00e9dica inmediata.<\/p>\n\n\n\n<p class=\"has-text-align-center\"><em><strong><em><strong><em><strong><em><strong><a href=\"https:\/\/t.me\/esreviral\">\u00daNETE A NUESTRO CANAL DE TELEGRAM PARA ESTAR INFORMADO<\/a><\/strong><\/em><\/strong><\/em><\/strong><\/em><\/strong><\/em><\/p>\n\n\n\n<p class=\"has-text-align-right\"><strong><em>Con Informaci\u00f3n de&nbsp;elnacional.com.-<\/em><\/strong><\/p>\n\n\n\n<p><\/p>\n","protected":false},"excerpt":{"rendered":"<p>El gobernador de Amazonas, Miguel Rodr\u00edguez, inform\u00f3 que a bordo de la aeronave viajaban al menos 10 personas, entre tripulaci\u00f3n, ind\u00edgenas de la etnia Yanomami y personal m\u00e9dico<\/p>\n","protected":false},"author":3,"featured_media":78132,"comment_status":"closed","ping_status":"closed","sticky":false,"template":"","format":"standard","meta":{"jnews-multi-image_gallery":[],"jnews_single_post":{"format":"standard"},"jnews_primary_category":[],"jnews_social_meta":[],"jnews_review":[],"enable_review":"","type":"","name":"","summary":"","brand":"","sku":"","good":[],"bad":[],"score_override":"","override_value":"","rating":[],"price":[],"jnews_override_counter":[],"jnews_post_split":[],"footnotes":""},"categories":[66],"tags":[6362,5334,45,34054,56],"class_list":["post-78138","post","type-post","status-publish","format-standard","has-post-thumbnail","hentry","category-venezuela","tag-accidente-aereo","tag-amazonas","tag-noticias","tag-sobrevivientes","tag-venezuela"],"amp_enabled":true,"_links":{"self":[{"href":"https:\/\/esreviral.com\/index.php?rest_route=\/wp\/v2\/posts\/78138"}],"collection":[{"href":"https:\/\/esreviral.com\/index.php?rest_route=\/wp\/v2\/posts"}],"about":[{"href":"https:\/\/esreviral.com\/index.php?rest_route=\/wp\/v2\/types\/post"}],"author":[{"embeddable":true,"href":"https:\/\/esreviral.com\/index.php?rest_route=\/wp\/v2\/users\/3"}],"replies":[{"embeddable":true,"href":"https:\/\/esreviral.com\/index.php?rest_route=%2Fwp%2Fv2%2Fcomments&post=78138"}],"version-history":[{"count":3,"href":"https:\/\/esreviral.com\/index.php?rest_route=\/wp\/v2\/posts\/78138\/revisions"}],"predecessor-version":[{"id":78141,"href":"https:\/\/esreviral.com\/index.php?rest_route=\/wp\/v2\/posts\/78138\/revisions\/78141"}],"wp:featuredmedia":[{"embeddable":true,"href":"https:\/\/esreviral.com\/index.php?rest_route=\/wp\/v2\/media\/78132"}],"wp:attachment":[{"href":"https:\/\/esreviral.com\/index.php?rest_route=%2Fwp%2Fv2%2Fmedia&parent=78138"}],"wp:term":[{"taxonomy":"category","embeddable":true,"href":"https:\/\/esreviral.com\/index.php?rest_route=%2Fwp%2Fv2%2Fcategories&post=78138"},{"taxonomy":"post_tag","embeddable":true,"href":"https:\/\/esreviral.com\/index.php?rest_route=%2Fwp%2Fv2%2Ftags&post=78138"}],"curies":[{"name":"wp","href":"https:\/\/api.w.org\/{rel}","templated":true}]}}