{"id":78131,"date":"2025-07-29T14:47:50","date_gmt":"2025-07-29T19:47:50","guid":{"rendered":"https:\/\/esreviral.com\/?p=78131"},"modified":"2025-07-29T14:47:51","modified_gmt":"2025-07-29T19:47:51","slug":"aeronave-con-pasajeros-indigenas-se-precipito-en-amazonas-aun-no-hay-informacion-sobre-los-sobrevivientes","status":"publish","type":"post","link":"https:\/\/esreviral.com\/?p=78131","title":{"rendered":"Aeronave con pasajeros ind\u00edgenas se precipit\u00f3 en Amazonas: a\u00fan no hay informaci\u00f3n sobre los sobrevivientes"},"content":{"rendered":"\n<p>El gobernador del estado Amazonas, <strong>Miguel Rodr\u00edguez<\/strong>, confirm\u00f3 este martes que una aeronave se precipit\u00f3 a tierra mientras cubr\u00eda la ruta entre <strong>Puerto Ayacucho<\/strong> y la localidad de <strong>Parima B<\/strong>, en el municipio <strong>Alto Orinoco<\/strong>.<\/p>\n\n\n\n<p class=\"has-text-align-center\"><strong><a href=\"https:\/\/chat.whatsapp.com\/KWkTmakY3I05kNdd2oZl6d\"><em>\u00daNETE A NUESTRO GRUPO DE WHATSAPP PARA ESTAR INFORMADO<\/em><\/a><\/strong><\/p>\n\n\n\n<blockquote class=\"twitter-tweet\"><p lang=\"es\" dir=\"ltr\">\ud83d\udeec\ud83d\udde3\ufe0f El gobernador de Amazonas, Miguel Rodr\u00edguez, confirm\u00f3 este martes que una aeronave se precipit\u00f3 a tierra en la entidad.<br><br>Explic\u00f3 que la aeronave trasladaba a pasajeros yanomamis desde Puerto Ayacucho a la localidad de Parima B en el Alto Orinoco.<a href=\"https:\/\/twitter.com\/hashtag\/esreviral?src=hash&amp;ref_src=twsrc%5Etfw\">#esreviral<\/a> <a href=\"https:\/\/t.co\/KYKtQrkOud\">pic.twitter.com\/KYKtQrkOud<\/a><\/p>&mdash; ES RE VIRAL (@esreviral) <a href=\"https:\/\/twitter.com\/esreviral\/status\/1950281355587199104?ref_src=twsrc%5Etfw\">July 29, 2025<\/a><\/blockquote> <script async src=\"https:\/\/platform.twitter.com\/widgets.js\" charset=\"utf-8\"><\/script>\n\n\n\n<p><\/p>\n\n\n\n<p>eg\u00fan detall\u00f3 el mandatario regional, la aeronave trasladaba a <strong>pasajeros ind\u00edgenas yanomamis<\/strong>, adem\u00e1s de <strong>equipo m\u00e9dico<\/strong>. \u00abLamentablemente no pudo completar su ruta y una falla provoc\u00f3 la ca\u00edda. A\u00fan no sabemos en qu\u00e9 condiciones se encuentran el piloto y los pasajeros\u00bb, declar\u00f3 Rodr\u00edguez.<\/p>\n\n\n\n<p>De acuerdo con el medio <em>M\u00e1gica News<\/em>, la aeronave siniestrada pertenecer\u00eda al <strong>Grupo A\u00e9reo de Transporte N\u00b0 9<\/strong> de la <strong>Aviaci\u00f3n Militar Venezolana<\/strong>, con base en Puerto Ayacucho. Se presume que se trataba de un avi\u00f3n tipo <strong>Cessna Caravan<\/strong>, utilizado habitualmente para misiones humanitarias en el sur del pa\u00eds.<\/p>\n\n\n\n<p>\u00abLa aeronave, con diez ind\u00edgenas yanomamis a bordo y personal m\u00e9dico, deb\u00eda aterrizar en Parima B poco despu\u00e9s de las 9:00 a.m., pero para las 10:30 a.m. no hab\u00eda llegado ni emitido ning\u00fan reporte\u00bb, precis\u00f3 el medio.<\/p>\n\n\n\n<p>Este grupo a\u00e9reo cumple funciones de apoyo log\u00edstico en zonas remotas del Amazonas, realizando <strong>evacuaciones m\u00e9dicas<\/strong> y transportando <strong>alimentos, medicinas y suministros b\u00e1sicos<\/strong> a comunidades ind\u00edgenas.<\/p>\n\n\n\n<p>Hasta el momento, <strong>no se han ofrecido m\u00e1s detalles oficiales<\/strong> sobre el accidente ni sobre el estado de los ocupantes. Se espera que en las pr\u00f3ximas horas las autoridades brinden actualizaciones sobre las labores de b\u00fasqueda y rescate.<\/p>\n\n\n\n<p class=\"has-text-align-center\"><em><strong><em><strong><em><strong><em><strong><a href=\"https:\/\/t.me\/esreviral\">\u00daNETE A NUESTRO CANAL DE TELEGRAM PARA ESTAR INFORMADO<\/a><\/strong><\/em><\/strong><\/em><\/strong><\/em><\/strong><\/em><\/p>\n\n\n\n<p class=\"has-text-align-right\"><strong><em>Con Informaci\u00f3n de caraotadigital.net.-<\/em><\/strong><\/p>\n","protected":false},"excerpt":{"rendered":"<p>Este martes, el gobernador del estado Amazonas, Miguel Rodr\u00edguez, confirm\u00f3 la ca\u00edda de una aeronave que transportaba a miembros de la comunidad yanomami. El vuelo, que parti\u00f3 desde Puerto Ayacucho, ten\u00eda como destino la localidad de Parima B en el Alto Orinoco. <\/p>\n","protected":false},"author":3,"featured_media":78132,"comment_status":"closed","ping_status":"closed","sticky":false,"template":"","format":"standard","meta":{"jnews-multi-image_gallery":[],"jnews_single_post":{"format":"standard"},"jnews_primary_category":[],"jnews_social_meta":[],"jnews_review":[],"enable_review":"","type":"","name":"","summary":"","brand":"","sku":"","good":[],"bad":[],"score_override":"","override_value":"","rating":[],"price":[],"jnews_override_counter":[],"jnews_post_split":[],"footnotes":""},"categories":[64,66],"tags":[34039,8061,5334,45,34040,34038,56],"class_list":["post-78131","post","type-post","status-publish","format-standard","has-post-thumbnail","hentry","category-sucesos","category-venezuela","tag-acciente","tag-aeronave","tag-amazonas","tag-noticias","tag-pasajeros-indigenas","tag-pasajeros-yanomamis","tag-venezuela"],"amp_enabled":true,"_links":{"self":[{"href":"https:\/\/esreviral.com\/index.php?rest_route=\/wp\/v2\/posts\/78131"}],"collection":[{"href":"https:\/\/esreviral.com\/index.php?rest_route=\/wp\/v2\/posts"}],"about":[{"href":"https:\/\/esreviral.com\/index.php?rest_route=\/wp\/v2\/types\/post"}],"author":[{"embeddable":true,"href":"https:\/\/esreviral.com\/index.php?rest_route=\/wp\/v2\/users\/3"}],"replies":[{"embeddable":true,"href":"https:\/\/esreviral.com\/index.php?rest_route=%2Fwp%2Fv2%2Fcomments&post=78131"}],"version-history":[{"count":1,"href":"https:\/\/esreviral.com\/index.php?rest_route=\/wp\/v2\/posts\/78131\/revisions"}],"predecessor-version":[{"id":78133,"href":"https:\/\/esreviral.com\/index.php?rest_route=\/wp\/v2\/posts\/78131\/revisions\/78133"}],"wp:featuredmedia":[{"embeddable":true,"href":"https:\/\/esreviral.com\/index.php?rest_route=\/wp\/v2\/media\/78132"}],"wp:attachment":[{"href":"https:\/\/esreviral.com\/index.php?rest_route=%2Fwp%2Fv2%2Fmedia&parent=78131"}],"wp:term":[{"taxonomy":"category","embeddable":true,"href":"https:\/\/esreviral.com\/index.php?rest_route=%2Fwp%2Fv2%2Fcategories&post=78131"},{"taxonomy":"post_tag","embeddable":true,"href":"https:\/\/esreviral.com\/index.php?rest_route=%2Fwp%2Fv2%2Ftags&post=78131"}],"curies":[{"name":"wp","href":"https:\/\/api.w.org\/{rel}","templated":true}]}}