{"id":7784,"date":"2021-06-23T18:20:26","date_gmt":"2021-06-23T21:20:26","guid":{"rendered":"http:\/\/esreviral.com\/?p=7784"},"modified":"2021-06-23T18:20:26","modified_gmt":"2021-06-23T21:20:26","slug":"venezolano-en-argentina-murio-por-coronavirus-y-recolectan-dinero-para-su-cremacion","status":"publish","type":"post","link":"https:\/\/esreviral.com\/?p=7784","title":{"rendered":"Venezolano en Argentina muri\u00f3 por coronavirus y recolectan dinero para su cremaci\u00f3n"},"content":{"rendered":"\n<p>Un hombre de 39 a\u00f1os de edad, de nombre Jos\u00e9 Guzm\u00e1n, falleci\u00f3 este mi\u00e9rcoles a las 2:00 a.m., luego de estar unos 20 d\u00edas hospitalizado en el Hospital de Quilmes, por complicaciones por el coronavirus.<\/p>\n\n\n\n<p>Guzm\u00e1n, se encontraba en Argentina junto a su esposa e hijas, por lo cual sus compa\u00f1eros de trabajo del reporto est\u00e1n haciendo una colecta para recaudar fondos y colaborar con la cremaci\u00f3n y el pago del alquiler de la vivienda de su familia, ya que su esposa, est\u00e1 sin recursos. <\/p>\n\n\n\n<p><strong>Quienes deseen colaborar pueden hacerlo en la cuenta de Mercado pago, CBU: 0000003100094823687100 a nombre de Yonney Far\u00edas<\/strong><\/p>\n\n\n\n<p>La tarde este mi\u00e9rcoles sus compa\u00f1eros de Pedidos Ya, se iban a reunir para rendirle un homenaje afuera del Hospital ya que no podr\u00e1 hacerse la velaci\u00f3n. <\/p>\n","protected":false},"excerpt":{"rendered":"<p>Estuvo 20 d\u00edas hospitalizado en Quilmes por complicaciones el coronavirus<\/p>\n","protected":false},"author":2,"featured_media":7785,"comment_status":"open","ping_status":"open","sticky":false,"template":"","format":"standard","meta":{"jnews-multi-image_gallery":[],"jnews_single_post":[],"jnews_primary_category":[],"jnews_social_meta":[],"jnews_review":[],"enable_review":"","type":"","name":"","summary":"","brand":"","sku":"","good":[],"bad":[],"score_override":"","override_value":"","rating":[],"price":[],"jnews_override_counter":[],"jnews_post_split":[],"footnotes":""},"categories":[54],"tags":[45,67],"class_list":["post-7784","post","type-post","status-publish","format-standard","has-post-thumbnail","hentry","category-inmigracion","tag-noticias","tag-venezolanos-en-argentina"],"amp_enabled":true,"_links":{"self":[{"href":"https:\/\/esreviral.com\/index.php?rest_route=\/wp\/v2\/posts\/7784"}],"collection":[{"href":"https:\/\/esreviral.com\/index.php?rest_route=\/wp\/v2\/posts"}],"about":[{"href":"https:\/\/esreviral.com\/index.php?rest_route=\/wp\/v2\/types\/post"}],"author":[{"embeddable":true,"href":"https:\/\/esreviral.com\/index.php?rest_route=\/wp\/v2\/users\/2"}],"replies":[{"embeddable":true,"href":"https:\/\/esreviral.com\/index.php?rest_route=%2Fwp%2Fv2%2Fcomments&post=7784"}],"version-history":[{"count":0,"href":"https:\/\/esreviral.com\/index.php?rest_route=\/wp\/v2\/posts\/7784\/revisions"}],"wp:featuredmedia":[{"embeddable":true,"href":"https:\/\/esreviral.com\/index.php?rest_route=\/"}],"wp:attachment":[{"href":"https:\/\/esreviral.com\/index.php?rest_route=%2Fwp%2Fv2%2Fmedia&parent=7784"}],"wp:term":[{"taxonomy":"category","embeddable":true,"href":"https:\/\/esreviral.com\/index.php?rest_route=%2Fwp%2Fv2%2Fcategories&post=7784"},{"taxonomy":"post_tag","embeddable":true,"href":"https:\/\/esreviral.com\/index.php?rest_route=%2Fwp%2Fv2%2Ftags&post=7784"}],"curies":[{"name":"wp","href":"https:\/\/api.w.org\/{rel}","templated":true}]}}