{"id":77724,"date":"2025-07-23T08:02:39","date_gmt":"2025-07-23T13:02:39","guid":{"rendered":"https:\/\/esreviral.com\/?p=77724"},"modified":"2025-07-23T08:02:40","modified_gmt":"2025-07-23T13:02:40","slug":"javier-milei-llamo-bruta-traidora-a-victoria-villarruel-e-insulto-a-opositores-los-vamos-a-aplastar-en-las-urnas","status":"publish","type":"post","link":"https:\/\/esreviral.com\/?p=77724","title":{"rendered":"Javier Milei llam\u00f3 \u201cbruta traidora\u201d a Victoria Villarruel, e insult\u00f3 a opositores: \u201cLos vamos a aplastar en las urnas\u201d"},"content":{"rendered":"\n<p><strong>En \u201cLa Derecha Fest<\/strong>\u201d, un acto militante realizado en C\u00f3rdoba y caracterizado por su abundante merchandising libertario, el <strong>Presidente Javier Milei<\/strong> fue el orador central. Durante su discurso, insult\u00f3 a la <strong>vicepresidenta Victoria Villarruel<\/strong>, a quien calific\u00f3 como \u201c<strong>bruta traidora\u201d<\/strong>, profundizando la ruptura interna que ya ven\u00eda manifest\u00e1ndose en las \u00faltimas semanas.<\/p>\n\n\n\n<p>Adem\u00e1s, atac\u00f3 duramente al kirchnerismo, al gobernador Axel Kicillof y al senador peronista Jos\u00e9 Mayans. Inst\u00f3 a sus seguidores a convertirse en <strong><em>\u201csoldados de la batalla cultural<\/em><\/strong>\u201d para \u201c<strong><em>llevarnos por encima a la izquierda<\/em><\/strong>\u201d, y se mostr\u00f3 confiado de cara a las pr\u00f3ximas elecciones.<\/p>\n\n\n\n<p>Milei defini\u00f3 a su gobierno como \u201cel mejor de la historia\u201d y destac\u00f3 que es \u201cel primero que reduce la deuda en 50.000 millones de d\u00f3lares\u201d. Confirm\u00f3, adem\u00e1s, que vetar\u00e1 proyectos aprobados por el Senado, entre ellos la ley que incrementa las jubilaciones y las partidas para discapacidad.<\/p>\n\n\n\n<p class=\"has-text-align-center\"><strong><a href=\"https:\/\/chat.whatsapp.com\/KWkTmakY3I05kNdd2oZl6d\"><em>\u00daNETE A NUESTRO GRUPO DE WHATSAPP PARA ESTAR INFORMADO<\/em><\/a><\/strong><\/p>\n\n\n<div class=\"wp-block-image\">\n<figure class=\"aligncenter size-large\"><img decoding=\"async\" src=\"https:\/\/media.ambito.com\/p\/f05d427e85cc589fb4d91b95350fb777\/adjuntos\/239\/imagenes\/042\/610\/0042610766\/milei-derecha.jpg\" alt=\"\"\/><\/figure>\n<\/div>\n\n\n<p><\/p>\n\n\n\n<p>En medio del fervor y los aplausos del p\u00fablico cordob\u00e9s, en el festival promocionado como \u201c<strong><em>el m\u00e1s anti zurdo del mundo<\/em><\/strong>\u201d, Milei insult\u00f3 a Villarruel, su compa\u00f1era de f\u00f3rmula en 2023, y defini\u00f3 como \u201cpar\u00e1sitos\u201d a sus opositores, con \u00e9nfasis en el gobernador bonaerense Axel Kicillof. Bram\u00f3 por un \u201caluvi\u00f3n de votos\u201d en las elecciones generales de octubre.<\/p>\n\n\n\n<p>A las 21:20, el Presidente cerr\u00f3 el mitin pol\u00edtico libertario que se realiz\u00f3 por primera vez en C\u00f3rdoba capital. Desde el escenario, y respaldado por el entusiasmo del p\u00fablico, Milei reiter\u00f3 que encabeza el \u201cmejor gobierno de la historia argentina\u201d y adelant\u00f3 que firmar\u00e1 el veto a la ley que recompone las jubilaciones y las partidas para discapacidad.<\/p>\n\n\n\n<p>Uno de los momentos m\u00e1s tensos se dio cuando se refiri\u00f3 a Villarruel, asegurando que ella lo \u201cchicane\u00f3\u201d con la cifra del aumento a los jubilados aprobado por la oposici\u00f3n en el Senado, a lo que \u00e9l respondi\u00f3 calific\u00e1ndola de \u201c<strong><em>bruta traidora<\/em><\/strong>\u201d. \u201cLa primera ley de la pol\u00edtica es ignorar la primera ley de la econom\u00eda&#8230; y vaya que de esto los populistas saben. \u00bfO acaso hace semanas no votaron un gasto de 17 mil millones de d\u00f3lares? Y la bruta traidora dijo que lo iba a financiar con 30 millones&#8230; Sugiero que antes de hacer chicanas, aprendan a sumar dos m\u00e1s dos\u201d, lanz\u00f3 Milei, mientras el p\u00fablico coreaba insultos hacia Villarruel.<\/p>\n\n\n<div class=\"wp-block-image\">\n<figure class=\"aligncenter size-large\"><img decoding=\"async\" src=\"https:\/\/media.ambito.com\/p\/3bbf853b308004a333d0ad1e032cd2b3\/adjuntos\/239\/imagenes\/042\/610\/0042610798\/730x0\/smart\/javier-milei-derecha-fest.jpg\" alt=\"\"\/><\/figure>\n<\/div>\n\n\n<p><\/p>\n\n\n\n<p>Durante su discurso, Milei ley\u00f3 buena parte del texto preparado, levantando la voz para elogiar o criticar con dureza a sus adversarios. Su hermana, Karina Milei, secretaria general de la Presidencia, fue destacada por el mandatario, quien pidi\u00f3 aplausos para \u201cEl Jefe\u201d por los logros alcanzados.<\/p>\n\n\n\n<p>Respecto a las elecciones de octubre, dijo: \u201cLa batalla por los votos es una larga marcha. Hoy solo contamos con el 15% de los diputados y el 10% de los senadores, pero esta marcha solo va en una direcci\u00f3n porque el pa\u00eds al que nos llev\u00f3 el partido del Estado fue desastroso. Es una causa perdida para ellos presentarse a elecciones. La gente no los quiere ni en figurita, por eso muchos se van a sorprender con los resultados en octubre\u201d.<\/p>\n\n\n\n<p>Milei resalt\u00f3 que su gobierno redujo la deuda en 50 mil millones de d\u00f3lares y espera un \u201cbatacazo violeta\u201d. Tambi\u00e9n destac\u00f3 a Daniel Parisini, conocido en redes como \u201cEl Gordo Dan\u201d, uno de los perjudicados en el cierre de listas bonaerenses, y lo present\u00f3 como \u201cese coloso que los asusta desde el streaming\u201d.<\/p>\n\n\n\n<figure class=\"wp-block-image size-large\"><img decoding=\"async\" src=\"https:\/\/www.clarin.com\/img\/2025\/07\/22\/Ll0lbOUh-_1256x620__1.jpg\" alt=\"\"\/><\/figure>\n\n\n\n<p><\/p>\n\n\n\n<p>El Presidente renov\u00f3 sus elogios al ministro de Econom\u00eda, Luis \u201cToto\u201d Caputo, y al ministro de Desregulaci\u00f3n, Federico Sturzenegger, a quien reconoci\u00f3 por las m\u00e1s de 8.000 reformas estructurales implementadas. Afirm\u00f3 que el balance del Banco Central est\u00e1 saneado y reiter\u00f3 que \u201csomos el primer gobierno argentino que baja la deuda en 50 mil millones de d\u00f3lares en un a\u00f1o\u201d.<\/p>\n\n\n\n<p>En cuanto a la oposici\u00f3n, calific\u00f3 al kirchnerismo como \u201cel movimiento m\u00e1s endeudador de la historia argentina\u201d y asegur\u00f3: \u201cEstamos en guerra, los vamos a aplastar en las urnas\u201d. Se refiri\u00f3 al matrimonio Kirchner como \u201cla corrupta condenada y su difunto marido\u201d.<\/p>\n\n\n\n<p>Tambi\u00e9n arremeti\u00f3 contra Jos\u00e9 Mayans, presidente del bloque peronista en el Senado, al recordar que \u201chab\u00eda un impresentable que dec\u00eda que en pandemia no hay derechos\u201d y critic\u00f3 duramente al senador, lo que volvi\u00f3 a despertar insultos del p\u00fablico hacia Mayans.<\/p>\n\n\n\n<p>El acto se llev\u00f3 a cabo en el auditorio del Hotel Qu\u00f3rum, en las afueras de C\u00f3rdoba capital, con entradas agotadas seg\u00fan los organizadores. El evento comenz\u00f3 poco despu\u00e9s de las 18 horas y cont\u00f3 con varios expositores.<\/p>\n\n\n<div class=\"wp-block-image\">\n<figure class=\"aligncenter size-large\"><img decoding=\"async\" src=\"https:\/\/fotos.perfil.com\/2025\/07\/23\/trim\/987\/555\/milei-en-el-derecha-fest-2066448.jpg\" alt=\"\"\/><\/figure>\n<\/div>\n\n\n<p><\/p>\n\n\n\n<p>Entre ellos, Agust\u00edn Laje, quien antes de Milei ofreci\u00f3 una larga exposici\u00f3n en la que carg\u00f3 contra el diputado socialista Esteban Paul\u00f3n, criticando su pertenencia al colectivo LGTBIQ+ y a la izquierda, llam\u00e1ndolo \u201cdelicado\u201d.<\/p>\n\n\n\n<p>Javier Negre, due\u00f1o de La Derecha Diario y organizador del evento, tambi\u00e9n recibi\u00f3 elogios presidenciales. Durante el acto, varios oradores arremetieron contra la prensa, mientras afuera se vend\u00eda merchandising que criticaba a los periodistas, en la puerta del sal\u00f3n donde se celebr\u00f3 esta autoafirmaci\u00f3n de ideas de derecha.<\/p>\n\n\n\n<p class=\"has-text-align-center\"><strong><a href=\"https:\/\/chat.whatsapp.com\/KWkTmakY3I05kNdd2oZl6d\"><em>\u00daNETE A NUESTRO GRUPO DE WHATSAPP PARA ESTAR INFORMADO<\/em><\/a><\/strong><\/p>\n\n\n\n<p class=\"has-text-align-right\"><strong><em>Con informaci\u00f3n de Clarin.-<\/em><\/strong><\/p>\n","protected":false},"excerpt":{"rendered":"<p>Fue anoche, en acto de campa\u00f1a. Y dijo que su gobierno \u201ces el mejor de la historia\u201d.<\/p>\n","protected":false},"author":3,"featured_media":77725,"comment_status":"closed","ping_status":"closed","sticky":false,"template":"","format":"standard","meta":{"jnews-multi-image_gallery":[],"jnews_single_post":{"format":"standard"},"jnews_primary_category":[],"jnews_social_meta":[],"jnews_review":[],"enable_review":"","type":"","name":"","summary":"","brand":"","sku":"","good":[],"bad":[],"score_override":"","override_value":"","rating":[],"price":[],"jnews_override_counter":[],"jnews_post_split":[],"footnotes":""},"categories":[58,59],"tags":[44,898,1158,33616,11982,45,14344,33615,12780],"class_list":["post-77724","post","type-post","status-publish","format-standard","has-post-thumbnail","hentry","category-argentina","category-politica","tag-argentina","tag-cordoba","tag-javier-milei","tag-jose-mayans","tag-la-libertad-avanza","tag-noticias","tag-presidente-javier-milei-2","tag-vicepresidenta-victoria-villarruel","tag-victoria-villarruel"],"_links":{"self":[{"href":"https:\/\/esreviral.com\/index.php?rest_route=\/wp\/v2\/posts\/77724","targetHints":{"allow":["GET"]}}],"collection":[{"href":"https:\/\/esreviral.com\/index.php?rest_route=\/wp\/v2\/posts"}],"about":[{"href":"https:\/\/esreviral.com\/index.php?rest_route=\/wp\/v2\/types\/post"}],"author":[{"embeddable":true,"href":"https:\/\/esreviral.com\/index.php?rest_route=\/wp\/v2\/users\/3"}],"replies":[{"embeddable":true,"href":"https:\/\/esreviral.com\/index.php?rest_route=%2Fwp%2Fv2%2Fcomments&post=77724"}],"version-history":[{"count":3,"href":"https:\/\/esreviral.com\/index.php?rest_route=\/wp\/v2\/posts\/77724\/revisions"}],"predecessor-version":[{"id":77733,"href":"https:\/\/esreviral.com\/index.php?rest_route=\/wp\/v2\/posts\/77724\/revisions\/77733"}],"wp:featuredmedia":[{"embeddable":true,"href":"https:\/\/esreviral.com\/index.php?rest_route=\/wp\/v2\/media\/77725"}],"wp:attachment":[{"href":"https:\/\/esreviral.com\/index.php?rest_route=%2Fwp%2Fv2%2Fmedia&parent=77724"}],"wp:term":[{"taxonomy":"category","embeddable":true,"href":"https:\/\/esreviral.com\/index.php?rest_route=%2Fwp%2Fv2%2Fcategories&post=77724"},{"taxonomy":"post_tag","embeddable":true,"href":"https:\/\/esreviral.com\/index.php?rest_route=%2Fwp%2Fv2%2Ftags&post=77724"}],"curies":[{"name":"wp","href":"https:\/\/api.w.org\/{rel}","templated":true}]}}