{"id":77711,"date":"2025-07-23T07:30:22","date_gmt":"2025-07-23T12:30:22","guid":{"rendered":"https:\/\/esreviral.com\/?p=77711"},"modified":"2025-07-23T07:30:23","modified_gmt":"2025-07-23T12:30:23","slug":"reabrio-la-embajada-de-venezuela-en-uruguay","status":"publish","type":"post","link":"https:\/\/esreviral.com\/?p=77711","title":{"rendered":"Reabri\u00f3 la Embajada de Venezuela en Uruguay"},"content":{"rendered":"\n<p>Despu\u00e9s de un per\u00edodo sin atenci\u00f3n presencial, la<strong> Embajada de Venezuela en Uruguay<\/strong> reabri\u00f3 sus puertas y retom\u00f3 los servicios consulares para los ciudadanos venezolanos residentes en ese pa\u00eds.<\/p>\n\n\n\n<p class=\"has-text-align-center\"><strong><a href=\"https:\/\/chat.whatsapp.com\/KWkTmakY3I05kNdd2oZl6d\"><em>\u00daNETE A NUESTRO GRUPO DE WHATSAPP PARA ESTAR INFORMADO<\/em><\/a><\/strong><\/p>\n\n\n\n<p>Los tr\u00e1mites como emisi\u00f3n y pr\u00f3rroga de pasaportes, constancias, legalizaciones y otros documentos est\u00e1n nuevamente disponibles en la sede diplom\u00e1tica ubicada en <strong>Rinc\u00f3n 745, Montevideo<\/strong>.<\/p>\n\n\n\n<p>La comunidad venezolana en Uruguay celebr\u00f3 la noticia a trav\u00e9s de redes sociales, donde se difundi\u00f3 la informaci\u00f3n acompa\u00f1ada de recomendaciones para consultar previamente los requisitos y agendar turnos mediante los canales oficiales.<\/p>\n\n\n\n<p>Adem\u00e1s, se anunci\u00f3 que <strong>este jueves 24 de julio<\/strong> se realizar\u00e1 una <strong>jornada especial de entrega y tramitaci\u00f3n de pasaportes<\/strong>, dirigida exclusivamente a venezolanos residentes en Uruguay.<\/p>\n\n\n\n<p>Esta reactivaci\u00f3n consular representa un paso importante para atender las necesidades documentales de miles de migrantes venezolanos en territorio uruguayo.<\/p>\n\n\n\n<p class=\"has-text-align-center\"><strong><a href=\"https:\/\/chat.whatsapp.com\/KWkTmakY3I05kNdd2oZl6d\"><em>\u00daNETE A NUESTRO GRUPO DE WHATSAPP PARA ESTAR INFORMADO<\/em><\/a><\/strong><\/p>\n\n\n\n<p class=\"has-text-align-right\"><strong><em>Con Informaci\u00f3n de Venezolanos en Uruguay.-<\/em><\/strong><\/p>\n","protected":false},"excerpt":{"rendered":"<p>Despu\u00e9s de un tiempo sin atenci\u00f3n presencial, los tr\u00e1mites consulares, pasaportes, pr\u00f3rrogas, constancias y otros servicios vuelven a estar disponibles en territorio uruguayo.<\/p>\n","protected":false},"author":3,"featured_media":77713,"comment_status":"closed","ping_status":"closed","sticky":false,"template":"","format":"standard","meta":{"jnews-multi-image_gallery":[],"jnews_single_post":{"format":"standard"},"jnews_primary_category":[],"jnews_social_meta":[],"jnews_review":[],"enable_review":"","type":"","name":"","summary":"","brand":"","sku":"","good":[],"bad":[],"score_override":"","override_value":"","rating":[],"price":[],"jnews_override_counter":[],"jnews_post_split":[],"footnotes":""},"categories":[54],"tags":[33598,11060,45,317,706],"class_list":["post-77711","post","type-post","status-publish","format-standard","has-post-thumbnail","hentry","category-inmigracion","tag-embajada-de-venezuela-en-uruguay","tag-montevideo","tag-noticias","tag-uruguay","tag-venezolanos-en-uruguay"],"_links":{"self":[{"href":"https:\/\/esreviral.com\/index.php?rest_route=\/wp\/v2\/posts\/77711","targetHints":{"allow":["GET"]}}],"collection":[{"href":"https:\/\/esreviral.com\/index.php?rest_route=\/wp\/v2\/posts"}],"about":[{"href":"https:\/\/esreviral.com\/index.php?rest_route=\/wp\/v2\/types\/post"}],"author":[{"embeddable":true,"href":"https:\/\/esreviral.com\/index.php?rest_route=\/wp\/v2\/users\/3"}],"replies":[{"embeddable":true,"href":"https:\/\/esreviral.com\/index.php?rest_route=%2Fwp%2Fv2%2Fcomments&post=77711"}],"version-history":[{"count":2,"href":"https:\/\/esreviral.com\/index.php?rest_route=\/wp\/v2\/posts\/77711\/revisions"}],"predecessor-version":[{"id":77714,"href":"https:\/\/esreviral.com\/index.php?rest_route=\/wp\/v2\/posts\/77711\/revisions\/77714"}],"wp:featuredmedia":[{"embeddable":true,"href":"https:\/\/esreviral.com\/index.php?rest_route=\/wp\/v2\/media\/77713"}],"wp:attachment":[{"href":"https:\/\/esreviral.com\/index.php?rest_route=%2Fwp%2Fv2%2Fmedia&parent=77711"}],"wp:term":[{"taxonomy":"category","embeddable":true,"href":"https:\/\/esreviral.com\/index.php?rest_route=%2Fwp%2Fv2%2Fcategories&post=77711"},{"taxonomy":"post_tag","embeddable":true,"href":"https:\/\/esreviral.com\/index.php?rest_route=%2Fwp%2Fv2%2Ftags&post=77711"}],"curies":[{"name":"wp","href":"https:\/\/api.w.org\/{rel}","templated":true}]}}