{"id":7771,"date":"2021-06-23T13:15:32","date_gmt":"2021-06-23T16:15:32","guid":{"rendered":"http:\/\/esreviral.com\/?p=7771"},"modified":"2021-06-23T13:15:32","modified_gmt":"2021-06-23T16:15:32","slug":"envideo-lider-de-banda-delictiva-venezolana-amenaza-a-conductores-de-la-troncal-10","status":"publish","type":"post","link":"https:\/\/esreviral.com\/?p=7771","title":{"rendered":"#ENVIDEO L\u00edder de banda delictiva venezolana amenaza a conductores de la Troncal 10"},"content":{"rendered":"\n<p>La banda de El Curi\u00a0<strong>amenaz\u00f3 a los conductores de camiones que transitan por la Troncal 10 del oriente venezolano<\/strong>\u00a0si no pagan las vacunas que exigen los delincuentes. As\u00ed qued\u00f3 registrado en un video en el que aparece el l\u00edder de esa organizaci\u00f3n delictiva.<\/p>\n\n\n\n<p>\u201c\u00bfSaben qu\u00e9? Les voy a hablar claro a todos caveros aqu\u00ed en esta mierda: el que no busque la manera de comunicarse con uno por aqu\u00ed por la v\u00eda, sabe c\u00f3mo es,&nbsp;<strong>cuando los pesque no quiero lloradera en esta mierda<\/strong>\u201d, advirti\u00f3 en el audiovisual el Curi.<\/p>\n\n\n\n<p>En el video, el sujeto apareci\u00f3 portando un arma de alto calibre.<\/p>\n\n\n\n<p>\u201c<strong>Estamos aqu\u00ed en la v\u00eda, estamos activados<\/strong>. As\u00ed que el que no se comunique sabe c\u00f3mo es. Aqu\u00ed el que manda soy yo, en la Troncal 10\u201d, agreg\u00f3.<\/p>\n\n\n\n<figure class=\"wp-block-embed-twitter wp-block-embed is-type-rich is-provider-twitter\"><div class=\"wp-block-embed__wrapper\">\nhttps:\/\/twitter.com\/DelmiroDeBarrio\/status\/1407640707330981890?ref_src=twsrc%5Etfw%7Ctwcamp%5Etweetembed%7Ctwterm%5E1407640707330981890%7Ctwgr%5E%7Ctwcon%5Es1_&#038;ref_url=https%3A%2F%2Fwww.elnacional.com%2Fvenezuela%2Fsucesos%2Fcuando-los-pesque-no-quiero-lloradera-banda-del-curi-amenaza-a-camioneros-que-transitan-por-la-troncal-10-de-oriente%2F\n<\/div><\/figure>\n\n\n\n<p>La informaci\u00f3n la public\u00f3 en Twitter el comunicador\u00a0Delmiro de Barrio. Se\u00f1al\u00f3 que esa banda act\u00faa en\u00a0<strong>la v\u00eda que conduce de Matur\u00edn, estado Monagas, a Car\u00fapano, en Sucre.\u00a0<\/strong>En la publicaci\u00f3n, usuarios de la red social expresaron su rechazo por la libertad con la que act\u00faan los delincuentes en el pa\u00eds.<\/p>\n\n\n\n<p>\u00abEsa situaci\u00f3n tiene a\u00f1os y los funcionarios del Estado nunca han hecho nada. Lo peor es que en esa v\u00eda hay como 10 alcabalas de la guardia y el Ej\u00e9rcito\u00bb, respondi\u00f3 un ciudadano, identificado como Jorge Lozada, en el tuit publicado por De Barrio.<\/p>\n\n\n\n<p>\u00abQu\u00e9 estrella, como si fuera el que gobernara en la zona. Y los organismos del Estado ni pendientes\u00bb, manifest\u00f3 Johan Quijada. \u00ab<strong>Con un juguete de esos que tiene en la mano cualquiera se cree due\u00f1o del mundo<\/strong>\u00ab, replic\u00f3 Miguel Qui\u00f1ones.<\/p>\n\n\n\n<p class=\"has-text-align-right\"><strong><em>El Nacional.-<\/em><\/strong><\/p>\n","protected":false},"excerpt":{"rendered":"<p>La banda de El Curi\u00a0amenaz\u00f3 a los conductores de camiones que transitan por la Troncal 10 del oriente venezolano\u00a0si no pagan las vacunas que exigen los delincuentes. As\u00ed qued\u00f3 registrado en un video en el que aparece el l\u00edder de esa organizaci\u00f3n delictiva. \u201c\u00bfSaben qu\u00e9? Les voy a hablar claro a todos caveros aqu\u00ed en [&hellip;]<\/p>\n","protected":false},"author":2,"featured_media":7772,"comment_status":"open","ping_status":"open","sticky":false,"template":"","format":"standard","meta":{"jnews-multi-image_gallery":[],"jnews_single_post":[],"jnews_primary_category":[],"jnews_social_meta":[],"jnews_review":[],"enable_review":"","type":"","name":"","summary":"","brand":"","sku":"","good":[],"bad":[],"score_override":"","override_value":"","rating":[],"price":[],"jnews_override_counter":[],"jnews_post_split":[],"footnotes":""},"categories":[64,66],"tags":[45,65],"class_list":["post-7771","post","type-post","status-publish","format-standard","has-post-thumbnail","hentry","category-sucesos","category-venezuela","tag-noticias","tag-sucesos"],"amp_enabled":true,"_links":{"self":[{"href":"https:\/\/esreviral.com\/index.php?rest_route=\/wp\/v2\/posts\/7771"}],"collection":[{"href":"https:\/\/esreviral.com\/index.php?rest_route=\/wp\/v2\/posts"}],"about":[{"href":"https:\/\/esreviral.com\/index.php?rest_route=\/wp\/v2\/types\/post"}],"author":[{"embeddable":true,"href":"https:\/\/esreviral.com\/index.php?rest_route=\/wp\/v2\/users\/2"}],"replies":[{"embeddable":true,"href":"https:\/\/esreviral.com\/index.php?rest_route=%2Fwp%2Fv2%2Fcomments&post=7771"}],"version-history":[{"count":0,"href":"https:\/\/esreviral.com\/index.php?rest_route=\/wp\/v2\/posts\/7771\/revisions"}],"wp:featuredmedia":[{"embeddable":true,"href":"https:\/\/esreviral.com\/index.php?rest_route=\/"}],"wp:attachment":[{"href":"https:\/\/esreviral.com\/index.php?rest_route=%2Fwp%2Fv2%2Fmedia&parent=7771"}],"wp:term":[{"taxonomy":"category","embeddable":true,"href":"https:\/\/esreviral.com\/index.php?rest_route=%2Fwp%2Fv2%2Fcategories&post=7771"},{"taxonomy":"post_tag","embeddable":true,"href":"https:\/\/esreviral.com\/index.php?rest_route=%2Fwp%2Fv2%2Ftags&post=7771"}],"curies":[{"name":"wp","href":"https:\/\/api.w.org\/{rel}","templated":true}]}}