{"id":77633,"date":"2025-07-22T07:21:44","date_gmt":"2025-07-22T12:21:44","guid":{"rendered":"https:\/\/esreviral.com\/?p=77633"},"modified":"2025-07-22T07:21:45","modified_gmt":"2025-07-22T12:21:45","slug":"el-frio-se-instala-en-la-ciudad-y-el-conurbano-como-estara-el-tiempo-en-los-proximos-dias","status":"publish","type":"post","link":"https:\/\/esreviral.com\/?p=77633","title":{"rendered":"El fr\u00edo se instala en la Ciudad y el conurbano: c\u00f3mo estar\u00e1 el tiempo en los pr\u00f3ximos d\u00edas"},"content":{"rendered":"\n<p>Tras varias semanas con temperaturas variables y jornadas agradables, las vacaciones de invierno llegan con un cambio definitivo: el fr\u00edo se instala con fuerza en la Ciudad de Buenos Aires y el conurbano bonaerense, con m\u00ednimas que llegar\u00e1n a los 3 grados en algunos puntos de la regi\u00f3n.<\/p>\n\n\n\n<p>Este martes comenz\u00f3 con neblinas matinales que persistir\u00e1n durante buena parte de la ma\u00f1ana. Luego, el cielo estar\u00e1 parcialmente nublado y as\u00ed se mantendr\u00e1 durante la tarde y la noche. Las temperaturas oscilar\u00e1n entre los 10 \u00b0C de m\u00ednima y los 16 \u00b0C de m\u00e1xima, aunque la sensaci\u00f3n t\u00e9rmica ser\u00e1 m\u00e1s baja, especialmente en las primeras horas del d\u00eda.<\/p>\n\n\n\n<p>El cambio m\u00e1s significativo llegar\u00e1 el mi\u00e9rcoles, que se perfila como una de las jornadas m\u00e1s fr\u00edas de la semana. Se espera un marcado descenso t\u00e9rmico, con una m\u00ednima de 7 \u00b0C y una m\u00e1xima que apenas alcanzar\u00e1 los 12 \u00b0C. El cielo seguir\u00e1 parcialmente nublado y los vientos ser\u00e1n suaves, sin alertas por r\u00e1fagas.<\/p>\n\n\n\n<p class=\"has-text-align-center\"><strong><a href=\"https:\/\/chat.whatsapp.com\/KWkTmakY3I05kNdd2oZl6d\"><em>\u00daNETE A NUESTRO GRUPO DE WHATSAPP PARA ESTAR INFORMADO<\/em><\/a><\/strong><\/p>\n\n\n\n<p>El jueves continuar\u00e1 con temperaturas invernales: m\u00ednima de 7 \u00b0C y m\u00e1xima de 15 \u00b0C, con cielo parcialmente nublado durante gran parte del d\u00eda. Hacia la tarde, se prev\u00e9 un leve aumento del viento, con r\u00e1fagas que podr\u00edan alcanzar los 22 km\/h. Aunque no se esperan precipitaciones, la nubosidad ir\u00e1 en aumento.<\/p>\n\n\n\n<p>Para el viernes, el Servicio Meteorol\u00f3gico Nacional (SMN) estima una baja probabilidad de lluvias durante la ma\u00f1ana \u2014entre un 10% y un 40%\u2014, mientras que por la tarde y noche el cielo estar\u00e1 mayormente nublado pero sin precipitaciones. La temperatura se mantendr\u00e1 entre los 10 \u00b0C y 15 \u00b0C, con viento moderado del este.<\/p>\n\n\n\n<h3 class=\"wp-block-heading\"><strong><mark style=\"background-color:rgba(0, 0, 0, 0)\" class=\"has-inline-color has-vivid-red-color\">El fin de semana: m\u00e1s fr\u00edo y cielo cubierto<\/mark><\/strong><\/h3>\n\n\n\n<p>El descenso t\u00e9rmico se profundizar\u00e1 hacia el fin de semana. El s\u00e1bado se prev\u00e9 una de las jornadas m\u00e1s fr\u00edas, con temperaturas que ir\u00e1n de los 7 \u00b0C a los 11 \u00b0C, bajo un cielo mayormente cubierto. Para el domingo se anticipa una m\u00ednima de apenas 4 \u00b0C y una m\u00e1xima de 11 \u00b0C, con cielo nublado pero sin lluvias pronosticadas.<\/p>\n\n\n\n<p>El lunes comenzar\u00e1 a\u00fan m\u00e1s fr\u00edo: se espera una m\u00ednima de 3 \u00b0C en la Ciudad, 2 \u00b0C en La Plata y valores bajo cero en localidades del interior bonaerense como Chascom\u00fas.<\/p>\n\n\n\n<p>Desde el SMN explican que esta din\u00e1mica responde al ingreso y egreso constante de masas de aire fr\u00edo y c\u00e1lido, que generan marcadas variaciones t\u00e9rmicas en cortos per\u00edodos. A esto se suman los vientos del norte, que pueden provocar ascensos temporales de temperatura antes de nuevos descensos.<\/p>\n\n\n\n<p class=\"has-text-align-center\"><em><strong><em><strong><em><strong><em><strong><a href=\"https:\/\/t.me\/esreviral\">\u00daNETE A NUESTRO CANAL DE TELEGRAM PARA ESTAR INFORMADO<\/a><\/strong><\/em><\/strong><\/em><\/strong><\/em><\/strong><\/em><\/p>\n\n\n\n<p class=\"has-text-align-right\"><strong><em>Con Informaci\u00f3n de Clarin.-<\/em><\/strong><\/p>\n","protected":false},"excerpt":{"rendered":"<p>El Servicio Meteorol\u00f3gico Nacional prev\u00e9 que desde este martes 22 de julio la temperatura ir\u00e1 en descenso.<br \/>\nEl fin de semana llegar\u00e1 a 4 grados y a partir del lunes se espera m\u00e1s fr\u00edo, con registros bajo cero en la Provincia.<\/p>\n","protected":false},"author":3,"featured_media":77634,"comment_status":"closed","ping_status":"closed","sticky":false,"template":"","format":"standard","meta":{"jnews-multi-image_gallery":[],"jnews_single_post":{"format":"standard"},"jnews_primary_category":[],"jnews_social_meta":[],"jnews_review":[],"enable_review":"","type":"","name":"","summary":"","brand":"","sku":"","good":[],"bad":[],"score_override":"","override_value":"","rating":[],"price":[],"jnews_override_counter":[],"jnews_post_split":[],"footnotes":""},"categories":[58],"tags":[44,1016,1946,45,2514,33531],"class_list":["post-77633","post","type-post","status-publish","format-standard","has-post-thumbnail","hentry","category-argentina","tag-argentina","tag-clima","tag-frio","tag-noticias","tag-smn","tag-vuelve-el-frio"],"amp_enabled":true,"_links":{"self":[{"href":"https:\/\/esreviral.com\/index.php?rest_route=\/wp\/v2\/posts\/77633"}],"collection":[{"href":"https:\/\/esreviral.com\/index.php?rest_route=\/wp\/v2\/posts"}],"about":[{"href":"https:\/\/esreviral.com\/index.php?rest_route=\/wp\/v2\/types\/post"}],"author":[{"embeddable":true,"href":"https:\/\/esreviral.com\/index.php?rest_route=\/wp\/v2\/users\/3"}],"replies":[{"embeddable":true,"href":"https:\/\/esreviral.com\/index.php?rest_route=%2Fwp%2Fv2%2Fcomments&post=77633"}],"version-history":[{"count":1,"href":"https:\/\/esreviral.com\/index.php?rest_route=\/wp\/v2\/posts\/77633\/revisions"}],"predecessor-version":[{"id":77635,"href":"https:\/\/esreviral.com\/index.php?rest_route=\/wp\/v2\/posts\/77633\/revisions\/77635"}],"wp:featuredmedia":[{"embeddable":true,"href":"https:\/\/esreviral.com\/index.php?rest_route=\/wp\/v2\/media\/77634"}],"wp:attachment":[{"href":"https:\/\/esreviral.com\/index.php?rest_route=%2Fwp%2Fv2%2Fmedia&parent=77633"}],"wp:term":[{"taxonomy":"category","embeddable":true,"href":"https:\/\/esreviral.com\/index.php?rest_route=%2Fwp%2Fv2%2Fcategories&post=77633"},{"taxonomy":"post_tag","embeddable":true,"href":"https:\/\/esreviral.com\/index.php?rest_route=%2Fwp%2Fv2%2Ftags&post=77633"}],"curies":[{"name":"wp","href":"https:\/\/api.w.org\/{rel}","templated":true}]}}