{"id":77607,"date":"2025-07-21T13:32:28","date_gmt":"2025-07-21T18:32:28","guid":{"rendered":"https:\/\/esreviral.com\/?p=77607"},"modified":"2025-07-21T13:32:29","modified_gmt":"2025-07-21T18:32:29","slug":"ovp-carceles-venezolanas-registraron-hacinamiento-critico-por-octavo-ano-consecutivo","status":"publish","type":"post","link":"https:\/\/esreviral.com\/?p=77607","title":{"rendered":"OVP: C\u00e1rceles venezolanas registraron hacinamiento cr\u00edtico por octavo a\u00f1o consecutivo"},"content":{"rendered":"\n<p>El Observatorio Venezolano de Prisiones (OVP) present\u00f3 este lunes 21 de julio su informe anual sobre la situaci\u00f3n carcelaria en el pa\u00eds. El reporte destaca el <strong>hacinamiento cr\u00edtico<\/strong>, las <strong>muertes bajo custodia<\/strong>, el <strong>deterioro en la salud de los reclusos<\/strong> y la <strong>utilizaci\u00f3n irregular de calabozos policiales como centros de detenci\u00f3n permanentes<\/strong>.<\/p>\n\n\n\n<p>Por octavo a\u00f1o consecutivo, los centros de reclusi\u00f3n venezolanos presentaron <strong>niveles alarmantes de sobrepoblaci\u00f3n<\/strong>. En 2024, el hacinamiento alcanz\u00f3 el <strong>40 %<\/strong>, con una poblaci\u00f3n total de <strong>22.019 privados de libertad<\/strong>, frente a una <strong>capacidad instalada para m\u00e1s de 26.000 personas<\/strong>, aunque la <strong>capacidad real operativa<\/strong> ronda apenas las <strong>15.000 plazas<\/strong>.<\/p>\n\n\n\n<p class=\"has-text-align-center\"><strong><a href=\"https:\/\/chat.whatsapp.com\/KWkTmakY3I05kNdd2oZl6d\"><em>\u00daNETE A NUESTRO GRUPO DE WHATSAPP PARA ESTAR INFORMADO<\/em><\/a><\/strong><\/p>\n\n\n\n<h4 class=\"wp-block-heading\"><strong><mark style=\"background-color:rgba(0, 0, 0, 0)\" class=\"has-inline-color has-vivid-red-color\">C\u00e1rceles con mayor hacinamiento en 2024:<\/mark><\/strong><\/h4>\n\n\n\n<ol class=\"wp-block-list\">\n<li>Centro de Reclusi\u00f3n Dr. Francisco Delgado (Zulia)<\/li>\n\n\n\n<li>C.P. Agroproductivo 26 de Marzo (Portuguesa)<\/li>\n\n\n\n<li>C.F.H.N. Winnie Mandela (Zulia)<\/li>\n\n\n\n<li>Internado Judicial Rodeo III (Miranda)<\/li>\n\n\n\n<li>Internado Judicial Rodeo II (Miranda)<\/li>\n\n\n\n<li>C.P. Agroproductivo Barcelona \u2013 Puente Ayala (Anzo\u00e1tegui)<\/li>\n\n\n\n<li>Internado Judicial de Barinas<\/li>\n<\/ol>\n\n\n\n<h3 class=\"wp-block-heading\"><strong><mark style=\"background-color:rgba(0, 0, 0, 0)\" class=\"has-inline-color has-vivid-red-color\">Muertes bajo custodia y violencia carcelaria<\/mark><\/strong><\/h3>\n\n\n\n<p>Durante el a\u00f1o, <strong>105 personas murieron bajo custodia<\/strong>, de las cuales <strong>66 fallecieron por causas asociadas a problemas de salud<\/strong>. Desde 2017, el OVP ha documentado un total de <strong>560 muertes<\/strong> en recintos penitenciarios. Adem\u00e1s, en 2024 se registraron <strong>35 reclusos heridos, 35 fugas, 7 motines y 5 huelgas<\/strong>.<\/p>\n\n\n\n<figure class=\"wp-block-image size-large\"><img decoding=\"async\" src=\"https:\/\/eldiario.com\/wp-content\/uploads\/2023\/09\/Tocoron-1-1536x1024.jpg.webp\" alt=\"\"\/><\/figure>\n\n\n\n<h3 class=\"wp-block-heading\"><strong><mark style=\"background-color:rgba(0, 0, 0, 0)\" class=\"has-inline-color has-vivid-red-color\">Infraestructura colapsada y hacinamiento persistente<\/mark><\/strong><\/h3>\n\n\n\n<p>En Venezuela hay <strong>52 c\u00e1rceles<\/strong>: 35 destinadas a hombres, una exclusivamente para mujeres y 16 anexos femeninos. En 2024 se produjo el <strong>desalojo<\/strong> de varios centros, entre ellos el <strong>anexo femenino F\u00e9nix<\/strong>, <strong>La Planta<\/strong>, <strong>El Dorado<\/strong>, <strong>Tocor\u00f3n<\/strong> y <strong>Tocuyito<\/strong>. Estas dos \u00faltimas fueron <strong>reabiertas para alojar a detenidos tras las elecciones presidenciales<\/strong>.<\/p>\n\n\n\n<p>Uno de los datos m\u00e1s graves del informe es que <strong>12.110 reclusos a\u00fan no tienen sentencia firme<\/strong>, mientras que solo <strong>9.909 ya fueron condenados<\/strong>. Esto implica que, por octavo a\u00f1o consecutivo, <strong>la mayor\u00eda de la poblaci\u00f3n penitenciaria est\u00e1 en situaci\u00f3n procesal<\/strong>, lo que agrava la sobrepoblaci\u00f3n y la indefensi\u00f3n jur\u00eddica.<\/p>\n\n\n\n<h3 class=\"wp-block-heading\"><strong><mark style=\"background-color:rgba(0, 0, 0, 0)\" class=\"has-inline-color has-vivid-red-color\">Condiciones inhumanas y abandono estatal<\/mark><\/strong><\/h3>\n\n\n\n<p>El OVP tambi\u00e9n alert\u00f3 sobre la <strong>falta de ventilaci\u00f3n, acceso a luz natural y provisi\u00f3n de insumos b\u00e1sicos<\/strong>. Los internos dependen de sus familiares para recibir alimentos, productos de higiene personal, ropa y colchonetas.<\/p>\n\n\n<div class=\"wp-block-image\">\n<figure class=\"aligncenter size-large\"><img decoding=\"async\" src=\"https:\/\/eldiario.com\/wp-content\/uploads\/2023\/06\/fence-2163951-1280-760x504.jpg.webp\" alt=\"\"\/><\/figure><\/div>\n\n\n<h3 class=\"wp-block-heading\"><strong><mark style=\"background-color:rgba(0, 0, 0, 0)\" class=\"has-inline-color has-vivid-red-color\">Poblaciones vulnerables: mujeres, ni\u00f1os y comunidad LGBTIQ+<\/mark><\/strong><\/h3>\n\n\n\n<p>En el Instituto Nacional de Orientaci\u00f3n Femenina (INOF), donde se concentra el 28 % de las mujeres detenidas, se denunciaron <strong>condiciones extremas de hacinamiento<\/strong>. Adem\u00e1s, se report\u00f3 la presencia de <strong>al menos 23 ni\u00f1os<\/strong> que viven en las c\u00e1rceles sin las condiciones m\u00ednimas para su desarrollo f\u00edsico y emocional.<\/p>\n\n\n\n<p>La comunidad <strong>LGBTIQ+<\/strong>, por su parte, enfrenta <strong>discriminaci\u00f3n sistem\u00e1tica, violencia y estigmatizaci\u00f3n<\/strong>. El informe denuncia la <strong>ausencia de pol\u00edticas p\u00fablicas<\/strong> que garanticen sus derechos dentro del sistema penitenciario.<\/p>\n\n\n\n<h3 class=\"wp-block-heading\"><strong><mark style=\"background-color:rgba(0, 0, 0, 0)\" class=\"has-inline-color has-vivid-red-color\">Calabozos policiales convertidos en c\u00e1rceles<\/mark><\/strong><\/h3>\n\n\n\n<p>El informe tambi\u00e9n abord\u00f3 la situaci\u00f3n de los <strong>calabozos policiales<\/strong>, que deber\u00edan ser centros de detenci\u00f3n preventiva por un m\u00e1ximo de 48 horas. Sin embargo, en la pr\u00e1ctica, estas instalaciones <strong>retienen a personas por tiempo indefinido y en condiciones de hacinamiento extremo<\/strong>.<\/p>\n\n\n\n<p>Entre las irregularidades reportadas figuran:<\/p>\n\n\n\n<ul class=\"wp-block-list\">\n<li><strong>Falta de agua potable y acceso a ba\u00f1os<\/strong><\/li>\n\n\n\n<li><strong>Detenidos durmiendo de pie o en s\u00e1banas colgadas como hamacas<\/strong><\/li>\n\n\n\n<li><strong>Ausencia total de atenci\u00f3n m\u00e9dica<\/strong><\/li>\n<\/ul>\n\n\n\n<p><\/p>\n\n\n\n<p>En estos espacios, durante 2024, <strong>murieron 40 personas, 39 resultaron heridas y se registraron 56 fugas, 10 motines y 9 huelgas<\/strong>.<\/p>\n\n\n\n<h3 class=\"wp-block-heading\"><strong><mark style=\"background-color:rgba(0, 0, 0, 0)\" class=\"has-inline-color has-vivid-red-color\">Represi\u00f3n pol\u00edtica: m\u00e1s de 2.500 detenidos tras elecciones<\/mark><\/strong><\/h3>\n\n\n\n<p>El OVP tambi\u00e9n denunci\u00f3 un <strong>aumento dr\u00e1stico de detenciones por motivos pol\u00edticos<\/strong> luego de las elecciones presidenciales. Antes del proceso electoral, hab\u00eda alrededor de <strong>300 presos pol\u00edticos<\/strong>; sin embargo, tras los comicios, el gobierno anunci\u00f3 <strong>2.229 nuevas detenciones<\/strong>, lo que eleva la cifra total a <strong>2.529 personas<\/strong>.<\/p>\n\n\n\n<p>Las irregularidades asociadas a estas detenciones incluyen:<\/p>\n\n\n\n<ul class=\"wp-block-list\">\n<li><strong>Arrestos sin orden judicial ni flagrancia<\/strong><\/li>\n\n\n\n<li><strong>Desapariciones forzadas<\/strong><\/li>\n\n\n\n<li><strong>Audiencias telem\u00e1ticas a altas horas y sin conexi\u00f3n adecuada<\/strong><\/li>\n\n\n\n<li><strong>Presentaciones judiciales fuera de plazo legal<\/strong><\/li>\n\n\n\n<li><strong>Imputaciones sin pruebas por delitos como instigaci\u00f3n al odio o terrorismo<\/strong><\/li>\n\n\n\n<li><strong>Negaci\u00f3n de acceso a expedientes y abogados de confianza<\/strong><\/li>\n\n\n\n<li><strong>Liberaciones sin notificaci\u00f3n a los familiares<\/strong><\/li>\n<\/ul>\n\n\n\n<p><\/p>\n\n\n\n<p class=\"has-text-align-center\"><em><strong><em><strong><em><strong><em><strong><a href=\"https:\/\/t.me\/esreviral\">\u00daNETE A NUESTRO CANAL DE TELEGRAM PARA ESTAR INFORMADO<\/a><\/strong><\/em><\/strong><\/em><\/strong><\/em><\/strong><\/em><\/p>\n\n\n\n<p class=\"has-text-align-right\"><strong><em>Con informaci\u00f3n de eldiario.com.-<\/em><\/strong><\/p>\n","protected":false},"excerpt":{"rendered":"<p>La ONG document\u00f3 situaciones como fugas, motines y huelgas tanto en c\u00e1rceles como en calabozos policiales <\/p>\n","protected":false},"author":3,"featured_media":77608,"comment_status":"closed","ping_status":"closed","sticky":false,"template":"","format":"standard","meta":{"jnews-multi-image_gallery":[],"jnews_single_post":{"format":"standard"},"jnews_primary_category":[],"jnews_social_meta":[],"jnews_review":[],"enable_review":"","type":"","name":"","summary":"","brand":"","sku":"","good":[],"bad":[],"score_override":"","override_value":"","rating":[],"price":[],"jnews_override_counter":[],"jnews_post_split":[],"footnotes":""},"categories":[66],"tags":[63,6765,24430,45,3301,2945,56],"class_list":["post-77607","post","type-post","status-publish","format-standard","has-post-thumbnail","hentry","category-venezuela","tag-carceles","tag-carceles-venezolanas","tag-hacinamiento","tag-noticias","tag-observatorio-venezolano-de-prisiones","tag-prision","tag-venezuela"],"amp_enabled":true,"_links":{"self":[{"href":"https:\/\/esreviral.com\/index.php?rest_route=\/wp\/v2\/posts\/77607"}],"collection":[{"href":"https:\/\/esreviral.com\/index.php?rest_route=\/wp\/v2\/posts"}],"about":[{"href":"https:\/\/esreviral.com\/index.php?rest_route=\/wp\/v2\/types\/post"}],"author":[{"embeddable":true,"href":"https:\/\/esreviral.com\/index.php?rest_route=\/wp\/v2\/users\/3"}],"replies":[{"embeddable":true,"href":"https:\/\/esreviral.com\/index.php?rest_route=%2Fwp%2Fv2%2Fcomments&post=77607"}],"version-history":[{"count":1,"href":"https:\/\/esreviral.com\/index.php?rest_route=\/wp\/v2\/posts\/77607\/revisions"}],"predecessor-version":[{"id":77609,"href":"https:\/\/esreviral.com\/index.php?rest_route=\/wp\/v2\/posts\/77607\/revisions\/77609"}],"wp:featuredmedia":[{"embeddable":true,"href":"https:\/\/esreviral.com\/index.php?rest_route=\/wp\/v2\/media\/77608"}],"wp:attachment":[{"href":"https:\/\/esreviral.com\/index.php?rest_route=%2Fwp%2Fv2%2Fmedia&parent=77607"}],"wp:term":[{"taxonomy":"category","embeddable":true,"href":"https:\/\/esreviral.com\/index.php?rest_route=%2Fwp%2Fv2%2Fcategories&post=77607"},{"taxonomy":"post_tag","embeddable":true,"href":"https:\/\/esreviral.com\/index.php?rest_route=%2Fwp%2Fv2%2Ftags&post=77607"}],"curies":[{"name":"wp","href":"https:\/\/api.w.org\/{rel}","templated":true}]}}