{"id":77565,"date":"2025-07-21T08:59:26","date_gmt":"2025-07-21T13:59:26","guid":{"rendered":"https:\/\/esreviral.com\/?p=77565"},"modified":"2025-07-21T08:59:28","modified_gmt":"2025-07-21T13:59:28","slug":"fiscalia-de-peru-investiga-a-dina-boluarte-por-financiacion-ilegal-en-campana-electoral","status":"publish","type":"post","link":"https:\/\/esreviral.com\/?p=77565","title":{"rendered":"Fiscal\u00eda de Per\u00fa investiga a Dina Boluarte por financiaci\u00f3n ilegal en campa\u00f1a electoral"},"content":{"rendered":"\n<p>La Fiscal\u00eda de Per\u00fa abri\u00f3 una investigaci\u00f3n preliminar contra la presidenta Dina Boluarte por presunta financiaci\u00f3n ilegal durante la campa\u00f1a electoral de 2021, cuando fue electa como vicepresidenta por el partido Per\u00fa Libre.<\/p>\n\n\n\n<p>Seg\u00fan medios locales, la pesquisa se centra en la supuesta inyecci\u00f3n irregular de dinero en actividades proselitistas de esa fuerza pol\u00edtica. La decisi\u00f3n se habr\u00eda tomado tras el testimonio de un testigo que asegur\u00f3 que Boluarte solicit\u00f3 150 mil soles (aproximadamente 42 mil d\u00f3lares) al empresario Eduvigis Beltr\u00e1n para financiar la campa\u00f1a.<\/p>\n\n\n\n<p class=\"has-text-align-center\"><strong><a href=\"https:\/\/chat.whatsapp.com\/KWkTmakY3I05kNdd2oZl6d\"><em>\u00daNETE A NUESTRO GRUPO DE WHATSAPP PARA ESTAR INFORMADO<\/em><\/a><\/strong><\/p>\n\n\n\n<p>Aunque esta denuncia ya hab\u00eda sido presentada anteriormente, en 2023 el propio Beltr\u00e1n neg\u00f3 haber recibido una solicitud de dinero por parte de la hoy presidenta. Sin embargo, un nuevo documento del Ministerio P\u00fablico, al que accedieron varios medios peruanos, indica que la presunta solicitud ocurri\u00f3 el 19 de mayo de 2021, d\u00edas antes de la segunda vuelta electoral en la que Pedro Castillo result\u00f3 ganador.<\/p>\n\n\n\n<p>De acuerdo con la investigaci\u00f3n, el dinero habr\u00eda sido destinado al pago de una agrupaci\u00f3n musical que participaba en actos de campa\u00f1a de Castillo y Boluarte. La Fiscal\u00eda sostiene que los fondos fueron retirados del patrimonio personal de Beltr\u00e1n o de empresas vinculadas a sus actividades comerciales.<\/p>\n\n\n\n<p>Est\u00e1 previsto que Boluarte declare ante las autoridades el pr\u00f3ximo 14 de octubre de 2025, como parte de las diligencias programadas por el Ministerio P\u00fablico.<\/p>\n\n\n\n<h3 class=\"wp-block-heading\"><strong><mark style=\"background-color:rgba(0, 0, 0, 0)\" class=\"has-inline-color has-vivid-red-color\">Otras causas abiertas contra la presidenta<\/mark><\/strong><\/h3>\n\n\n\n<figure class=\"wp-block-image size-large is-resized\"><img decoding=\"async\" src=\"https:\/\/eldiario.com\/nitropack_static\/DWpklAePbJBFiBKvuTtiGMLbtJlHUqWt\/assets\/images\/optimized\/rev-cd07ea0\/eldiario.com\/wp-content\/uploads\/2024\/04\/b2a42e78afb5bec755986d12b2ca58c523ddc8c7-1200x800.jpg.webp\" alt=\"\" style=\"width:1071px;height:auto\"\/><\/figure>\n\n\n\n<p><\/p>\n\n\n\n<p>Dina Boluarte tambi\u00e9n enfrenta otras investigaciones penales impulsadas por la Fiscal\u00eda peruana. Entre ellas, una por la muerte de 49 personas durante las protestas sociales ocurridas entre 2022 y 2023.<\/p>\n\n\n\n<p>Adem\u00e1s, es investigada por presunto enriquecimiento il\u00edcito, luego de que se conociera la compra de art\u00edculos de lujo, incluidos relojes de la marca Rolex.<\/p>\n\n\n\n<p>Otra causa abierta est\u00e1 vinculada al supuesto abandono de cargo, tras no haber informado al Congreso que se someter\u00eda a procedimientos est\u00e9ticos bajo anestesia.<\/p>\n\n\n\n<p>Por \u00faltimo, la Fiscal\u00eda tambi\u00e9n la acusa de presunto encubrimiento al l\u00edder del partido Per\u00fa Libre, Vladimir Cerr\u00f3n, quien permanece pr\u00f3fugo tras haber sido condenado por corrupci\u00f3n.<\/p>\n\n\n\n<p class=\"has-text-align-center\"><em><strong><em><strong><em><strong><em><strong><a href=\"https:\/\/t.me\/esreviral\">\u00daNETE A NUESTRO CANAL DE TELEGRAM PARA ESTAR INFORMADO<\/a><\/strong><\/em><\/strong><\/em><\/strong><\/em><\/strong><\/em><\/p>\n\n\n\n<p class=\"has-text-align-right\"><strong><em>Con informaci\u00f3n de eldiario.com.-<\/em><\/strong><\/p>\n","protected":false},"excerpt":{"rendered":"<p>La presidenta de Per\u00fa habr\u00eda solicitado aproximadamente 42 mil d\u00f3lares a un empresario para financiar un servicio utilizado en los actos de campa\u00f1a de Pedro Castillo <\/p>\n","protected":false},"author":3,"featured_media":77566,"comment_status":"closed","ping_status":"closed","sticky":false,"template":"","format":"standard","meta":{"jnews-multi-image_gallery":[],"jnews_single_post":{"format":"standard"},"jnews_primary_category":[],"jnews_social_meta":[],"jnews_review":[],"enable_review":"","type":"","name":"","summary":"","brand":"","sku":"","good":[],"bad":[],"score_override":"","override_value":"","rating":[],"price":[],"jnews_override_counter":[],"jnews_post_split":[],"footnotes":""},"categories":[88,59],"tags":[5629,15183,309,45,33476,6275],"class_list":["post-77565","post","type-post","status-publish","format-standard","has-post-thumbnail","hentry","category-internacionales","category-politica","tag-dina-boluarte","tag-fiscalia","tag-investigacion","tag-noticias","tag-peru-3","tag-presidenta-de-peru"],"_links":{"self":[{"href":"https:\/\/esreviral.com\/index.php?rest_route=\/wp\/v2\/posts\/77565","targetHints":{"allow":["GET"]}}],"collection":[{"href":"https:\/\/esreviral.com\/index.php?rest_route=\/wp\/v2\/posts"}],"about":[{"href":"https:\/\/esreviral.com\/index.php?rest_route=\/wp\/v2\/types\/post"}],"author":[{"embeddable":true,"href":"https:\/\/esreviral.com\/index.php?rest_route=\/wp\/v2\/users\/3"}],"replies":[{"embeddable":true,"href":"https:\/\/esreviral.com\/index.php?rest_route=%2Fwp%2Fv2%2Fcomments&post=77565"}],"version-history":[{"count":1,"href":"https:\/\/esreviral.com\/index.php?rest_route=\/wp\/v2\/posts\/77565\/revisions"}],"predecessor-version":[{"id":77567,"href":"https:\/\/esreviral.com\/index.php?rest_route=\/wp\/v2\/posts\/77565\/revisions\/77567"}],"wp:featuredmedia":[{"embeddable":true,"href":"https:\/\/esreviral.com\/index.php?rest_route=\/wp\/v2\/media\/77566"}],"wp:attachment":[{"href":"https:\/\/esreviral.com\/index.php?rest_route=%2Fwp%2Fv2%2Fmedia&parent=77565"}],"wp:term":[{"taxonomy":"category","embeddable":true,"href":"https:\/\/esreviral.com\/index.php?rest_route=%2Fwp%2Fv2%2Fcategories&post=77565"},{"taxonomy":"post_tag","embeddable":true,"href":"https:\/\/esreviral.com\/index.php?rest_route=%2Fwp%2Fv2%2Ftags&post=77565"}],"curies":[{"name":"wp","href":"https:\/\/api.w.org\/{rel}","templated":true}]}}