{"id":7752,"date":"2021-06-22T17:36:51","date_gmt":"2021-06-22T20:36:51","guid":{"rendered":"http:\/\/esreviral.com\/?p=7752"},"modified":"2021-06-22T17:36:51","modified_gmt":"2021-06-22T20:36:51","slug":"argentina-supero-los-90-mil-muertos-en-las-ultimas-24-horas-se-registraron-792-decesos","status":"publish","type":"post","link":"https:\/\/esreviral.com\/?p=7752","title":{"rendered":"Argentina super\u00f3 los 90 mil muertos: En las \u00faltimas 24 horas se registraron 792 decesos"},"content":{"rendered":"\n<p>A pesar de que esta ma\u00f1ana la <a href=\"https:\/\/esreviral.com\/2021\/06\/22\/ministra-de-salud-de-argentina-no-descarta-que-apliquen-una-tercera-dosis-de-vacunas\/\">ministra de salud, Carla Vizzotti, inform\u00f3 que durante las \u00faltimas tres semanas, hab\u00eda disminuido en m\u00e1s de 20 % la cantidad de contagios, <\/a>por la tarde se inform\u00f3 de un nuevo r\u00e9cord diario de decesos con 792 y es as\u00ed como Argentina lleg\u00f3 a 90.281 v\u00edctimas fatales. <\/p>\n\n\n\n<p>Tambi\u00e9n se confirmaron 21.387 casos, con lo cual la sumatoria ahora es de 4.298.782 de los cuales 3.928.389 se han recuperado. <\/p>\n\n\n\n<p>Adem\u00e1s, los pacientes que permanecen internados con Covid-19 en las distintas unidades de&nbsp;<strong>terapia intensiva (UTI)<\/strong>&nbsp;del pa\u00eds son&nbsp;<strong>7326,<\/strong>&nbsp;mientras que el porcentaje de ocupaci\u00f3n total de camas en las UTI adulto es del&nbsp;<strong>72,6%<\/strong>&nbsp;a nivel&nbsp;<strong>nacional<\/strong>&nbsp;y del&nbsp;<strong>70,7%<\/strong>&nbsp;en el denominado \u00c1rea Metropolitana de Buenos Aires&nbsp;<strong>(AMBA).<\/strong><\/p>\n\n\n\n<p>La cartera sanitaria tambi\u00e9n indic\u00f3 que se realizaron en las \u00faltimas 24 horas&nbsp;<strong>75.162 testeos<\/strong>&nbsp;y que, desde el inicio de la pandemia, ascienden a&nbsp;<strong>15.955.356<\/strong>&nbsp;las pruebas diagn\u00f3sticas realizadas.<\/p>\n","protected":false},"excerpt":{"rendered":"<p>A pesar de que esta ma\u00f1ana la ministra de salud, Carla Vizzotti, inform\u00f3 que durante las \u00faltimas tres semanas, hab\u00eda disminuido en m\u00e1s de 20 % la cantidad de contagios, por la tarde se inform\u00f3 de un nuevo r\u00e9cord diario de decesos con 792 y es as\u00ed como Argentina lleg\u00f3 a 90.281 v\u00edctimas fatales. Tambi\u00e9n [&hellip;]<\/p>\n","protected":false},"author":2,"featured_media":7753,"comment_status":"open","ping_status":"open","sticky":false,"template":"","format":"standard","meta":{"jnews-multi-image_gallery":[],"jnews_single_post":[],"jnews_primary_category":[],"jnews_social_meta":[],"jnews_review":[],"enable_review":"","type":"","name":"","summary":"","brand":"","sku":"","good":[],"bad":[],"score_override":"","override_value":"","rating":[],"price":[],"jnews_override_counter":[],"jnews_post_split":[],"footnotes":""},"categories":[76],"tags":[44,77,45],"class_list":["post-7752","post","type-post","status-publish","format-standard","has-post-thumbnail","hentry","category-coronavirus","tag-argentina","tag-coronavirus","tag-noticias"],"amp_enabled":true,"_links":{"self":[{"href":"https:\/\/esreviral.com\/index.php?rest_route=\/wp\/v2\/posts\/7752"}],"collection":[{"href":"https:\/\/esreviral.com\/index.php?rest_route=\/wp\/v2\/posts"}],"about":[{"href":"https:\/\/esreviral.com\/index.php?rest_route=\/wp\/v2\/types\/post"}],"author":[{"embeddable":true,"href":"https:\/\/esreviral.com\/index.php?rest_route=\/wp\/v2\/users\/2"}],"replies":[{"embeddable":true,"href":"https:\/\/esreviral.com\/index.php?rest_route=%2Fwp%2Fv2%2Fcomments&post=7752"}],"version-history":[{"count":0,"href":"https:\/\/esreviral.com\/index.php?rest_route=\/wp\/v2\/posts\/7752\/revisions"}],"wp:featuredmedia":[{"embeddable":true,"href":"https:\/\/esreviral.com\/index.php?rest_route=\/"}],"wp:attachment":[{"href":"https:\/\/esreviral.com\/index.php?rest_route=%2Fwp%2Fv2%2Fmedia&parent=7752"}],"wp:term":[{"taxonomy":"category","embeddable":true,"href":"https:\/\/esreviral.com\/index.php?rest_route=%2Fwp%2Fv2%2Fcategories&post=7752"},{"taxonomy":"post_tag","embeddable":true,"href":"https:\/\/esreviral.com\/index.php?rest_route=%2Fwp%2Fv2%2Ftags&post=7752"}],"curies":[{"name":"wp","href":"https:\/\/api.w.org\/{rel}","templated":true}]}}