{"id":7749,"date":"2021-06-22T15:54:00","date_gmt":"2021-06-22T18:54:00","guid":{"rendered":"http:\/\/esreviral.com\/?p=7749"},"modified":"2021-06-22T15:54:00","modified_gmt":"2021-06-22T18:54:00","slug":"periodista-chavista-se-vacuno-y-explotaron-las-redes","status":"publish","type":"post","link":"https:\/\/esreviral.com\/?p=7749","title":{"rendered":"Periodista chavista se vacun\u00f3 y explotaron las redes"},"content":{"rendered":"\n<p>Mientras cientos de ciudadanos de a pie hacen largas filas en los distintos puestos de vacunaci\u00f3n anticovid en Venezuela para lograr obtener una de las ansiadas vacunas u otros protestan clamando por una bombona de ox\u00edgeno para sus familiares, en el canal La Tele Tuya, afectos al chavismo, hicieron un vacunatorio VIP. <\/p>\n\n\n\n<p>La periodista Milena Mej\u00eda Ferrer, public\u00f3 en sus redes sociales, como fue inoculada con la segunda dosis y los usuarios comenzaron las cr\u00edticas ante esta situaci\u00f3n. <\/p>\n\n\n\n<figure class=\"wp-block-embed-twitter wp-block-embed is-type-rich is-provider-twitter\"><div class=\"wp-block-embed__wrapper\">\n<blockquote class=\"twitter-tweet\" data-width=\"500\" data-dnt=\"true\"><p lang=\"es\" dir=\"ltr\">Segunda dosis, listo \u2705\ud83e\udda0\ud83d\ude37<br><br>\u2022Jornada vacunaci\u00f3n <a href=\"https:\/\/twitter.com\/LaTeleTuya?ref_src=twsrc%5Etfw\">@LaTeleTuya<\/a> <a href=\"https:\/\/t.co\/VLvUQ7uQdS\">pic.twitter.com\/VLvUQ7uQdS<\/a><\/p>&mdash; Milena Mejia Ferrer (@MilenaMejiaF) <a href=\"https:\/\/twitter.com\/MilenaMejiaF\/status\/1407358639577436166?ref_src=twsrc%5Etfw\">June 22, 2021<\/a><\/blockquote><script async src=\"https:\/\/platform.twitter.com\/widgets.js\" charset=\"utf-8\"><\/script>\n<\/div><\/figure>\n\n\n\n<figure class=\"wp-block-embed-twitter wp-block-embed is-type-rich is-provider-twitter\"><div class=\"wp-block-embed__wrapper\">\n<blockquote class=\"twitter-tweet\" data-width=\"500\" data-dnt=\"true\"><p lang=\"es\" dir=\"ltr\">En el hotel Alba suspendieron la vacunacion porque no quedaban vacunas para la segunda dosis, pero en el canal <a href=\"https:\/\/twitter.com\/LaTeleTuya?ref_src=twsrc%5Etfw\">@LaTeleTuya<\/a> de <a href=\"https:\/\/twitter.com\/TrapieLLo?ref_src=twsrc%5Etfw\">@TrapieLLo<\/a> (chavista) hacen una jornada especial de vacunacion (2da dosis). <a href=\"https:\/\/twitter.com\/hashtag\/VacunasVIP?src=hash&amp;ref_src=twsrc%5Etfw\">#VacunasVIP<\/a> <a href=\"https:\/\/t.co\/49yCHf90Nq\">https:\/\/t.co\/49yCHf90Nq<\/a> <a href=\"https:\/\/t.co\/KvnEDPBxYp\">pic.twitter.com\/KvnEDPBxYp<\/a><\/p>&mdash; Federico A. Black B. (@FedericoBlackB) <a href=\"https:\/\/twitter.com\/FedericoBlackB\/status\/1407407491286241292?ref_src=twsrc%5Etfw\">June 22, 2021<\/a><\/blockquote><script async src=\"https:\/\/platform.twitter.com\/widgets.js\" charset=\"utf-8\"><\/script>\n<\/div><\/figure>\n\n\n\n<figure class=\"wp-block-embed-twitter wp-block-embed is-type-rich is-provider-twitter\"><div class=\"wp-block-embed__wrapper\">\n<blockquote class=\"twitter-tweet\" data-width=\"500\" data-dnt=\"true\"><p lang=\"es\" dir=\"ltr\">Reporte <a href=\"https:\/\/twitter.com\/hashtag\/21Jun?src=hash&amp;ref_src=twsrc%5Etfw\">#21Jun<\/a> Se recibe informaci\u00f3n de 20 nuevos fallecimientos de personal de la salud con criterios para Covid-19, para llegar a 670 fallecidos. Mientras voceros oficiales anuncian 2973 totales<br><br>Se retira al ingeniero Mogoll\u00f3n <a href=\"https:\/\/twitter.com\/hashtag\/T%C3%A1chira?src=hash&amp;ref_src=twsrc%5Etfw\">#T\u00e1chira<\/a> <a href=\"https:\/\/twitter.com\/hashtag\/15Jun?src=hash&amp;ref_src=twsrc%5Etfw\">#15Jun<\/a> por verificar que no estaba activo <a href=\"https:\/\/t.co\/isSidRNsxo\">pic.twitter.com\/isSidRNsxo<\/a><\/p>&mdash; M\u00e9dicos Unidos Vzla (@MedicosUnidosVe) <a href=\"https:\/\/twitter.com\/MedicosUnidosVe\/status\/1407409549401788417?ref_src=twsrc%5Etfw\">June 22, 2021<\/a><\/blockquote><script async src=\"https:\/\/platform.twitter.com\/widgets.js\" charset=\"utf-8\"><\/script>\n<\/div><\/figure>\n","protected":false},"excerpt":{"rendered":"<p>Mientras cientos de ciudadanos de a pie hacen largas filas en los distintos puestos de vacunaci\u00f3n anticovid en Venezuela para lograr obtener una de las ansiadas vacunas u otros protestan clamando por una bombona de ox\u00edgeno para sus familiares, en el canal La Tele Tuya, afectos al chavismo, hicieron un vacunatorio VIP. La periodista Milena [&hellip;]<\/p>\n","protected":false},"author":2,"featured_media":7750,"comment_status":"open","ping_status":"open","sticky":false,"template":"","format":"standard","meta":{"jnews-multi-image_gallery":[],"jnews_single_post":[],"jnews_primary_category":[],"jnews_social_meta":[],"jnews_review":[],"enable_review":"","type":"","name":"","summary":"","brand":"","sku":"","good":[],"bad":[],"score_override":"","override_value":"","rating":[],"price":[],"jnews_override_counter":[],"jnews_post_split":[],"footnotes":""},"categories":[76,66],"tags":[45,578],"class_list":["post-7749","post","type-post","status-publish","format-standard","has-post-thumbnail","hentry","category-coronavirus","category-venezuela","tag-noticias","tag-vacunas"],"amp_enabled":true,"_links":{"self":[{"href":"https:\/\/esreviral.com\/index.php?rest_route=\/wp\/v2\/posts\/7749"}],"collection":[{"href":"https:\/\/esreviral.com\/index.php?rest_route=\/wp\/v2\/posts"}],"about":[{"href":"https:\/\/esreviral.com\/index.php?rest_route=\/wp\/v2\/types\/post"}],"author":[{"embeddable":true,"href":"https:\/\/esreviral.com\/index.php?rest_route=\/wp\/v2\/users\/2"}],"replies":[{"embeddable":true,"href":"https:\/\/esreviral.com\/index.php?rest_route=%2Fwp%2Fv2%2Fcomments&post=7749"}],"version-history":[{"count":0,"href":"https:\/\/esreviral.com\/index.php?rest_route=\/wp\/v2\/posts\/7749\/revisions"}],"wp:featuredmedia":[{"embeddable":true,"href":"https:\/\/esreviral.com\/index.php?rest_route=\/"}],"wp:attachment":[{"href":"https:\/\/esreviral.com\/index.php?rest_route=%2Fwp%2Fv2%2Fmedia&parent=7749"}],"wp:term":[{"taxonomy":"category","embeddable":true,"href":"https:\/\/esreviral.com\/index.php?rest_route=%2Fwp%2Fv2%2Fcategories&post=7749"},{"taxonomy":"post_tag","embeddable":true,"href":"https:\/\/esreviral.com\/index.php?rest_route=%2Fwp%2Fv2%2Ftags&post=7749"}],"curies":[{"name":"wp","href":"https:\/\/api.w.org\/{rel}","templated":true}]}}