{"id":77442,"date":"2025-07-18T08:31:00","date_gmt":"2025-07-18T13:31:00","guid":{"rendered":"https:\/\/esreviral.com\/?p=77442"},"modified":"2025-07-18T08:38:04","modified_gmt":"2025-07-18T13:38:04","slug":"milei-en-el-acto-por-el-atentado-a-la-amia-no-vamos-a-parar-hasta-que-se-haga-justicia","status":"publish","type":"post","link":"https:\/\/esreviral.com\/?p=77442","title":{"rendered":"Milei, en el acto por el atentado a la AMIA: \u201cNo vamos a parar hasta que se haga Justicia\u201d"},"content":{"rendered":"\n<p>Este viernes se llev\u00f3 a cabo el<strong> acto central por el 31\u00b0 aniversario del atentado a la Asociaci\u00f3n Mutual Israelita Argentina (AMIA), que en 1994 dej\u00f3 un saldo de 85 muertos y m\u00e1s de 300 heridos<\/strong>. El evento se realiz\u00f3 frente a la sede de la instituci\u00f3n, ubicada en Pasteur 633, y cont\u00f3 con la presencia del <strong>presidente Javier Milei y parte de su gabinete.<\/strong><\/p>\n\n\n\n<p>En la previa del acto, Milei afirm\u00f3: \u201c<strong><em>No vamos a parar hasta que se haga justicia\u201d<\/em><\/strong>, en alusi\u00f3n a la falta de condenas tras m\u00e1s de tres d\u00e9cadas de impunidad.<\/p>\n\n\n\n<p>El presidente de la AMIA, Osvaldo Armoza, reiter\u00f3 el reclamo por justicia y responsabiliz\u00f3 directamente a Teher\u00e1n: \u201c<strong><em>Ir\u00e1n es el m\u00e1ximo responsable por el atentado que asesin\u00f3 a 85 inocentes y dej\u00f3 m\u00e1s de 300 heridos\u201d<\/em><\/strong>, asegur\u00f3. Y agreg\u00f3: \u201c<strong><em>Es crucial aprender del pasado y que nuestras autoridades tomen medidas para que nunca m\u00e1s suceda. El terrorismo est\u00e1 m\u00e1s activo que nunca\u201d<\/em><\/strong>.<\/p>\n\n\n\n<p>Bajo el lema <strong>\u201cLa impunidad sigue; el terrorismo tambi\u00e9n\u201d<\/strong>, el acto fue organizado en conjunto por la AMIA, la DAIA y familiares de las v\u00edctimas.<\/p>\n\n\n\n<p class=\"has-text-align-center\"><strong><a href=\"https:\/\/chat.whatsapp.com\/KWkTmakY3I05kNdd2oZl6d\"><em>\u00daNETE A NUESTRO GRUPO DE WHATSAPP PARA ESTAR INFORMADO<\/em><\/a><\/strong><\/p>\n\n\n\n<blockquote class=\"twitter-tweet\"><p lang=\"es\" dir=\"ltr\">\ud83c\udde6\ud83c\uddf7 | A las 09:53AM son\u00f3 la sirena que marca la hora en la que se cometi\u00f3 el atentado a la AMIA. Hoy se cumplen 31 a\u00f1os del ataque terrorista m\u00e1s grande en la historia del pa\u00eds. <br><br>El presidente Javier Milei afirm\u00f3 que no descansar\u00e1n hasta lograr la justicia <a href=\"https:\/\/twitter.com\/hashtag\/Esreviral?src=hash&amp;ref_src=twsrc%5Etfw\">#Esreviral<\/a> <a href=\"https:\/\/t.co\/TfYiGAF6VQ\">pic.twitter.com\/TfYiGAF6VQ<\/a><\/p>&mdash; ES RE VIRAL (@esreviral) <a href=\"https:\/\/twitter.com\/esreviral\/status\/1946202053514014933?ref_src=twsrc%5Etfw\">July 18, 2025<\/a><\/blockquote> <script async src=\"https:\/\/platform.twitter.com\/widgets.js\" charset=\"utf-8\"><\/script>\n\n\n\n<p><\/p>\n\n\n\n<p>Entre los presentes tambi\u00e9n estuvo el jefe de Gabinete, Guillermo Francos, quien se refiri\u00f3 al juicio en ausencia que impulsa la Justicia contra 10 acusados, todos pr\u00f3fugos: \u201c<strong><em>Ojal\u00e1 que el juicio finalmente logre condenar a los culpables. Tenemos la posibilidad de alcanzar justicia<\/em><\/strong>\u201d.<\/p>\n\n\n\n<p>El jefe de Gobierno porte\u00f1o, Jorge Macri, particip\u00f3 del homenaje y expres\u00f3: \u201cL<strong><em>o que m\u00e1s duele, adem\u00e1s del atentado, es la impunidad. Creo que es una herida que nunca termina de cerrar\u201d.<\/em><\/strong><\/p>\n\n\n\n<p>Ante posibles amenazas, la Casa Rosada orden\u00f3 reforzar las medidas de seguridad en torno al acto: se implementaron vallados, controles el\u00e9ctricos y met\u00e1licos, y un anillo perimetral de seguridad. Estas precauciones se intensificaron luego de que el gobierno iran\u00ed calificara a Milei como \u201cenemigo\u201d, en medio del conflicto en Medio Oriente y por su respaldo expl\u00edcito a Israel.<\/p>\n\n\n\n<p>En ese contexto, la embajada de Ir\u00e1n en el Reino Unido difundi\u00f3 un documento titulado <em>\u201c<strong>Ataque al derecho internacional por parte del r\u00e9gimen israel\u00ed contra la Rep\u00fablica Isl\u00e1mica de Ir\u00e1n, desde el inicio de su agresi\u00f3n el 13 de junio de 2025\u201d<\/strong><\/em>, donde tambi\u00e9n cuestion\u00f3 la postura del gobierno argentino.<\/p>\n\n\n\n<p>Mientras tanto, el fiscal Eduardo Taiano reactiv\u00f3 la causa por la muerte de Alberto Nisman y planea citar a declarar a 90 miembros del \u00e1rea de Inteligencia del Ej\u00e9rcito.<\/p>\n\n\n<div class=\"wp-block-image\">\n<figure class=\"aligncenter size-large is-resized\"><img fetchpriority=\"high\" decoding=\"async\" width=\"719\" height=\"1024\" src=\"https:\/\/esreviral.com\/wp-content\/uploads\/2025\/07\/AnyConv.com__AnyConv.com__GwH-dYWIAAAFC2-719x1024.webp\" alt=\"\" class=\"wp-image-77443\" style=\"width:1071px;height:auto\" srcset=\"https:\/\/esreviral.com\/wp-content\/uploads\/2025\/07\/AnyConv.com__AnyConv.com__GwH-dYWIAAAFC2-719x1024.webp 719w, https:\/\/esreviral.com\/wp-content\/uploads\/2025\/07\/AnyConv.com__AnyConv.com__GwH-dYWIAAAFC2-211x300.webp 211w, https:\/\/esreviral.com\/wp-content\/uploads\/2025\/07\/AnyConv.com__AnyConv.com__GwH-dYWIAAAFC2-768x1094.webp 768w, https:\/\/esreviral.com\/wp-content\/uploads\/2025\/07\/AnyConv.com__AnyConv.com__GwH-dYWIAAAFC2-1078x1536.webp 1078w, https:\/\/esreviral.com\/wp-content\/uploads\/2025\/07\/AnyConv.com__AnyConv.com__GwH-dYWIAAAFC2.webp 1398w\" sizes=\"(max-width: 719px) 100vw, 719px\" \/><\/figure>\n<\/div>\n\n\n<p><\/p>\n\n\n\n<p><strong><mark style=\"background-color:rgba(0, 0, 0, 0)\" class=\"has-inline-color has-vivid-red-color\">La Justicia avanzar\u00e1 con un juicio en ausencia contra los acusados por el atentado<\/mark><\/strong><\/p>\n\n\n\n<p>A fines de junio, el juez federal Daniel Rafecas resolvi\u00f3 avanzar con un juicio en ausencia contra los diez acusados \u2014ciudadanos iran\u00edes y libaneses vinculados a Hezbollah\u2014, se\u00f1alados como autores intelectuales y materiales del atentado. Se trata de exfuncionarios del r\u00e9gimen iran\u00ed que permanecen pr\u00f3fugos desde hace d\u00e9cadas.<\/p>\n\n\n\n<p>La decisi\u00f3n judicial provoc\u00f3 nuevas tensiones con Ir\u00e1n, cuyo gobierno calific\u00f3 la medida como una \u201cacci\u00f3n ilegal, politizada y contraria al derecho internacional\u201d.<\/p>\n\n\n\n<p>El juicio en ausencia est\u00e1 habilitado para delitos de terrorismo, cr\u00edmenes de lesa humanidad y otros hechos de gravedad excepcional. El presidente Milei celebr\u00f3 la decisi\u00f3n judicial y comparti\u00f3 mensajes de apoyo, como el del director nacional de Comunicaci\u00f3n Digital, Juan Pablo Carreira, quien escribi\u00f3: <strong><em>\u201cLas basuras que planificaron el atentado desde la comodidad de sus oficinas en Ir\u00e1n y asesinaron a 85 argentinos van a poder ser condenadas en ausencia<\/em><\/strong>\u201d.<\/p>\n\n\n\n<p class=\"has-text-align-center\"><em><strong><em><strong><em><strong><em><strong><a href=\"https:\/\/t.me\/esreviral\">\u00daNETE A NUESTRO CANAL DE TELEGRAM PARA ESTAR INFORMADO<\/a><\/strong><\/em><\/strong><\/em><\/strong><\/em><\/strong><\/em><\/p>\n\n\n\n<p class=\"has-text-align-right\"><strong><em>Con Informaci\u00f3n de TN.-<\/em><\/strong><\/p>\n","protected":false},"excerpt":{"rendered":"<p>En medio de las amenazas de Ir\u00e1n, el Presidente homenajea a las 85 v\u00edctimas y reafirma su apoyo a Israel. Hay un fuerte operativo de seguridad. \u201cLa impunidad sigue; el terrorismo tambi\u00e9n\u201d, es el lema de la ceremonia.<\/p>\n","protected":false},"author":3,"featured_media":77444,"comment_status":"closed","ping_status":"closed","sticky":false,"template":"","format":"standard","meta":{"jnews-multi-image_gallery":[],"jnews_single_post":{"format":"standard"},"jnews_primary_category":[],"jnews_social_meta":[],"jnews_review":[],"enable_review":"","type":"","name":"","summary":"","brand":"","sku":"","good":[],"bad":[],"score_override":"","override_value":"","rating":[],"price":[],"jnews_override_counter":[],"jnews_post_split":[],"footnotes":""},"categories":[58],"tags":[3282,44,3283,1158,45],"class_list":["post-77442","post","type-post","status-publish","format-standard","has-post-thumbnail","hentry","category-argentina","tag-amia","tag-argentina","tag-atentado","tag-javier-milei","tag-noticias"],"_links":{"self":[{"href":"https:\/\/esreviral.com\/index.php?rest_route=\/wp\/v2\/posts\/77442","targetHints":{"allow":["GET"]}}],"collection":[{"href":"https:\/\/esreviral.com\/index.php?rest_route=\/wp\/v2\/posts"}],"about":[{"href":"https:\/\/esreviral.com\/index.php?rest_route=\/wp\/v2\/types\/post"}],"author":[{"embeddable":true,"href":"https:\/\/esreviral.com\/index.php?rest_route=\/wp\/v2\/users\/3"}],"replies":[{"embeddable":true,"href":"https:\/\/esreviral.com\/index.php?rest_route=%2Fwp%2Fv2%2Fcomments&post=77442"}],"version-history":[{"count":2,"href":"https:\/\/esreviral.com\/index.php?rest_route=\/wp\/v2\/posts\/77442\/revisions"}],"predecessor-version":[{"id":77446,"href":"https:\/\/esreviral.com\/index.php?rest_route=\/wp\/v2\/posts\/77442\/revisions\/77446"}],"wp:featuredmedia":[{"embeddable":true,"href":"https:\/\/esreviral.com\/index.php?rest_route=\/wp\/v2\/media\/77444"}],"wp:attachment":[{"href":"https:\/\/esreviral.com\/index.php?rest_route=%2Fwp%2Fv2%2Fmedia&parent=77442"}],"wp:term":[{"taxonomy":"category","embeddable":true,"href":"https:\/\/esreviral.com\/index.php?rest_route=%2Fwp%2Fv2%2Fcategories&post=77442"},{"taxonomy":"post_tag","embeddable":true,"href":"https:\/\/esreviral.com\/index.php?rest_route=%2Fwp%2Fv2%2Ftags&post=77442"}],"curies":[{"name":"wp","href":"https:\/\/api.w.org\/{rel}","templated":true}]}}