{"id":77371,"date":"2025-07-17T08:02:21","date_gmt":"2025-07-17T13:02:21","guid":{"rendered":"https:\/\/esreviral.com\/?p=77371"},"modified":"2025-07-17T08:02:22","modified_gmt":"2025-07-17T13:02:22","slug":"michelle-y-barack-obama-hablaron-por-primera-vez-de-los-rumores-de-divorcio","status":"publish","type":"post","link":"https:\/\/esreviral.com\/?p=77371","title":{"rendered":"Michelle y Barack Obama hablaron por primera vez de los rumores de divorcio"},"content":{"rendered":"\n<p>Este jueves, el <strong>expresidente de Estados Unidos<\/strong>, <strong>Barack Obama<\/strong>, particip\u00f3 del podcast <em>IMO<\/em>, conducido por su esposa <strong>Michelle Obama<\/strong> y su cu\u00f1ado <strong>Craig Robinson<\/strong>, en el que abordaron con humor los rumores de divorcio que han circulado recientemente.<\/p>\n\n\n\n<p>Fiel al tono distendido del programa, Michelle present\u00f3 al invitado como alguien \u00abmuy especial\u00bb, para luego enfatizar entre risas: \u00abMuy, muy, muy especial\u00bb. Acto seguido, se levant\u00f3 para recibir a su esposo, quien ingres\u00f3 al estudio salud\u00e1ndola con un abrazo y un beso en la mejilla.<\/p>\n\n\n\n<p class=\"has-text-align-center\"><strong><a href=\"https:\/\/chat.whatsapp.com\/KWkTmakY3I05kNdd2oZl6d\"><em>\u00daNETE A NUESTRO GRUPO DE WHATSAPP PARA ESTAR INFORMADO<\/em><\/a><\/strong><\/p>\n\n\n\n<p>El tema del supuesto distanciamiento surgi\u00f3 de forma espont\u00e1nea cuando Craig brome\u00f3 al verlos juntos:<br>\u2014\u00bbEsperen, \u00bfustedes se gustan?\u00bb<br>\u2014\u00bbEse es el rumor\u00bb \u2014respondi\u00f3 Michelle entre carcajadas, mientras Barack sumaba: \u00abFue un <em>touch and go<\/em> por un tiempo\u00bb.<\/p>\n\n\n\n<p>Craig coment\u00f3 que a menudo, personas que lo reconocen por el podcast se le acercan para preguntarle por el matrimonio de su hermana. Cont\u00f3 que durante una visita a Wichita, Kansas, una mujer le pregunt\u00f3 directamente: \u00ab\u00bfQu\u00e9 fue lo que hizo (Obama)?\u00bb.<br>\u2014\u00bb\u00bfPor qu\u00e9 asum\u00eds que fue \u00e9l? \u00bfPor qu\u00e9 no pudo haber sido ella?\u00bb, le respondi\u00f3 Craig.<br>Michelle intervino divertida: \u00ab\u00bfY por qu\u00e9 no dijiste que nadie hizo nada mal?\u00bb<br>\u2014\u00bbQuer\u00eda tener esta conversaci\u00f3n contigo en vivo\u00bb, contest\u00f3 su hermano.<\/p>\n\n\n\n<p>La ex primera dama tambi\u00e9n se refiri\u00f3 a c\u00f3mo la percepci\u00f3n p\u00fablica se distorsiona f\u00e1cilmente:<br>\u2014\u00bbYa s\u00e9&#8230; cuando no estamos juntos, la gente piensa que estamos divorciados\u00bb, coment\u00f3 con iron\u00eda.<\/p>\n\n\n\n<p>Obama, por su parte, rest\u00f3 importancia a los rumores:<br>\u2014\u00bbEsos son los titulares que simplemente echar\u00e9 de menos\u00bb, brome\u00f3.<\/p>\n\n\n\n<p>Para cerrar el tema, Michelle fue tajante:<br>\u2014\u00bbNo ha habido un momento en nuestro matrimonio en el que haya pensado en dejar a mi hombre\u00bb.<br>Y a\u00f1adi\u00f3:<br>\u2014\u00bbHemos atravesado momentos dif\u00edciles, pero tambi\u00e9n hemos tenido muchas risas, muchas aventuras. Soy una mejor persona gracias al hombre con el que estoy casada\u00bb.<\/p>\n\n\n\n<p>Visiblemente emocionado, Barack respondi\u00f3:<br>\u2014\u00bbEst\u00e1 bien, no me hagas llorar ahora&#8230; no al comienzo del show\u00bb.<\/p>\n\n\n\n<p>Barack y Michelle Obama est\u00e1n casados desde 1992 y tienen dos hijas: <strong>Malia<\/strong>, de 27 a\u00f1os de edad, y <strong>Sasha<\/strong>, de 24 a\u00f1os de edad. En abril, durante su participaci\u00f3n en el podcast <em>Work in Progress with Sophia Bush<\/em>, Michelle hab\u00eda sugerido que los rumores comenzaron cuando ella empez\u00f3 a tener una agenda propia, lo que fue interpretado err\u00f3neamente como una se\u00f1al de distanciamiento.<\/p>\n\n\n\n<p class=\"has-text-align-center\"><em><strong><em><strong><em><strong><em><strong><a href=\"https:\/\/t.me\/esreviral\">\u00daNETE A NUESTRO CANAL DE TELEGRAM PARA ESTAR INFORMADO<\/a><\/strong><\/em><\/strong><\/em><\/strong><\/em><\/strong><\/em><\/p>\n\n\n\n<p class=\"has-text-align-right\"><em><strong>Con informaci\u00f3n de ANSA.<\/strong>&#8211;<\/em><\/p>\n","protected":false},"excerpt":{"rendered":"<p>El expresidente estadounidense y su esposa conversaron acerca de las versiones sobre el fin de su matrimonio.<br \/>\nFue durante un podcast en el programa de la ex primera dama y su hermano.<\/p>\n","protected":false},"author":3,"featured_media":77372,"comment_status":"closed","ping_status":"closed","sticky":false,"template":"","format":"standard","meta":{"jnews-multi-image_gallery":[],"jnews_single_post":{"format":"standard"},"jnews_primary_category":[],"jnews_social_meta":[],"jnews_review":[],"enable_review":"","type":"","name":"","summary":"","brand":"","sku":"","good":[],"bad":[],"score_override":"","override_value":"","rating":[],"price":[],"jnews_override_counter":[],"jnews_post_split":[],"footnotes":""},"categories":[88],"tags":[23568,2534,136,10307,23569,45],"class_list":["post-77371","post","type-post","status-publish","format-standard","has-post-thumbnail","hentry","category-internacionales","tag-barack-obama","tag-divorcios","tag-estados-unidos","tag-expresidente-de-estados-unidos","tag-michelle-obama","tag-noticias"],"amp_enabled":true,"_links":{"self":[{"href":"https:\/\/esreviral.com\/index.php?rest_route=\/wp\/v2\/posts\/77371"}],"collection":[{"href":"https:\/\/esreviral.com\/index.php?rest_route=\/wp\/v2\/posts"}],"about":[{"href":"https:\/\/esreviral.com\/index.php?rest_route=\/wp\/v2\/types\/post"}],"author":[{"embeddable":true,"href":"https:\/\/esreviral.com\/index.php?rest_route=\/wp\/v2\/users\/3"}],"replies":[{"embeddable":true,"href":"https:\/\/esreviral.com\/index.php?rest_route=%2Fwp%2Fv2%2Fcomments&post=77371"}],"version-history":[{"count":1,"href":"https:\/\/esreviral.com\/index.php?rest_route=\/wp\/v2\/posts\/77371\/revisions"}],"predecessor-version":[{"id":77373,"href":"https:\/\/esreviral.com\/index.php?rest_route=\/wp\/v2\/posts\/77371\/revisions\/77373"}],"wp:featuredmedia":[{"embeddable":true,"href":"https:\/\/esreviral.com\/index.php?rest_route=\/wp\/v2\/media\/77372"}],"wp:attachment":[{"href":"https:\/\/esreviral.com\/index.php?rest_route=%2Fwp%2Fv2%2Fmedia&parent=77371"}],"wp:term":[{"taxonomy":"category","embeddable":true,"href":"https:\/\/esreviral.com\/index.php?rest_route=%2Fwp%2Fv2%2Fcategories&post=77371"},{"taxonomy":"post_tag","embeddable":true,"href":"https:\/\/esreviral.com\/index.php?rest_route=%2Fwp%2Fv2%2Ftags&post=77371"}],"curies":[{"name":"wp","href":"https:\/\/api.w.org\/{rel}","templated":true}]}}