{"id":77368,"date":"2025-07-17T07:45:27","date_gmt":"2025-07-17T12:45:27","guid":{"rendered":"https:\/\/esreviral.com\/?p=77368"},"modified":"2025-07-17T07:45:28","modified_gmt":"2025-07-17T12:45:28","slug":"subisidos-a-las-tarifas-de-luz-un-grupo-de-usuarios-pagara-recibos-mas-baratos-en-invierno","status":"publish","type":"post","link":"https:\/\/esreviral.com\/?p=77368","title":{"rendered":"Subisidos a las tarifas de luz: un grupo de usuarios pagar\u00e1 recibos m\u00e1s baratos en invierno"},"content":{"rendered":"\n<p>En pleno invierno, el Gobierno nacional Argentino elev\u00f3 los topes de<strong> consumo el\u00e9ctrico subsidiado<\/strong> para los hogares de ingresos bajos y medios que viven en zonas fr\u00edas y no cuentan con servicio de gas natural. La medida regir\u00e1 desde el 1\u00b0 de julio hasta el 31 de agosto y busca brindar mayor asistencia ante la demanda energ\u00e9tica estacional.<\/p>\n\n\n\n<p>Los nuevos l\u00edmites de consumo con subsidio alcanzan el doble de lo habitual en otras \u00e9pocas del a\u00f1o y se aplicar\u00e1n exclusivamente a los usuarios del r\u00e9gimen de Zona Fr\u00eda que no tengan acceso ni a gas natural por redes ni a gas propano indiluido.<\/p>\n\n\n\n<p class=\"has-text-align-center\"><strong><a href=\"https:\/\/chat.whatsapp.com\/KWkTmakY3I05kNdd2oZl6d\"><em>\u00daNETE A NUESTRO GRUPO DE WHATSAPP PARA ESTAR INFORMADO<\/em><\/a><\/strong><\/p>\n\n\n\n<p><strong>Los hogares incluidos en esta medida recibir\u00e1n los siguientes beneficios:<\/strong><\/p>\n\n\n\n<ul class=\"wp-block-list\">\n<li><strong>Usuarios de Nivel 2 (ingresos bajos):<\/strong> tope subsidiado de 700 kWh mensuales.<\/li>\n\n\n\n<li><strong>Usuarios de Nivel 3 (ingresos medios):<\/strong> tope subsidiado de 500 kWh mensuales.<\/li>\n<\/ul>\n\n\n\n<p><\/p>\n\n\n\n<p>En cambio, para los hogares fuera de las subzonas contempladas, los topes actuales se mantienen sin cambios: 250 kWh para el Nivel 2 y 350 kWh para el Nivel 3.<\/p>\n\n\n\n<p>La medida fue oficializada a trav\u00e9s de la Disposici\u00f3n 2\/2025 de la Subsecretar\u00eda de Transici\u00f3n y Planeamiento Energ\u00e9tico, dependiente del Ministerio de Econom\u00eda. En ella, se instruye a las distribuidoras el\u00e9ctricas a coordinar la implementaci\u00f3n, actualizar los cuadros tarifarios y aplicar las refacturaciones o acreditaciones correspondientes.<\/p>\n\n\n<div class=\"wp-block-image\">\n<figure class=\"aligncenter size-large\"><img decoding=\"async\" src=\"https:\/\/tn.com.ar\/resizer\/v2\/el-beneficio-comprende-a-las-subzonas-iiia-iva-ivb-ivc-ivd-v-y-vi-y-las-del-regimen-de-zona-fria-foto-enargas-T5GQ7C3N3RFNDLPP65OPVMLHLQ.PNG?auth=b39688b9522b95060caa8dadaf1d54af56398239b5aed3b2884bc124e34b60f8&amp;width=1440\" alt=\"\"\/><\/figure><\/div>\n\n\n<p class=\"has-text-align-center\"><strong><em>El beneficio comprende a las subzonas IIIa, IVa, IVb, IVc, IVd, V y VI y las del r\u00e9gimen de Zona Fr\u00eda.-<\/em><\/strong><\/p>\n\n\n\n<h3 class=\"wp-block-heading\"><strong><mark style=\"background-color:rgba(0, 0, 0, 0)\" class=\"has-inline-color has-vivid-red-color\">\u00bfQu\u00e9 provincias est\u00e1n incluidas?<\/mark><\/strong><\/h3>\n\n\n\n<p>El beneficio alcanzar\u00e1 a los usuarios ubicados en las subzonas IIIa, IVa, IVb, IVc, IVd, V y VI del r\u00e9gimen de Zona Fr\u00eda, lo que abarca a las siguientes provincias:<\/p>\n\n\n\n<ul class=\"wp-block-list\">\n<li>Buenos Aires<\/li>\n\n\n\n<li>C\u00f3rdoba<\/li>\n\n\n\n<li>Santa Fe<\/li>\n\n\n\n<li>San Luis<\/li>\n\n\n\n<li>Mendoza<\/li>\n\n\n\n<li>La Pampa<\/li>\n\n\n\n<li>Neuqu\u00e9n<\/li>\n\n\n\n<li>R\u00edo Negro<\/li>\n\n\n\n<li>Chubut<\/li>\n\n\n\n<li>Santa Cruz<\/li>\n\n\n\n<li>Tierra del Fuego<\/li>\n<\/ul>\n\n\n\n<p><\/p>\n\n\n\n<p>Esta medida ya hab\u00eda sido implementada durante el invierno de 2024 y ahora se reedita para seguir acompa\u00f1ando a los hogares m\u00e1s vulnerables en un contexto de bajas temperaturas y elevado consumo energ\u00e9tico.<\/p>\n\n\n\n<p class=\"has-text-align-center\"><em><strong><em><strong><em><strong><em><strong><a href=\"https:\/\/t.me\/esreviral\">\u00daNETE A NUESTRO CANAL DE TELEGRAM PARA ESTAR INFORMADO<\/a><\/strong><\/em><\/strong><\/em><\/strong><\/em><\/strong><\/em><\/p>\n\n\n\n<p class=\"has-text-align-right\"><strong><em>Con informaci\u00f3n de TN.-<\/em><\/strong><\/p>\n","protected":false},"excerpt":{"rendered":"<p>Fij\u00f3 nuevos bloques de consumos con asistencia estatal en las tarifas de energ\u00eda el\u00e9ctrica para los hogares de bajos y medios ingresos de las llamadas zonas fr\u00edas. Los detalles.<\/p>\n","protected":false},"author":3,"featured_media":77369,"comment_status":"closed","ping_status":"closed","sticky":false,"template":"","format":"standard","meta":{"jnews-multi-image_gallery":[],"jnews_single_post":{"format":"standard"},"jnews_primary_category":[],"jnews_social_meta":[],"jnews_review":[],"enable_review":"","type":"","name":"","summary":"","brand":"","sku":"","good":[],"bad":[],"score_override":"","override_value":"","rating":[],"price":[],"jnews_override_counter":[],"jnews_post_split":[],"footnotes":""},"categories":[58,61],"tags":[33373,942,427,45,2090,316],"class_list":["post-77368","post","type-post","status-publish","format-standard","has-post-thumbnail","hentry","category-argentina","category-economia","tag-consumo-electrico-subsidiado","tag-invierno","tag-luz","tag-noticias","tag-subsidios","tag-tarifas"],"amp_enabled":true,"_links":{"self":[{"href":"https:\/\/esreviral.com\/index.php?rest_route=\/wp\/v2\/posts\/77368"}],"collection":[{"href":"https:\/\/esreviral.com\/index.php?rest_route=\/wp\/v2\/posts"}],"about":[{"href":"https:\/\/esreviral.com\/index.php?rest_route=\/wp\/v2\/types\/post"}],"author":[{"embeddable":true,"href":"https:\/\/esreviral.com\/index.php?rest_route=\/wp\/v2\/users\/3"}],"replies":[{"embeddable":true,"href":"https:\/\/esreviral.com\/index.php?rest_route=%2Fwp%2Fv2%2Fcomments&post=77368"}],"version-history":[{"count":1,"href":"https:\/\/esreviral.com\/index.php?rest_route=\/wp\/v2\/posts\/77368\/revisions"}],"predecessor-version":[{"id":77370,"href":"https:\/\/esreviral.com\/index.php?rest_route=\/wp\/v2\/posts\/77368\/revisions\/77370"}],"wp:featuredmedia":[{"embeddable":true,"href":"https:\/\/esreviral.com\/index.php?rest_route=\/wp\/v2\/media\/77369"}],"wp:attachment":[{"href":"https:\/\/esreviral.com\/index.php?rest_route=%2Fwp%2Fv2%2Fmedia&parent=77368"}],"wp:term":[{"taxonomy":"category","embeddable":true,"href":"https:\/\/esreviral.com\/index.php?rest_route=%2Fwp%2Fv2%2Fcategories&post=77368"},{"taxonomy":"post_tag","embeddable":true,"href":"https:\/\/esreviral.com\/index.php?rest_route=%2Fwp%2Fv2%2Ftags&post=77368"}],"curies":[{"name":"wp","href":"https:\/\/api.w.org\/{rel}","templated":true}]}}