{"id":77349,"date":"2025-07-16T13:52:53","date_gmt":"2025-07-16T18:52:53","guid":{"rendered":"https:\/\/esreviral.com\/?p=77349"},"modified":"2025-07-16T13:52:54","modified_gmt":"2025-07-16T18:52:54","slug":"uno-de-los-campeones-del-mundial-de-softbol-vivio-en-argentina","status":"publish","type":"post","link":"https:\/\/esreviral.com\/?p=77349","title":{"rendered":"Uno de los campeones del mundial de softbol vivi\u00f3 en Argentina"},"content":{"rendered":"\n<p>Jos\u00e9 Dorante, el catcher y outfilder de la selecci\u00f3n venezolana de softbol que se <strong>titul\u00f3 campe\u00f3n del mundial en Canad\u00e1 fue parte de la migraci\u00f3n criolla en Argentina desde el 2018 al 2021, cuando regres\u00f3 a su tierra natal. <\/strong><\/p>\n\n\n\n<p><strong>\u00abLlegu\u00e9 a jugar varios torneos en Argentina en Buenos Aires y Paran\u00e1\u00bb,<\/strong> coment\u00f3 a<strong> ESREVIRAL. <\/strong><\/p>\n\n\n\n<p>El pelotero de 32 a\u00f1os de edad, explic\u00f3 que su primera competencia con la selecci\u00f3n nacional fue en Sincelejo, Colombia los Juegos Americanos 2024.<\/p>\n\n\n\n<p><strong>\u00abEstoy s\u00faper orgulloso de todos mis compa\u00f1eros de equipo y de m\u00ed tambi\u00e9n<\/strong> porque fue un proceso fuerte que afrontamos con el coraz\u00f3n para darle alegr\u00eda a nuestro pueblo Venezolano\u00bb. <\/p>\n\n\n\n<p>Dijo que esta lucha en el deporte tambi\u00e9n es para darle \u00abel lugar que se merece la disciplina del s\u00f3ftbol en el mundo. Venezuela se ha caracterizado por tener siempre buenos peloteros, buenos atletas y nos merec\u00edamos esto que est\u00e1 pasando, s\u00f3lo ten\u00edamos que trabajar adecuadamente para lograr el objetivo ahora <strong>podemos decir con orgullo que somos campeones mundiales\u00bb<\/strong>.<br><\/p>\n\n\n\n<p>Lea tambi\u00e9n: <strong><a href=\"https:\/\/esreviral.com\/?p=53007\">Venezolano hace historia como pionero en el softbol japon\u00e9s<\/a><\/strong><\/p>\n","protected":false},"excerpt":{"rendered":"<p>Jos\u00e9 Dorante, el catcher y outfilder de la selecci\u00f3n venezolana de softbol que se titul\u00f3 campe\u00f3n del mundial en Canad\u00e1 fue parte de la migraci\u00f3n criolla en Argentina desde el 2018 al 2021, cuando regres\u00f3 a su tierra natal. \u00abLlegu\u00e9 a jugar varios torneos en Argentina en Buenos Aires y Paran\u00e1\u00bb, coment\u00f3 a ESREVIRAL. El [&hellip;]<\/p>\n","protected":false},"author":2,"featured_media":77351,"comment_status":"closed","ping_status":"closed","sticky":false,"template":"","format":"standard","meta":{"jnews-multi-image_gallery":[],"jnews_single_post":{"format":"standard"},"jnews_primary_category":[],"jnews_social_meta":[],"jnews_review":[],"enable_review":"","type":"","name":"","summary":"","brand":"","sku":"","good":[],"bad":[],"score_override":"","override_value":"","rating":[],"price":[],"jnews_override_counter":[],"jnews_post_split":[],"footnotes":""},"categories":[48,5892],"tags":[],"class_list":["post-77349","post","type-post","status-publish","format-standard","has-post-thumbnail","hentry","category-deportes","category-venezolanos-en-argentina"],"amp_enabled":true,"_links":{"self":[{"href":"https:\/\/esreviral.com\/index.php?rest_route=\/wp\/v2\/posts\/77349"}],"collection":[{"href":"https:\/\/esreviral.com\/index.php?rest_route=\/wp\/v2\/posts"}],"about":[{"href":"https:\/\/esreviral.com\/index.php?rest_route=\/wp\/v2\/types\/post"}],"author":[{"embeddable":true,"href":"https:\/\/esreviral.com\/index.php?rest_route=\/wp\/v2\/users\/2"}],"replies":[{"embeddable":true,"href":"https:\/\/esreviral.com\/index.php?rest_route=%2Fwp%2Fv2%2Fcomments&post=77349"}],"version-history":[{"count":1,"href":"https:\/\/esreviral.com\/index.php?rest_route=\/wp\/v2\/posts\/77349\/revisions"}],"predecessor-version":[{"id":77353,"href":"https:\/\/esreviral.com\/index.php?rest_route=\/wp\/v2\/posts\/77349\/revisions\/77353"}],"wp:featuredmedia":[{"embeddable":true,"href":"https:\/\/esreviral.com\/index.php?rest_route=\/wp\/v2\/media\/77351"}],"wp:attachment":[{"href":"https:\/\/esreviral.com\/index.php?rest_route=%2Fwp%2Fv2%2Fmedia&parent=77349"}],"wp:term":[{"taxonomy":"category","embeddable":true,"href":"https:\/\/esreviral.com\/index.php?rest_route=%2Fwp%2Fv2%2Fcategories&post=77349"},{"taxonomy":"post_tag","embeddable":true,"href":"https:\/\/esreviral.com\/index.php?rest_route=%2Fwp%2Fv2%2Ftags&post=77349"}],"curies":[{"name":"wp","href":"https:\/\/api.w.org\/{rel}","templated":true}]}}