{"id":77344,"date":"2025-07-16T12:25:11","date_gmt":"2025-07-16T17:25:11","guid":{"rendered":"https:\/\/esreviral.com\/?p=77344"},"modified":"2025-07-16T12:25:12","modified_gmt":"2025-07-16T17:25:12","slug":"renuncio-la-ministra-de-trabajo-de-cuba-tras-la-polemica-por-negar-la-existencia-de-mendigos","status":"publish","type":"post","link":"https:\/\/esreviral.com\/?p=77344","title":{"rendered":"Renunci\u00f3 la ministra de Trabajo de Cuba tras la pol\u00e9mica por negar la existencia de mendigos"},"content":{"rendered":"\n<p><strong>Marta Elena<\/strong> Feit\u00f3 present\u00f3 este martes su renuncia como ministra de Trabajo de Cuba, apenas un d\u00eda despu\u00e9s de generar una fuerte ola de rechazo al declarar ante el Parlamento que en la isla \u201cno existen mendigos\u201d, sino personas \u201cdisfrazadas\u201d. La pol\u00e9mica fue tal que incluso provoc\u00f3 un inusual reproche p\u00fablico por parte del presidente Miguel D\u00edaz-Canel.<\/p>\n\n\n\n<p>La dimisi\u00f3n fue confirmada en una nota oficial le\u00edda durante el noticiero estelar de la televisi\u00f3n estatal. En el comunicado, el Gobierno explic\u00f3 que Feit\u00f3 decidi\u00f3 apartarse del cargo tras reconocer \u201cerrores\u201d en su intervenci\u00f3n ante una comisi\u00f3n de la Asamblea Nacional del Poder Popular.<\/p>\n\n\n\n<p>Tanto el Bur\u00f3 Pol\u00edtico del Partido Comunista de Cuba (PCC) como el Consejo de Estado aceptaron su renuncia, argumentando que la exfuncionaria mostr\u00f3 \u201cfalta de objetividad y sensibilidad\u201d al referirse a temas sensibles para la poblaci\u00f3n. \u201cSu salida responde a la falta de sensibilidad con que se refiri\u00f3 a fen\u00f3menos reales y nunca deseados por nuestra sociedad\u201d, precis\u00f3 el comunicado.<\/p>\n\n\n\n<p class=\"has-text-align-center\"><strong><a href=\"https:\/\/chat.whatsapp.com\/KWkTmakY3I05kNdd2oZl6d\"><em>\u00daNETE A NUESTRO GRUPO DE WHATSAPP PARA ESTAR INFORMADO<\/em><\/a><\/strong><\/p>\n\n\n\n<blockquote class=\"instagram-media\" data-instgrm-captioned data-instgrm-permalink=\"https:\/\/www.instagram.com\/p\/DMK7V-cO1vB\/?utm_source=ig_embed&amp;utm_campaign=loading\" data-instgrm-version=\"14\" style=\" background:#FFF; border:0; border-radius:3px; box-shadow:0 0 1px 0 rgba(0,0,0,0.5),0 1px 10px 0 rgba(0,0,0,0.15); margin: 1px; max-width:540px; min-width:326px; padding:0; width:99.375%; width:-webkit-calc(100% - 2px); width:calc(100% - 2px);\"><div style=\"padding:16px;\"> <a href=\"https:\/\/www.instagram.com\/p\/DMK7V-cO1vB\/?utm_source=ig_embed&amp;utm_campaign=loading\" style=\" background:#FFFFFF; line-height:0; padding:0 0; text-align:center; text-decoration:none; width:100%;\" target=\"_blank\" rel=\"noopener\"> <div style=\" display: flex; flex-direction: row; align-items: center;\"> <div style=\"background-color: #F4F4F4; border-radius: 50%; flex-grow: 0; height: 40px; margin-right: 14px; width: 40px;\"><\/div> <div style=\"display: flex; flex-direction: column; flex-grow: 1; justify-content: center;\"> <div style=\" background-color: #F4F4F4; border-radius: 4px; flex-grow: 0; height: 14px; margin-bottom: 6px; width: 100px;\"><\/div> <div style=\" background-color: #F4F4F4; border-radius: 4px; flex-grow: 0; height: 14px; width: 60px;\"><\/div><\/div><\/div><div style=\"padding: 19% 0;\"><\/div> <div style=\"display:block; height:50px; margin:0 auto 12px; width:50px;\"><svg width=\"50px\" height=\"50px\" viewBox=\"0 0 60 60\" version=\"1.1\" xmlns=\"https:\/\/www.w3.org\/2000\/svg\" xmlns:xlink=\"https:\/\/www.w3.org\/1999\/xlink\"><g stroke=\"none\" stroke-width=\"1\" fill=\"none\" fill-rule=\"evenodd\"><g transform=\"translate(-511.000000, -20.000000)\" fill=\"#000000\"><g><path d=\"M556.869,30.41 C554.814,30.41 553.148,32.076 553.148,34.131 C553.148,36.186 554.814,37.852 556.869,37.852 C558.924,37.852 560.59,36.186 560.59,34.131 C560.59,32.076 558.924,30.41 556.869,30.41 M541,60.657 C535.114,60.657 530.342,55.887 530.342,50 C530.342,44.114 535.114,39.342 541,39.342 C546.887,39.342 551.658,44.114 551.658,50 C551.658,55.887 546.887,60.657 541,60.657 M541,33.886 C532.1,33.886 524.886,41.1 524.886,50 C524.886,58.899 532.1,66.113 541,66.113 C549.9,66.113 557.115,58.899 557.115,50 C557.115,41.1 549.9,33.886 541,33.886 M565.378,62.101 C565.244,65.022 564.756,66.606 564.346,67.663 C563.803,69.06 563.154,70.057 562.106,71.106 C561.058,72.155 560.06,72.803 558.662,73.347 C557.607,73.757 556.021,74.244 553.102,74.378 C549.944,74.521 548.997,74.552 541,74.552 C533.003,74.552 532.056,74.521 528.898,74.378 C525.979,74.244 524.393,73.757 523.338,73.347 C521.94,72.803 520.942,72.155 519.894,71.106 C518.846,70.057 518.197,69.06 517.654,67.663 C517.244,66.606 516.755,65.022 516.623,62.101 C516.479,58.943 516.448,57.996 516.448,50 C516.448,42.003 516.479,41.056 516.623,37.899 C516.755,34.978 517.244,33.391 517.654,32.338 C518.197,30.938 518.846,29.942 519.894,28.894 C520.942,27.846 521.94,27.196 523.338,26.654 C524.393,26.244 525.979,25.756 528.898,25.623 C532.057,25.479 533.004,25.448 541,25.448 C548.997,25.448 549.943,25.479 553.102,25.623 C556.021,25.756 557.607,26.244 558.662,26.654 C560.06,27.196 561.058,27.846 562.106,28.894 C563.154,29.942 563.803,30.938 564.346,32.338 C564.756,33.391 565.244,34.978 565.378,37.899 C565.522,41.056 565.552,42.003 565.552,50 C565.552,57.996 565.522,58.943 565.378,62.101 M570.82,37.631 C570.674,34.438 570.167,32.258 569.425,30.349 C568.659,28.377 567.633,26.702 565.965,25.035 C564.297,23.368 562.623,22.342 560.652,21.575 C558.743,20.834 556.562,20.326 553.369,20.18 C550.169,20.033 549.148,20 541,20 C532.853,20 531.831,20.033 528.631,20.18 C525.438,20.326 523.257,20.834 521.349,21.575 C519.376,22.342 517.703,23.368 516.035,25.035 C514.368,26.702 513.342,28.377 512.574,30.349 C511.834,32.258 511.326,34.438 511.181,37.631 C511.035,40.831 511,41.851 511,50 C511,58.147 511.035,59.17 511.181,62.369 C511.326,65.562 511.834,67.743 512.574,69.651 C513.342,71.625 514.368,73.296 516.035,74.965 C517.703,76.634 519.376,77.658 521.349,78.425 C523.257,79.167 525.438,79.673 528.631,79.82 C531.831,79.965 532.853,80.001 541,80.001 C549.148,80.001 550.169,79.965 553.369,79.82 C556.562,79.673 558.743,79.167 560.652,78.425 C562.623,77.658 564.297,76.634 565.965,74.965 C567.633,73.296 568.659,71.625 569.425,69.651 C570.167,67.743 570.674,65.562 570.82,62.369 C570.966,59.17 571,58.147 571,50 C571,41.851 570.966,40.831 570.82,37.631\"><\/path><\/g><\/g><\/g><\/svg><\/div><div style=\"padding-top: 8px;\"> <div style=\" color:#3897f0; font-family:Arial,sans-serif; font-size:14px; font-style:normal; font-weight:550; line-height:18px;\">Ver esta publicaci\u00f3n en Instagram<\/div><\/div><div style=\"padding: 12.5% 0;\"><\/div> <div style=\"display: flex; flex-direction: row; margin-bottom: 14px; align-items: center;\"><div> <div style=\"background-color: #F4F4F4; border-radius: 50%; height: 12.5px; width: 12.5px; transform: translateX(0px) translateY(7px);\"><\/div> <div style=\"background-color: #F4F4F4; height: 12.5px; transform: rotate(-45deg) translateX(3px) translateY(1px); width: 12.5px; flex-grow: 0; margin-right: 14px; margin-left: 2px;\"><\/div> <div style=\"background-color: #F4F4F4; border-radius: 50%; height: 12.5px; width: 12.5px; transform: translateX(9px) translateY(-18px);\"><\/div><\/div><div style=\"margin-left: 8px;\"> <div style=\" background-color: #F4F4F4; border-radius: 50%; flex-grow: 0; height: 20px; width: 20px;\"><\/div> <div style=\" width: 0; height: 0; border-top: 2px solid transparent; border-left: 6px solid #f4f4f4; border-bottom: 2px solid transparent; transform: translateX(16px) translateY(-4px) rotate(30deg)\"><\/div><\/div><div style=\"margin-left: auto;\"> <div style=\" width: 0px; border-top: 8px solid #F4F4F4; border-right: 8px solid transparent; transform: translateY(16px);\"><\/div> <div style=\" background-color: #F4F4F4; flex-grow: 0; height: 12px; width: 16px; transform: translateY(-4px);\"><\/div> <div style=\" width: 0; height: 0; border-top: 8px solid #F4F4F4; border-left: 8px solid transparent; transform: translateY(-4px) translateX(8px);\"><\/div><\/div><\/div> <div style=\"display: flex; flex-direction: column; flex-grow: 1; justify-content: center; margin-bottom: 24px;\"> <div style=\" background-color: #F4F4F4; border-radius: 4px; flex-grow: 0; height: 14px; margin-bottom: 6px; width: 224px;\"><\/div> <div style=\" background-color: #F4F4F4; border-radius: 4px; flex-grow: 0; height: 14px; width: 144px;\"><\/div><\/div><\/a><p style=\" color:#c9c8cd; font-family:Arial,sans-serif; font-size:14px; line-height:17px; margin-bottom:0; margin-top:8px; overflow:hidden; padding:8px 0 7px; text-align:center; text-overflow:ellipsis; white-space:nowrap;\"><a href=\"https:\/\/www.instagram.com\/p\/DMK7V-cO1vB\/?utm_source=ig_embed&amp;utm_campaign=loading\" style=\" color:#c9c8cd; font-family:Arial,sans-serif; font-size:14px; font-style:normal; font-weight:normal; line-height:17px; text-decoration:none;\" target=\"_blank\" rel=\"noopener\">Una publicaci\u00f3n compartida por ES RE VIRAL (@esreviral)<\/a><\/p><\/div><\/blockquote>\n<script async src=\"\/\/www.instagram.com\/embed.js\"><\/script>\n\n\n\n<p><\/p>\n\n\n\n<p>Feit\u00f3, que ocupaba el cargo desde 2019 y era miembro del Comit\u00e9 Central del PCC, fue duramente criticada tanto por sectores disidentes como por simpatizantes del oficialismo, al minimizar la situaci\u00f3n de los sectores m\u00e1s vulnerables del pa\u00eds.<\/p>\n\n\n\n<p>\u201cCuando uno observa sus manos y su ropa, esas personas est\u00e1n disfrazadas de mendigos; no son mendigos. En Cuba no hay mendigos\u201d, dijo la entonces ministra durante su exposici\u00f3n, sin recibir objeciones de los diputados presentes, todos vinculados al PCC o sus organizaciones aliadas.<\/p>\n\n\n\n<p>Adem\u00e1s, tild\u00f3 de \u201cfingidores\u201d a quienes limpian parabrisas en las calles, acus\u00e1ndolos de buscar un \u201cmodo de vida f\u00e1cil\u201d para evitar empleos formales. Tambi\u00e9n afirm\u00f3 que las personas que buscan comida en la basura est\u00e1n en realidad \u201crecuperando materias primas\u201d, y las calific\u00f3 como \u201cilegales del trabajo por cuenta propia\u201d que eluden las obligaciones fiscales.<\/p>\n\n\n\n<p>Aunque los medios estatales no difundieron sus declaraciones, estas se viralizaron r\u00e1pidamente en redes sociales, generando una fuerte indignaci\u00f3n. La controversia escal\u00f3 cuando el propio D\u00edaz-Canel manifest\u00f3 p\u00fablicamente su desacuerdo, aunque sin mencionar directamente a Feit\u00f3.<\/p>\n\n\n\n<p>\u201cNo comparto algunos criterios emitidos\u2026 es contraproducente emitir juicios as\u00ed\u201d, dijo el presidente durante otra sesi\u00f3n parlamentaria. Horas despu\u00e9s, en una intervenci\u00f3n televisiva, fue m\u00e1s enf\u00e1tico y record\u00f3 que los funcionarios deben actuar con humildad: \u201cSomos servidores p\u00fablicos y no podemos actuar con soberbia, desconectados de las realidades que vive nuestro pueblo\u201d.<\/p>\n\n\n\n<p>D\u00edaz-Canel tambi\u00e9n reconoci\u00f3 que las personas en situaci\u00f3n de calle reflejan \u201c<strong><em>expresiones concretas de desigualdad social\u201d<\/em><\/strong> y problemas estructurales profundos, en medio de la severa crisis econ\u00f3mica que atraviesa el pa\u00eds, con escasez de alimentos, medicinas, combustibles y prolongados apagones.<\/p>\n\n\n\n<p>Aunque evit\u00f3 utilizar el t\u00e9rmino \u201cpobreza\u201d, el mandatario habl\u00f3 de \u201cciudadanos en situaci\u00f3n de vulnerabilidad\u201d y \u201cdeambulantes\u201d, expresiones habitualmente usadas por el Gobierno cubano para referirse a personas en situaci\u00f3n de indigencia.<\/p>\n\n\n\n<p class=\"has-text-align-center\"><em><strong><em><strong><em><strong><em><strong><a href=\"https:\/\/t.me\/esreviral\">\u00daNETE A NUESTRO CANAL DE TELEGRAM PARA ESTAR INFORMADO<\/a><\/strong><\/em><\/strong><\/em><\/strong><\/em><\/strong><\/em><\/p>\n\n\n\n<p class=\"has-text-align-right\"><strong><em>Con Informaci\u00f3n de diarioversionfinal.com.-<\/em><\/strong><\/p>\n","protected":false},"excerpt":{"rendered":"<p>La dimisi\u00f3n fue confirmada mediante una nota oficial le\u00edda en el noticiero estelar de la televisi\u00f3n estatal. El Bur\u00f3 Pol\u00edtico del Partido Comunista de Cuba (PCC) y el Consejo de Estado aceptaron su renuncia. Las pol\u00e9micas palabras no fueron cubiertas por los medios oficiales, pero circularon ampliamente en redes sociales<\/p>\n","protected":false},"author":3,"featured_media":77345,"comment_status":"closed","ping_status":"closed","sticky":false,"template":"","format":"standard","meta":{"jnews-multi-image_gallery":[],"jnews_single_post":{"format":"standard"},"jnews_primary_category":[],"jnews_social_meta":[],"jnews_review":[],"enable_review":"","type":"","name":"","summary":"","brand":"","sku":"","good":[],"bad":[],"score_override":"","override_value":"","rating":[],"price":[],"jnews_override_counter":[],"jnews_post_split":[],"footnotes":""},"categories":[88],"tags":[957,33335,33334,33333,33336,45],"class_list":["post-77344","post","type-post","status-publish","format-standard","has-post-thumbnail","hentry","category-internacionales","tag-cuba","tag-marta-elena","tag-mendigos","tag-ministra-cubana","tag-ministra-de-trabajo-de-cuba","tag-noticias"],"amp_enabled":true,"_links":{"self":[{"href":"https:\/\/esreviral.com\/index.php?rest_route=\/wp\/v2\/posts\/77344"}],"collection":[{"href":"https:\/\/esreviral.com\/index.php?rest_route=\/wp\/v2\/posts"}],"about":[{"href":"https:\/\/esreviral.com\/index.php?rest_route=\/wp\/v2\/types\/post"}],"author":[{"embeddable":true,"href":"https:\/\/esreviral.com\/index.php?rest_route=\/wp\/v2\/users\/3"}],"replies":[{"embeddable":true,"href":"https:\/\/esreviral.com\/index.php?rest_route=%2Fwp%2Fv2%2Fcomments&post=77344"}],"version-history":[{"count":1,"href":"https:\/\/esreviral.com\/index.php?rest_route=\/wp\/v2\/posts\/77344\/revisions"}],"predecessor-version":[{"id":77346,"href":"https:\/\/esreviral.com\/index.php?rest_route=\/wp\/v2\/posts\/77344\/revisions\/77346"}],"wp:featuredmedia":[{"embeddable":true,"href":"https:\/\/esreviral.com\/index.php?rest_route=\/wp\/v2\/media\/77345"}],"wp:attachment":[{"href":"https:\/\/esreviral.com\/index.php?rest_route=%2Fwp%2Fv2%2Fmedia&parent=77344"}],"wp:term":[{"taxonomy":"category","embeddable":true,"href":"https:\/\/esreviral.com\/index.php?rest_route=%2Fwp%2Fv2%2Fcategories&post=77344"},{"taxonomy":"post_tag","embeddable":true,"href":"https:\/\/esreviral.com\/index.php?rest_route=%2Fwp%2Fv2%2Ftags&post=77344"}],"curies":[{"name":"wp","href":"https:\/\/api.w.org\/{rel}","templated":true}]}}