{"id":77341,"date":"2025-07-16T12:16:13","date_gmt":"2025-07-16T17:16:13","guid":{"rendered":"https:\/\/esreviral.com\/?p=77341"},"modified":"2025-07-16T12:16:14","modified_gmt":"2025-07-16T17:16:14","slug":"incertidumbre-por-el-tps-para-venezolanos-vencio-el-plazo-y-el-gobierno-de-usa-no-se-pronuncio","status":"publish","type":"post","link":"https:\/\/esreviral.com\/?p=77341","title":{"rendered":"Incertidumbre por el TPS para venezolanos: venci\u00f3 el plazo y el gobierno de USA no se pronunci\u00f3"},"content":{"rendered":"\n<p><strong>El pasado s\u00e1bado 12 de julio de 2025 venci\u00f3 el plazo legal para que el gobierno de Estados Unidos anunciara si renovar\u00e1 el Estatus de Protecci\u00f3n Temporal (TPS) otorgado a los venezolanos desde 2021<\/strong>. Sin embargo, la administraci\u00f3n no emiti\u00f3 ning\u00fan comunicado oficial, lo que ha generado desconcierto entre los beneficiarios.<\/p>\n\n\n\n<p>\u201cComo cay\u00f3 s\u00e1bado, pod\u00edan extender el anuncio hasta el siguiente d\u00eda h\u00e1bil, que fue lunes\u2026 pero tampoco se pronunciaron\u201d, explic\u00f3 Adelys Ferro, directora del <em>Venezuelan American Caucus<\/em>, seg\u00fan report\u00f3 Telemundo.<\/p>\n\n\n\n<p class=\"has-text-align-center\"><strong><a href=\"https:\/\/chat.whatsapp.com\/KWkTmakY3I05kNdd2oZl6d\"><em>\u00daNETE A NUESTRO GRUPO DE WHATSAPP PARA ESTAR INFORMADO<\/em><\/a><\/strong><\/p>\n\n\n\n<p>De acuerdo con la normativa, el gobierno debe notificar su decisi\u00f3n al menos 60 d\u00edas antes de la expiraci\u00f3n del TPS, prevista para el <strong>10 de septiembre de 2025<\/strong>. Ese plazo se cumpli\u00f3 sin respuesta, lo que encendi\u00f3 las alarmas entre las organizaciones migrantes.<\/p>\n\n\n\n<p>Ferro record\u00f3 que esta omisi\u00f3n ya ha ocurrido en otros casos: \u201cNo lo cumplieron con nosotros en 2023, ni con Honduras. En el caso de Honduras, esperaron a que venciera el plazo y ese mismo d\u00eda anunciaron el fin del TPS\u201d.<\/p>\n\n\n\n<p>El incumplimiento de los plazos legales forma parte de una <strong>demanda federal contra la administraci\u00f3n Trump<\/strong>, presentada por distintas organizaciones que cuestionan la cancelaci\u00f3n del programa para varios pa\u00edses. \u201cHay irregularidades t\u00e9cnicas en el manejo del TPS que el Departamento de Seguridad Nacional no ha corregido, y eso forma parte de nuestros argumentos legales\u201d, a\u00f1adi\u00f3 Ferro.<\/p>\n\n\n\n<p>Este mi\u00e9rcoles, el <strong>Tribunal de Apelaciones del Noveno Circuito<\/strong>, en California, celebrar\u00e1 una audiencia clave para evaluar la apelaci\u00f3n del gobierno contra una decisi\u00f3n que impide, de momento, la deportaci\u00f3n de venezolanos protegidos bajo el TPS mientras contin\u00faa el litigio.<\/p>\n\n\n\n<p>Organizaciones como <strong>La Alianza del TPS<\/strong> han convocado movilizaciones simb\u00f3licas para acompa\u00f1ar la audiencia, y se espera una nueva vista judicial el pr\u00f3ximo <strong>1 de agosto en San Francisco<\/strong>.<\/p>\n\n\n\n<p>Actualmente, <strong>unos 300.000 venezolanos<\/strong> est\u00e1n amparados por el TPS otorgado en 2021, a los que se suman cerca de <strong>350.000 adicionales<\/strong> que recibieron la protecci\u00f3n en 2023. Sin una definici\u00f3n clara por parte del gobierno, <strong>cientos de miles de familias permanecen en incertidumbre<\/strong> sobre su futuro en Estados Unidos.<\/p>\n\n\n\n<p class=\"has-text-align-center\"><em><strong><em><strong><em><strong><em><strong><a href=\"https:\/\/t.me\/esreviral\">\u00daNETE A NUESTRO CANAL DE TELEGRAM PARA ESTAR INFORMADO<\/a><\/strong><\/em><\/strong><\/em><\/strong><\/em><\/strong><\/em><\/p>\n\n\n\n<p class=\"has-text-align-right\"><strong><em>Con Informaci\u00f3n de diarioversionfinal.com.-<\/em><\/strong><\/p>\n","protected":false},"excerpt":{"rendered":"<p>De acuerdo con la normativa, el gobierno debe notificar su decisi\u00f3n al menos 60 d\u00edas antes de la expiraci\u00f3n del TPS, prevista para el 10 de septiembre de 2025. Ese plazo expir\u00f3 sin respuesta, lo que ha generado preocupaci\u00f3n y desconcierto entre los beneficiarios. Este mi\u00e9rcoles, el Tribunal de Apelaciones del Noveno Circuito en California celebrar\u00e1 una audiencia decisiva<\/p>\n","protected":false},"author":3,"featured_media":77342,"comment_status":"closed","ping_status":"closed","sticky":false,"template":"","format":"standard","meta":{"jnews-multi-image_gallery":[],"jnews_single_post":{"format":"standard"},"jnews_primary_category":[],"jnews_social_meta":[],"jnews_review":[],"enable_review":"","type":"","name":"","summary":"","brand":"","sku":"","good":[],"bad":[],"score_override":"","override_value":"","rating":[],"price":[],"jnews_override_counter":[],"jnews_post_split":[],"footnotes":""},"categories":[54,88],"tags":[136,23717,33332,45,628],"class_list":["post-77341","post","type-post","status-publish","format-standard","has-post-thumbnail","hentry","category-inmigracion","category-internacionales","tag-estados-unidos","tag-estatus-de-proteccion-temporal","tag-expiracion-del-tps","tag-noticias","tag-tps"],"amp_enabled":true,"_links":{"self":[{"href":"https:\/\/esreviral.com\/index.php?rest_route=\/wp\/v2\/posts\/77341"}],"collection":[{"href":"https:\/\/esreviral.com\/index.php?rest_route=\/wp\/v2\/posts"}],"about":[{"href":"https:\/\/esreviral.com\/index.php?rest_route=\/wp\/v2\/types\/post"}],"author":[{"embeddable":true,"href":"https:\/\/esreviral.com\/index.php?rest_route=\/wp\/v2\/users\/3"}],"replies":[{"embeddable":true,"href":"https:\/\/esreviral.com\/index.php?rest_route=%2Fwp%2Fv2%2Fcomments&post=77341"}],"version-history":[{"count":1,"href":"https:\/\/esreviral.com\/index.php?rest_route=\/wp\/v2\/posts\/77341\/revisions"}],"predecessor-version":[{"id":77343,"href":"https:\/\/esreviral.com\/index.php?rest_route=\/wp\/v2\/posts\/77341\/revisions\/77343"}],"wp:featuredmedia":[{"embeddable":true,"href":"https:\/\/esreviral.com\/index.php?rest_route=\/wp\/v2\/media\/77342"}],"wp:attachment":[{"href":"https:\/\/esreviral.com\/index.php?rest_route=%2Fwp%2Fv2%2Fmedia&parent=77341"}],"wp:term":[{"taxonomy":"category","embeddable":true,"href":"https:\/\/esreviral.com\/index.php?rest_route=%2Fwp%2Fv2%2Fcategories&post=77341"},{"taxonomy":"post_tag","embeddable":true,"href":"https:\/\/esreviral.com\/index.php?rest_route=%2Fwp%2Fv2%2Ftags&post=77341"}],"curies":[{"name":"wp","href":"https:\/\/api.w.org\/{rel}","templated":true}]}}