{"id":77283,"date":"2025-07-16T07:38:31","date_gmt":"2025-07-16T12:38:31","guid":{"rendered":"https:\/\/esreviral.com\/?p=77283"},"modified":"2025-07-16T10:49:49","modified_gmt":"2025-07-16T15:49:49","slug":"incendio-en-un-deposito-de-la-plata-se-derrumbo-el-techo-y-por-las-explosiones-cayeron-neveras-a-la-calle","status":"publish","type":"post","link":"https:\/\/esreviral.com\/?p=77283","title":{"rendered":"Incendio en un dep\u00f3sito de La Plata: el fuego fue controlado y el edificio deber\u00e1 ser derrumbado por completo"},"content":{"rendered":"\n<p><strong>Un incendio de gran magnitud se desat\u00f3 este mi\u00e9rcoles a la ma\u00f1ana en una f\u00e1brica de electrodom\u00e9sticos ubicada en la intersecci\u00f3n de Diagonal 77 y calle 48, en pleno centro de La Plata.<\/strong> Las llamas comenzaron alrededor de las 6:30 y provocaron una serie de explosiones que hicieron caer heladeras (neveras) y otros artefactos desde el primer piso hasta la calle.<\/p>\n\n\n\n<p>Aunque el fuego fue controlado tras m\u00e1s de cuatro horas de trabajo, los bomberos contin\u00faan combatiendo focos activos y evaluando los riesgos por posibles nuevos derrumbes. El siniestro oblig\u00f3 a evacuar m\u00e1s de 50 familias de edificios cercanos ante el peligro estructural.<\/p>\n\n\n\n<p class=\"has-text-align-center\"><strong><a href=\"https:\/\/chat.whatsapp.com\/KWkTmakY3I05kNdd2oZl6d\"><em>\u00daNETE A NUESTRO GRUPO DE WHATSAPP PARA ESTAR INFORMADO<\/em><\/a><\/strong><\/p>\n\n\n\n<blockquote class=\"instagram-media\" data-instgrm-captioned data-instgrm-permalink=\"https:\/\/www.instagram.com\/reel\/DMK0vO_Oehq\/?utm_source=ig_embed&amp;utm_campaign=loading\" data-instgrm-version=\"14\" style=\" background:#FFF; border:0; border-radius:3px; box-shadow:0 0 1px 0 rgba(0,0,0,0.5),0 1px 10px 0 rgba(0,0,0,0.15); margin: 1px; max-width:540px; min-width:326px; padding:0; width:99.375%; width:-webkit-calc(100% - 2px); width:calc(100% - 2px);\"><div style=\"padding:16px;\"> <a href=\"https:\/\/www.instagram.com\/reel\/DMK0vO_Oehq\/?utm_source=ig_embed&amp;utm_campaign=loading\" style=\" background:#FFFFFF; line-height:0; padding:0 0; text-align:center; text-decoration:none; width:100%;\" target=\"_blank\" rel=\"noopener\"> <div style=\" display: flex; flex-direction: row; align-items: center;\"> <div style=\"background-color: #F4F4F4; border-radius: 50%; flex-grow: 0; height: 40px; margin-right: 14px; width: 40px;\"><\/div> <div style=\"display: flex; flex-direction: column; flex-grow: 1; justify-content: center;\"> <div style=\" background-color: #F4F4F4; border-radius: 4px; flex-grow: 0; height: 14px; margin-bottom: 6px; width: 100px;\"><\/div> <div style=\" background-color: #F4F4F4; border-radius: 4px; flex-grow: 0; height: 14px; width: 60px;\"><\/div><\/div><\/div><div style=\"padding: 19% 0;\"><\/div> <div style=\"display:block; height:50px; margin:0 auto 12px; width:50px;\"><svg width=\"50px\" height=\"50px\" viewBox=\"0 0 60 60\" version=\"1.1\" xmlns=\"https:\/\/www.w3.org\/2000\/svg\" xmlns:xlink=\"https:\/\/www.w3.org\/1999\/xlink\"><g stroke=\"none\" stroke-width=\"1\" fill=\"none\" fill-rule=\"evenodd\"><g transform=\"translate(-511.000000, -20.000000)\" fill=\"#000000\"><g><path d=\"M556.869,30.41 C554.814,30.41 553.148,32.076 553.148,34.131 C553.148,36.186 554.814,37.852 556.869,37.852 C558.924,37.852 560.59,36.186 560.59,34.131 C560.59,32.076 558.924,30.41 556.869,30.41 M541,60.657 C535.114,60.657 530.342,55.887 530.342,50 C530.342,44.114 535.114,39.342 541,39.342 C546.887,39.342 551.658,44.114 551.658,50 C551.658,55.887 546.887,60.657 541,60.657 M541,33.886 C532.1,33.886 524.886,41.1 524.886,50 C524.886,58.899 532.1,66.113 541,66.113 C549.9,66.113 557.115,58.899 557.115,50 C557.115,41.1 549.9,33.886 541,33.886 M565.378,62.101 C565.244,65.022 564.756,66.606 564.346,67.663 C563.803,69.06 563.154,70.057 562.106,71.106 C561.058,72.155 560.06,72.803 558.662,73.347 C557.607,73.757 556.021,74.244 553.102,74.378 C549.944,74.521 548.997,74.552 541,74.552 C533.003,74.552 532.056,74.521 528.898,74.378 C525.979,74.244 524.393,73.757 523.338,73.347 C521.94,72.803 520.942,72.155 519.894,71.106 C518.846,70.057 518.197,69.06 517.654,67.663 C517.244,66.606 516.755,65.022 516.623,62.101 C516.479,58.943 516.448,57.996 516.448,50 C516.448,42.003 516.479,41.056 516.623,37.899 C516.755,34.978 517.244,33.391 517.654,32.338 C518.197,30.938 518.846,29.942 519.894,28.894 C520.942,27.846 521.94,27.196 523.338,26.654 C524.393,26.244 525.979,25.756 528.898,25.623 C532.057,25.479 533.004,25.448 541,25.448 C548.997,25.448 549.943,25.479 553.102,25.623 C556.021,25.756 557.607,26.244 558.662,26.654 C560.06,27.196 561.058,27.846 562.106,28.894 C563.154,29.942 563.803,30.938 564.346,32.338 C564.756,33.391 565.244,34.978 565.378,37.899 C565.522,41.056 565.552,42.003 565.552,50 C565.552,57.996 565.522,58.943 565.378,62.101 M570.82,37.631 C570.674,34.438 570.167,32.258 569.425,30.349 C568.659,28.377 567.633,26.702 565.965,25.035 C564.297,23.368 562.623,22.342 560.652,21.575 C558.743,20.834 556.562,20.326 553.369,20.18 C550.169,20.033 549.148,20 541,20 C532.853,20 531.831,20.033 528.631,20.18 C525.438,20.326 523.257,20.834 521.349,21.575 C519.376,22.342 517.703,23.368 516.035,25.035 C514.368,26.702 513.342,28.377 512.574,30.349 C511.834,32.258 511.326,34.438 511.181,37.631 C511.035,40.831 511,41.851 511,50 C511,58.147 511.035,59.17 511.181,62.369 C511.326,65.562 511.834,67.743 512.574,69.651 C513.342,71.625 514.368,73.296 516.035,74.965 C517.703,76.634 519.376,77.658 521.349,78.425 C523.257,79.167 525.438,79.673 528.631,79.82 C531.831,79.965 532.853,80.001 541,80.001 C549.148,80.001 550.169,79.965 553.369,79.82 C556.562,79.673 558.743,79.167 560.652,78.425 C562.623,77.658 564.297,76.634 565.965,74.965 C567.633,73.296 568.659,71.625 569.425,69.651 C570.167,67.743 570.674,65.562 570.82,62.369 C570.966,59.17 571,58.147 571,50 C571,41.851 570.966,40.831 570.82,37.631\"><\/path><\/g><\/g><\/g><\/svg><\/div><div style=\"padding-top: 8px;\"> <div style=\" color:#3897f0; font-family:Arial,sans-serif; font-size:14px; font-style:normal; font-weight:550; line-height:18px;\">Ver esta publicaci\u00f3n en Instagram<\/div><\/div><div style=\"padding: 12.5% 0;\"><\/div> <div style=\"display: flex; flex-direction: row; margin-bottom: 14px; align-items: center;\"><div> <div style=\"background-color: #F4F4F4; border-radius: 50%; height: 12.5px; width: 12.5px; transform: translateX(0px) translateY(7px);\"><\/div> <div style=\"background-color: #F4F4F4; height: 12.5px; transform: rotate(-45deg) translateX(3px) translateY(1px); width: 12.5px; flex-grow: 0; margin-right: 14px; margin-left: 2px;\"><\/div> <div style=\"background-color: #F4F4F4; border-radius: 50%; height: 12.5px; width: 12.5px; transform: translateX(9px) translateY(-18px);\"><\/div><\/div><div style=\"margin-left: 8px;\"> <div style=\" background-color: #F4F4F4; border-radius: 50%; flex-grow: 0; height: 20px; width: 20px;\"><\/div> <div style=\" width: 0; height: 0; border-top: 2px solid transparent; border-left: 6px solid #f4f4f4; border-bottom: 2px solid transparent; transform: translateX(16px) translateY(-4px) rotate(30deg)\"><\/div><\/div><div style=\"margin-left: auto;\"> <div style=\" width: 0px; border-top: 8px solid #F4F4F4; border-right: 8px solid transparent; transform: translateY(16px);\"><\/div> <div style=\" background-color: #F4F4F4; flex-grow: 0; height: 12px; width: 16px; transform: translateY(-4px);\"><\/div> <div style=\" width: 0; height: 0; border-top: 8px solid #F4F4F4; border-left: 8px solid transparent; transform: translateY(-4px) translateX(8px);\"><\/div><\/div><\/div> <div style=\"display: flex; flex-direction: column; flex-grow: 1; justify-content: center; margin-bottom: 24px;\"> <div style=\" background-color: #F4F4F4; border-radius: 4px; flex-grow: 0; height: 14px; margin-bottom: 6px; width: 224px;\"><\/div> <div style=\" background-color: #F4F4F4; border-radius: 4px; flex-grow: 0; height: 14px; width: 144px;\"><\/div><\/div><\/a><p style=\" color:#c9c8cd; font-family:Arial,sans-serif; font-size:14px; line-height:17px; margin-bottom:0; margin-top:8px; overflow:hidden; padding:8px 0 7px; text-align:center; text-overflow:ellipsis; white-space:nowrap;\"><a href=\"https:\/\/www.instagram.com\/reel\/DMK0vO_Oehq\/?utm_source=ig_embed&amp;utm_campaign=loading\" style=\" color:#c9c8cd; font-family:Arial,sans-serif; font-size:14px; font-style:normal; font-weight:normal; line-height:17px; text-decoration:none;\" target=\"_blank\" rel=\"noopener\">Una publicaci\u00f3n compartida por ES RE VIRAL (@esreviral)<\/a><\/p><\/div><\/blockquote>\n<script async src=\"\/\/www.instagram.com\/embed.js\"><\/script>\n\n\n\n<h3 class=\"wp-block-heading\"><strong><mark style=\"background-color:rgba(0, 0, 0, 0)\" class=\"has-inline-color has-vivid-red-color\">Explosiones, evacuaciones y riesgo de derrumbe<\/mark><\/strong><\/h3>\n\n\n\n<p>El avance de las llamas alcanz\u00f3 electrodom\u00e9sticos almacenados y veh\u00edculos estacionados en las inmediaciones, que tambi\u00e9n terminaron envueltos en fuego. Cerca de las 9:00, una parte del techo colaps\u00f3 y numerosos electrodom\u00e9sticos cayeron desde las alturas.<\/p>\n\n\n\n<p>El ministro de Seguridad bonaerense, Javier Alonso, confirm\u00f3 que gran parte de la mamposter\u00eda se derrumb\u00f3 y explic\u00f3 que esto permite acceder con mayor facilidad a los focos del incendio. Tambi\u00e9n se\u00f1al\u00f3 que, una vez extinguidas las llamas, se evaluar\u00e1 la estabilidad del edificio incendiado y el impacto en las construcciones linderas. \u201c<strong><em>No se detectan da\u00f1os en los edificios vecinos, pero ser\u00e1n revisados por ingenieros\u201d<\/em><\/strong>, detall\u00f3.<\/p>\n\n\n\n<p>Alonso precis\u00f3 que muchas de las familias evacuadas podr\u00e1n regresar esta misma noche, sobre todo aquellas que viven frente al lugar del incendio.<\/p>\n\n\n<div class=\"wp-block-image\">\n<figure class=\"aligncenter size-large\"><img decoding=\"async\" src=\"https:\/\/tn.com.ar\/resizer\/v2\/https%3A%2F%2Fthumbs.vodgc.net%2FTNS316072025084218470859858-1752678730.jpg?auth=6a3b65c0995dd0b77868dab8275c7c6d690a9104fb0fcb01c73c00ba80b23b1d&amp;width=767\" alt=\"\"\/><\/figure><\/div>\n\n\n<h3 class=\"wp-block-heading\"><strong><mark style=\"background-color:rgba(0, 0, 0, 0)\" class=\"has-inline-color has-vivid-red-color\">Origen del fuego y tareas de contenci\u00f3n<\/mark><\/strong><\/h3>\n\n\n\n<p>A\u00fan no se conoce la causa del incendio, ya que las pericias comenzar\u00e1n una vez que finalicen las tareas de extinci\u00f3n. \u201cCuando llegamos no hab\u00eda personas en el interior. Hab\u00eda gente trabajando, un cami\u00f3n, pero todos hab\u00edan salido\u201d, aclar\u00f3 Alonso.<\/p>\n\n\n\n<p>Fabi\u00e1n Garc\u00eda, titular de Defensa Civil bonaerense, explic\u00f3 que el incendio fue contenido dentro del per\u00edmetro del edificio, pero destac\u00f3 que el principal desaf\u00edo fue el colapso estructural. \u201c<strong><em>Las explosiones eran producto de las garrafas de heladeras y otros artefactos. El hormig\u00f3n cedi\u00f3 por el calor y eso agrav\u00f3 la situaci\u00f3n<\/em><\/strong>\u201d, coment\u00f3.<\/p>\n\n\n\n<p>Adem\u00e1s, se evacuaron preventivamente escuelas de la zona por el riesgo de propagaci\u00f3n del humo y la cercan\u00eda al foco \u00edgneo. Garc\u00eda anticip\u00f3 que es probable que sigan cayendo partes del edificio, debido a que el dep\u00f3sito estaba repleto de art\u00edculos inflamables.<\/p>\n\n\n\n<h3 class=\"wp-block-heading\"><strong><mark style=\"background-color:rgba(0, 0, 0, 0)\" class=\"has-inline-color has-vivid-red-color\">Un edificio con historia y materiales peligrosos<\/mark><\/strong><\/h3>\n\n\n\n<p>Seg\u00fan medios locales, el inmueble funcion\u00f3 hace m\u00e1s de una d\u00e9cada como estaci\u00f3n de servicio. Luego se convirti\u00f3 en estacionamiento y, finalmente, en dep\u00f3sito de electrodom\u00e9sticos de un comercio cercano. En los pisos superiores se acumulaban numerosos artefactos inflamables que, al arder, liberaron humo negro y gases t\u00f3xicos.<\/p>\n\n\n\n<p>Desde las primeras horas de la ma\u00f1ana trabajan en el lugar dotaciones de Bomberos Voluntarios de La Plata, a las que luego se sumaron unidades de otras localidades. Tambi\u00e9n colaboran la Polic\u00eda Bonaerense y personal de Control Urbano para cortar calles y ordenar el tr\u00e1nsito en la zona afectada.<\/p>\n\n\n\n<h3 class=\"wp-block-heading\"><strong><mark style=\"background-color:rgba(0, 0, 0, 0)\" class=\"has-inline-color has-vivid-red-color\">El testimonio de los vecinos<\/mark><\/strong><\/h3>\n\n\n\n<p>Juliana, una joven que vive frente al dep\u00f3sito, cont\u00f3 c\u00f3mo vivi\u00f3 la evacuaci\u00f3n. \u201c<strong><em>Nos despertaron a los gritos a las 6.30. Fue ca\u00f3tico. Agarr\u00e9 el celular, una campera y los anteojos. No hubo tiempo de pensar, salimos todas corriendo\u201d<\/em><\/strong>, relat\u00f3 en di\u00e1logo con <em>TN<\/em>. Dijo que el humo era tan denso que \u201c<strong><em>no se pod\u00eda pasar<\/em><\/strong>\u201d y que hay mucho temor por el derrumbe.<\/p>\n\n\n\n<p><strong><em>\u201cNo pod\u00eda parar de llorar, ten\u00eda miedo de que todo se viniera abajo\u201d<\/em><\/strong>, confes\u00f3 la joven de 18 a\u00f1os de edad. En su residencia fueron evacuadas 15 personas, y decenas m\u00e1s en edificios cercanos.<\/p>\n\n\n\n<p>Otro vecino, Edwin, detall\u00f3: \u201c<strong><em>Me despert\u00f3 el olor a pl\u00e1stico quemado. Pens\u00e9 que se estaba incendiando mi casa. La estructura del dep\u00f3sito est\u00e1 destruida y el fuego sigue vivo\u201d.<\/em><\/strong><\/p>\n\n\n\n<p class=\"has-text-align-center\"><em><strong><em><strong><em><strong><em><strong><a href=\"https:\/\/t.me\/esreviral\">\u00daNETE A NUESTRO CANAL DE TELEGRAM PARA ESTAR INFORMADO<\/a><\/strong><\/em><\/strong><\/em><\/strong><\/em><\/strong><\/em><\/p>\n\n\n\n<p class=\"has-text-align-right\"><strong><em>Con Informaci\u00f3n de TN.-<\/em><\/strong><\/p>\n","protected":false},"excerpt":{"rendered":"<p>La intensidad de las llamas puso en peligro la estructura de la f\u00e1brica. Los Bomberos Voluntarios trabajan en el lugar desde hace m\u00e1s de tres horas.<\/p>\n","protected":false},"author":3,"featured_media":77284,"comment_status":"closed","ping_status":"closed","sticky":false,"template":"","format":"standard","meta":{"jnews-multi-image_gallery":[],"jnews_single_post":{"format":"standard"},"jnews_primary_category":[],"jnews_social_meta":[],"jnews_review":[],"enable_review":"","type":"","name":"","summary":"","brand":"","sku":"","good":[],"bad":[],"score_override":"","override_value":"","rating":[],"price":[],"jnews_override_counter":[],"jnews_post_split":[],"footnotes":""},"categories":[58],"tags":[919,33306,933,930,45,19279],"class_list":["post-77283","post","type-post","status-publish","format-standard","has-post-thumbnail","hentry","category-argentina","tag-derrumbe","tag-explosiones","tag-incendio","tag-la-plata","tag-noticias","tag-voraz-incendio"],"amp_enabled":true,"_links":{"self":[{"href":"https:\/\/esreviral.com\/index.php?rest_route=\/wp\/v2\/posts\/77283"}],"collection":[{"href":"https:\/\/esreviral.com\/index.php?rest_route=\/wp\/v2\/posts"}],"about":[{"href":"https:\/\/esreviral.com\/index.php?rest_route=\/wp\/v2\/types\/post"}],"author":[{"embeddable":true,"href":"https:\/\/esreviral.com\/index.php?rest_route=\/wp\/v2\/users\/3"}],"replies":[{"embeddable":true,"href":"https:\/\/esreviral.com\/index.php?rest_route=%2Fwp%2Fv2%2Fcomments&post=77283"}],"version-history":[{"count":3,"href":"https:\/\/esreviral.com\/index.php?rest_route=\/wp\/v2\/posts\/77283\/revisions"}],"predecessor-version":[{"id":77324,"href":"https:\/\/esreviral.com\/index.php?rest_route=\/wp\/v2\/posts\/77283\/revisions\/77324"}],"wp:featuredmedia":[{"embeddable":true,"href":"https:\/\/esreviral.com\/index.php?rest_route=\/wp\/v2\/media\/77284"}],"wp:attachment":[{"href":"https:\/\/esreviral.com\/index.php?rest_route=%2Fwp%2Fv2%2Fmedia&parent=77283"}],"wp:term":[{"taxonomy":"category","embeddable":true,"href":"https:\/\/esreviral.com\/index.php?rest_route=%2Fwp%2Fv2%2Fcategories&post=77283"},{"taxonomy":"post_tag","embeddable":true,"href":"https:\/\/esreviral.com\/index.php?rest_route=%2Fwp%2Fv2%2Ftags&post=77283"}],"curies":[{"name":"wp","href":"https:\/\/api.w.org\/{rel}","templated":true}]}}