{"id":77187,"date":"2025-07-23T16:04:21","date_gmt":"2025-07-23T21:04:21","guid":{"rendered":"https:\/\/esreviral.com\/?p=77187"},"modified":"2025-07-23T16:23:06","modified_gmt":"2025-07-23T21:23:06","slug":"tiene-una-discapacidad-visual-problema-cerebrales-esta-sola-con-su-hijo-y-quiere-regresarse-a-venezuela","status":"publish","type":"post","link":"https:\/\/esreviral.com\/?p=77187","title":{"rendered":"Tiene una discapacidad visual, problemas cerebrales, est\u00e1 sola con su hijo y quiere regresarse a Venezuela"},"content":{"rendered":"\n<p>Adriana Marcano de 37 a\u00f1os de edad, sali\u00f3 de su Ciudad bol\u00edvar natal en el a\u00f1o 2018, primero lleg\u00f3 a Per\u00fa junto al padre de su hijo pero se separaron y ella se vino a Argentina. En el a\u00f1o 2020 comenz\u00f3 a sentir muchos mareos y dolores de cabeza, le hicieron una resonancia donde le diagnosticaron <strong>un quiste aracnoideo en la fosa posterior izquierda. <\/strong><\/p>\n\n\n\n<p class=\"has-text-align-center\"><strong><a href=\"https:\/\/chat.whatsapp.com\/KWkTmakY3I05kNdd2oZl6d\"><em>\u00daNETE A NUESTRO GRUPO DE WHATSAPP PARA ESTAR INFORMADO<\/em><\/a><\/strong><\/p>\n\n\n\n<p>Le realizaron una cirug\u00eda complicada en la que qued\u00f3 con una secuela en la vista debido a un edema de pupila, por lo que su visi\u00f3n es casi nula. A pesar de las cirug\u00edas y tratamiento pensaron que lo hab\u00edan radicado pero no fue as\u00ed, nuevamente le empez\u00f3 a crecer y aunque los m\u00e9dicos dicen que es necesaria otra operaci\u00f3n ella se rehusa porque pueden conseguir \u00abalgo bueno o malo\u00bb, seg\u00fan su explicaci\u00f3n. <strong>\u00abA ra\u00edz de todo esto tambi\u00e9n me diagnosticaron con principio de hidrocefalia, por lo que ser\u00eda muy complicado todo\u00bb. <\/strong><\/p>\n\n\n\n<p>Adriana coment\u00f3 que ha buscado soluci\u00f3n a su problema pero se le ha complicado la situaci\u00f3n, al punto que no est\u00e1 trabajando, aunque quisiera hacerlo, por lo que tuvo que entregar el departamento donde viv\u00eda y ahora junto a su hijo de 14 a\u00f1os de edad, est\u00e1n en casa de una amiga. \u00ab<strong>Decid\u00ed que debemos regresar porque no s\u00e9 exactamente lo que tengo y estamos solos en Argentina pero no cuento con los recursos necesarios para comprar un boleto e irme\u00bb. <\/strong><\/p>\n\n\n\n<p>Desde el a\u00f1o 2022 dej\u00f3 de asistir al control m\u00e9dico, \u00abhonestamente me estaba desestabilizando mentalmente y no quise volver, ahora solo espero poder regresar\u00bb. <\/p>\n\n\n\n<p>Para colaboraciones, se pueden hacer a la cuenta de su amiga  Uglenis Paola Bravo M\u00e9ndez<br>Alias: 202526pm<br>CBU: 1430001713031160390010<br>NRO. CUENTA: 1303116039001<\/p>\n\n\n<div class=\"wp-block-image\">\n<figure class=\"aligncenter size-large\"><img fetchpriority=\"high\" decoding=\"async\" width=\"816\" height=\"1024\" src=\"https:\/\/esreviral.com\/wp-content\/uploads\/2025\/07\/WhatsApp-Image-2025-07-14-at-8.29.44-PM-816x1024.webp\" alt=\"\" class=\"wp-image-77190\" srcset=\"https:\/\/esreviral.com\/wp-content\/uploads\/2025\/07\/WhatsApp-Image-2025-07-14-at-8.29.44-PM-816x1024.webp 816w, https:\/\/esreviral.com\/wp-content\/uploads\/2025\/07\/WhatsApp-Image-2025-07-14-at-8.29.44-PM-239x300.webp 239w, https:\/\/esreviral.com\/wp-content\/uploads\/2025\/07\/WhatsApp-Image-2025-07-14-at-8.29.44-PM-768x964.webp 768w, https:\/\/esreviral.com\/wp-content\/uploads\/2025\/07\/WhatsApp-Image-2025-07-14-at-8.29.44-PM.webp 1104w\" sizes=\"(max-width: 816px) 100vw, 816px\" \/><\/figure>\n<\/div>\n\n\n<p><\/p>\n\n\n\n<p class=\"has-text-align-center\"><em><strong><em><strong><em><strong><em><strong><a href=\"https:\/\/t.me\/esreviral\">\u00daNETE A NUESTRO CANAL DE TELEGRAM PARA ESTAR INFORMADO<\/a><\/strong><\/em><\/strong><\/em><\/strong><\/em><\/strong><\/em><\/p>\n\n\n<div class=\"wp-block-image\">\n<figure class=\"aligncenter size-large\"><img decoding=\"async\" width=\"708\" height=\"1024\" src=\"https:\/\/esreviral.com\/wp-content\/uploads\/2025\/07\/WhatsApp-Image-2025-07-14-at-8.29.44-PM-_1_-708x1024.webp\" alt=\"\" class=\"wp-image-77191\" srcset=\"https:\/\/esreviral.com\/wp-content\/uploads\/2025\/07\/WhatsApp-Image-2025-07-14-at-8.29.44-PM-_1_-708x1024.webp 708w, https:\/\/esreviral.com\/wp-content\/uploads\/2025\/07\/WhatsApp-Image-2025-07-14-at-8.29.44-PM-_1_-207x300.webp 207w, https:\/\/esreviral.com\/wp-content\/uploads\/2025\/07\/WhatsApp-Image-2025-07-14-at-8.29.44-PM-_1_-768x1111.webp 768w, https:\/\/esreviral.com\/wp-content\/uploads\/2025\/07\/WhatsApp-Image-2025-07-14-at-8.29.44-PM-_1_.webp 1049w\" sizes=\"(max-width: 708px) 100vw, 708px\" \/><\/figure>\n<\/div>","protected":false},"excerpt":{"rendered":"<p>Adriana Marcano de 37 a\u00f1os de edad, sali\u00f3 de su Ciudad bol\u00edvar natal en el a\u00f1o 2018, primero lleg\u00f3 a Per\u00fa junto al padre de su hijo pero se separaron y ella se vino a Argentina. En el a\u00f1o 2020 comenz\u00f3 a sentir muchos mareos y dolores de cabeza, le hicieron una resonancia donde le [&hellip;]<\/p>\n","protected":false},"author":2,"featured_media":77189,"comment_status":"closed","ping_status":"closed","sticky":false,"template":"","format":"standard","meta":{"jnews-multi-image_gallery":[],"jnews_single_post":{"format":"standard"},"jnews_primary_category":[],"jnews_social_meta":[],"jnews_review":[],"enable_review":"","type":"","name":"","summary":"","brand":"","sku":"","good":[],"bad":[],"score_override":"","override_value":"","rating":[],"price":[],"jnews_override_counter":[],"jnews_post_split":[],"footnotes":""},"categories":[5892],"tags":[44,45,67,56],"class_list":["post-77187","post","type-post","status-publish","format-standard","has-post-thumbnail","hentry","category-venezolanos-en-argentina","tag-argentina","tag-noticias","tag-venezolanos-en-argentina","tag-venezuela"],"_links":{"self":[{"href":"https:\/\/esreviral.com\/index.php?rest_route=\/wp\/v2\/posts\/77187","targetHints":{"allow":["GET"]}}],"collection":[{"href":"https:\/\/esreviral.com\/index.php?rest_route=\/wp\/v2\/posts"}],"about":[{"href":"https:\/\/esreviral.com\/index.php?rest_route=\/wp\/v2\/types\/post"}],"author":[{"embeddable":true,"href":"https:\/\/esreviral.com\/index.php?rest_route=\/wp\/v2\/users\/2"}],"replies":[{"embeddable":true,"href":"https:\/\/esreviral.com\/index.php?rest_route=%2Fwp%2Fv2%2Fcomments&post=77187"}],"version-history":[{"count":3,"href":"https:\/\/esreviral.com\/index.php?rest_route=\/wp\/v2\/posts\/77187\/revisions"}],"predecessor-version":[{"id":77795,"href":"https:\/\/esreviral.com\/index.php?rest_route=\/wp\/v2\/posts\/77187\/revisions\/77795"}],"wp:featuredmedia":[{"embeddable":true,"href":"https:\/\/esreviral.com\/index.php?rest_route=\/wp\/v2\/media\/77189"}],"wp:attachment":[{"href":"https:\/\/esreviral.com\/index.php?rest_route=%2Fwp%2Fv2%2Fmedia&parent=77187"}],"wp:term":[{"taxonomy":"category","embeddable":true,"href":"https:\/\/esreviral.com\/index.php?rest_route=%2Fwp%2Fv2%2Fcategories&post=77187"},{"taxonomy":"post_tag","embeddable":true,"href":"https:\/\/esreviral.com\/index.php?rest_route=%2Fwp%2Fv2%2Ftags&post=77187"}],"curies":[{"name":"wp","href":"https:\/\/api.w.org\/{rel}","templated":true}]}}