{"id":77140,"date":"2025-07-14T11:09:38","date_gmt":"2025-07-14T16:09:38","guid":{"rendered":"https:\/\/esreviral.com\/?p=77140"},"modified":"2025-07-14T11:15:09","modified_gmt":"2025-07-14T16:15:09","slug":"venezolano-esta-en-uti-tras-ser-atropellado-en-buenos-aires","status":"publish","type":"post","link":"https:\/\/esreviral.com\/?p=77140","title":{"rendered":"Venezolano est\u00e1 en UTI tras ser atropellado en Buenos Aires"},"content":{"rendered":"\n<p>Eduard Willy Vargas, de 34 a\u00f1os de edad, <strong>se debate entre la vida y la muerte, tras ser atropellado el pasado jueves aproximadamente a las 09:11 de la noche, cuando sali\u00f3 de su trabajo<\/strong> y a unas dos cuadras en la avenida Las Heras y Ag\u00fcero iba a cruzar la calle y al bajar de la vereda el colectivo lo arroll\u00f3. <\/p>\n\n\n\n<p>Seg\u00fan familiares y amigos de la v\u00edctima, <strong>el venezolano se encuentra en la Unidad de Terapia intensiva en el Hospital General de Agudos Dr. Juan A. Fern\u00e1ndez por presentar un edema cerebral y m\u00faltiples fracturas<\/strong><\/p>\n\n\n\n<p><strong>Ahora se requiere ayuda econ\u00f3mica para cubrir los gastos m\u00e9dicos <\/strong>que se requieran as\u00ed como gastos generales, ya que no podr\u00e1 trabajar en las pr\u00f3ximas semanas, quienes deseen pueden colaborar en la cuenta de Polanco Arturo Jos\u00e9 Quero 000000470200042796<\/p>\n\n\n\n<p>Cbu<br>0290047610000000427961<\/p>\n\n\n\n<p>Alias<br>FOTO.PAGINA.VERSO<\/p>\n\n\n\n<p><\/p>\n\n\n\n<p><\/p>\n","protected":false},"excerpt":{"rendered":"<p>Eduard Willy Vargas, de 34 a\u00f1os de edad, se debate entre la vida y la muerte, tras ser atropellado el pasado jueves aproximadamente a las 09:11 de la noche, cuando sali\u00f3 de su trabajo y a unas dos cuadras en la avenida Las Heras y Ag\u00fcero iba a cruzar la calle y al bajar de [&hellip;]<\/p>\n","protected":false},"author":2,"featured_media":77142,"comment_status":"closed","ping_status":"closed","sticky":false,"template":"","format":"standard","meta":{"jnews-multi-image_gallery":[],"jnews_single_post":{"format":"standard"},"jnews_primary_category":[],"jnews_social_meta":[],"jnews_review":[],"enable_review":"","type":"","name":"","summary":"","brand":"","sku":"","good":[],"bad":[],"score_override":"","override_value":"","rating":[],"price":[],"jnews_override_counter":[],"jnews_post_split":[],"footnotes":""},"categories":[5892],"tags":[433,45,201,67],"class_list":["post-77140","post","type-post","status-publish","format-standard","has-post-thumbnail","hentry","category-venezolanos-en-argentina","tag-accidente","tag-noticias","tag-servicio-publico","tag-venezolanos-en-argentina"],"amp_enabled":true,"_links":{"self":[{"href":"https:\/\/esreviral.com\/index.php?rest_route=\/wp\/v2\/posts\/77140"}],"collection":[{"href":"https:\/\/esreviral.com\/index.php?rest_route=\/wp\/v2\/posts"}],"about":[{"href":"https:\/\/esreviral.com\/index.php?rest_route=\/wp\/v2\/types\/post"}],"author":[{"embeddable":true,"href":"https:\/\/esreviral.com\/index.php?rest_route=\/wp\/v2\/users\/2"}],"replies":[{"embeddable":true,"href":"https:\/\/esreviral.com\/index.php?rest_route=%2Fwp%2Fv2%2Fcomments&post=77140"}],"version-history":[{"count":4,"href":"https:\/\/esreviral.com\/index.php?rest_route=\/wp\/v2\/posts\/77140\/revisions"}],"predecessor-version":[{"id":77150,"href":"https:\/\/esreviral.com\/index.php?rest_route=\/wp\/v2\/posts\/77140\/revisions\/77150"}],"wp:featuredmedia":[{"embeddable":true,"href":"https:\/\/esreviral.com\/index.php?rest_route=\/wp\/v2\/media\/77142"}],"wp:attachment":[{"href":"https:\/\/esreviral.com\/index.php?rest_route=%2Fwp%2Fv2%2Fmedia&parent=77140"}],"wp:term":[{"taxonomy":"category","embeddable":true,"href":"https:\/\/esreviral.com\/index.php?rest_route=%2Fwp%2Fv2%2Fcategories&post=77140"},{"taxonomy":"post_tag","embeddable":true,"href":"https:\/\/esreviral.com\/index.php?rest_route=%2Fwp%2Fv2%2Ftags&post=77140"}],"curies":[{"name":"wp","href":"https:\/\/api.w.org\/{rel}","templated":true}]}}