{"id":77059,"date":"2025-07-11T12:57:05","date_gmt":"2025-07-11T17:57:05","guid":{"rendered":"https:\/\/esreviral.com\/?p=77059"},"modified":"2025-07-11T12:57:07","modified_gmt":"2025-07-11T17:57:07","slug":"maria-gabriela-de-faria-se-identifica-con-el-nuevo-superman-inmigrante","status":"publish","type":"post","link":"https:\/\/esreviral.com\/?p=77059","title":{"rendered":"Mar\u00eda Gabriela de Faria se identifica con el nuevo Superman inmigrante"},"content":{"rendered":"\n<p>La actriz venezolana <strong>Mar\u00eda Gabriela de Far\u00eda<\/strong>, una de las protagonistas del nuevo filme <strong>\u201cSuperman\u201d<\/strong> dirigido por <strong>James Gunn<\/strong> y estrenado este viernes en Estados Unidos, asegur\u00f3 en una entrevista con EFE que se siente especialmente identificada con la historia: \u201cComo inmigrante, veo en este Superman mucho de mi propia experiencia\u201d.<\/p>\n\n\n\n<p>En esta nueva adaptaci\u00f3n, el <strong>Hombre de Acero<\/strong> \u2014interpretado por <strong>David Corenswet<\/strong>\u2014 se presenta con mayor \u00e9nfasis en su condici\u00f3n de \u201calien\u00edgena\u201d incomprendido por la sociedad, un enfoque que ha generado debate en redes. De Far\u00eda da vida a <strong>The Engineer<\/strong>, una transhumana cuyo cuerpo fue modificado con nanotecnolog\u00eda y que act\u00faa como aliada estrat\u00e9gica de <strong>Lex\u202fLuthor<\/strong> (Nicholas\u202fHoult).<\/p>\n\n\n\n<p class=\"has-text-align-center\"><strong><a href=\"https:\/\/chat.whatsapp.com\/KWkTmakY3I05kNdd2oZl6d\"><em>\u00daNETE A NUESTRO GRUPO DE WHATSAPP PARA ESTAR INFORMADO<\/em><\/a><\/strong><\/p>\n\n\n\n<h3 class=\"wp-block-heading\"><strong><mark style=\"background-color:rgba(0, 0, 0, 0)\" class=\"has-inline-color has-vivid-red-color\">Un Superman con \u201cm\u00e1s coraz\u00f3n\u201d<\/mark><\/strong><\/h3>\n\n\n\n<p>James Gunn, codirector de DC Studios desde 2022, ya hab\u00eda adelantado que esta versi\u00f3n del superh\u00e9roe reflejar\u00eda la realidad migratoria de Estados Unidos y subrayar\u00eda \u201cla bondad b\u00e1sica\u201d del personaje. De Far\u00eda confirma ese tono:<\/p>\n\n\n\n<blockquote class=\"wp-block-quote is-layout-flow wp-block-quote-is-layout-flow\">\n<p>\u201cEs una pel\u00edcula hecha con mucho coraz\u00f3n y con una intenci\u00f3n muy clara\u201d, explica.<\/p>\n<\/blockquote>\n\n\n\n<p>La actriz revel\u00f3 que Gunn se inspir\u00f3 en su perro adoptado, <strong>Ozu<\/strong>, para modelar a <strong>Krypto<\/strong>, el inseparable superperro de Superman, con lo que a\u00f1adi\u00f3 \u201cuna dimensi\u00f3n emocional muy poderosa\u201d a la historia.<\/p>\n\n\n\n<figure class=\"wp-block-image size-large\"><img decoding=\"async\" src=\"https:\/\/eldiario.com\/wp-content\/uploads\/2025\/07\/7d27f136e36edca3451a4f298e554588a814dcd1-1200x800.jpg.webp\" alt=\"\"\/><\/figure>\n\n\n\n<h3 class=\"wp-block-heading\"><strong><mark style=\"background-color:rgba(0, 0, 0, 0)\" class=\"has-inline-color has-vivid-red-color\">Efectos visuales de alto impacto<\/mark><\/strong><\/h3>\n\n\n\n<p>Otro de los puntos fuertes es el apartado visual: las secuencias de vuelo y acci\u00f3n, inspiradas en <em>Top\u202fGun: Maverick<\/em>, logran un realismo que mantiene la tensi\u00f3n constante. \u201cSumergen al espectador en un universo hiperrealista\u201d, coment\u00f3 De\u202fFar\u00eda, recordada por su papel en la serie juvenil <strong>\u201cIsa\u202fTKM\u201d<\/strong>.<\/p>\n\n\n\n<h3 class=\"wp-block-heading\"><strong><mark style=\"background-color:rgba(0, 0, 0, 0)\" class=\"has-inline-color has-vivid-red-color\">De las telenovelas venezolanas a Hollywood<\/mark><\/strong><\/h3>\n\n\n\n<p>La int\u00e9rprete reconoce la influencia de sus inicios en las telenovelas de Venezuela: \u201cAll\u00ed aprend\u00ed \u00e9tica de trabajo y responsabilidad. Le debo mi carrera entera\u201d. Con su salto al universo DC \u2014hogar de Superman, Batman y Wonder Woman\u2014 celebra la creciente <strong>presencia latina<\/strong> en una industria hist\u00f3ricamente dominada por voces anglosajonas.<\/p>\n\n\n\n<blockquote class=\"wp-block-quote is-layout-flow wp-block-quote-is-layout-flow\">\n<p>\u201cLos humanos podemos equivocarnos, pero en el fondo somos buenos. Al ver a Superman, vemos lo que podr\u00edamos llegar a ser\u201d, afirma. \u201cEspero que la audiencia salga del cine pensando: \u2018somos valiosos, podemos hacer cosas maravillosas\u2019\u201d.<\/p>\n<\/blockquote>\n\n\n\n<p><\/p>\n\n\n\n<figure class=\"wp-block-image size-large\"><img decoding=\"async\" src=\"https:\/\/eldiario.com\/wp-content\/uploads\/2025\/07\/fcfc5d40fca980027bbb8afcef141920db88a7a8-1536x1024.jpg.webp\" alt=\"\"\/><\/figure>\n\n\n\n<h3 class=\"wp-block-heading\"><strong><mark style=\"background-color:rgba(0, 0, 0, 0)\" class=\"has-inline-color has-vivid-red-color\">Reparto internacional y primeras reacciones<\/mark><\/strong><\/h3>\n\n\n\n<p>Junto a De\u202fFar\u00eda y Corenswet, el reparto principal incluye a <strong>Rachel Brosnahan<\/strong> como la periodista <strong>Lois\u202fLane<\/strong>, <strong>Nicholas\u202fHoult<\/strong> como <strong>Lex\u202fLuthor<\/strong> y la portuguesa <strong>Sara\u202fSampaio<\/strong> como <strong>Eve\u202fTeschmacher<\/strong>. El largometraje se proyect\u00f3 esta semana en funciones privadas en Los \u00c1ngeles y Miami; seg\u00fan la actriz, \u201clas primeras rese\u00f1as del p\u00fablico est\u00e1n siendo excelentes\u201d.<\/p>\n\n\n\n<p>\u201cSuperman\u201d, bajo la direcci\u00f3n de James Gunn, promete ofrecer una mirada fresca y sensible al h\u00e9roe m\u00e1s ic\u00f3nico del c\u00f3mic, subrayando temas de inclusi\u00f3n, empat\u00eda y esperanza que resuenan en la realidad contempor\u00e1nea.<\/p>\n\n\n\n<p class=\"has-text-align-center\"><em><strong><em><strong><em><strong><em><strong><a href=\"https:\/\/t.me\/esreviral\">\u00daNETE A NUESTRO CANAL DE TELEGRAM PARA ESTAR INFORMADO<\/a><\/strong><\/em><\/strong><\/em><\/strong><\/em><\/strong><\/em><\/p>\n\n\n\n<p class=\"has-text-align-right\"><strong><em>Con Informaci\u00f3n de EFE.-<\/em><\/strong><\/p>\n","protected":false},"excerpt":{"rendered":"<p>La nueva pel\u00edcula del Hombre de Acero fue proyectada en eventos cerrados<\/p>\n","protected":false},"author":3,"featured_media":77060,"comment_status":"closed","ping_status":"closed","sticky":false,"template":"","format":"standard","meta":{"jnews-multi-image_gallery":[],"jnews_single_post":{"format":"standard"},"jnews_primary_category":[],"jnews_social_meta":[],"jnews_review":[],"enable_review":"","type":"","name":"","summary":"","brand":"","sku":"","good":[],"bad":[],"score_override":"","override_value":"","rating":[],"price":[],"jnews_override_counter":[],"jnews_post_split":[],"footnotes":""},"categories":[50],"tags":[9317,33031,45,4978,33030],"class_list":["post-77059","post","type-post","status-publish","format-standard","has-post-thumbnail","hentry","category-entretenimiento","tag-actriz-venezolana","tag-maria-gabriela-de-faria-2","tag-noticias","tag-superman","tag-superman-inmigrante"],"amp_enabled":true,"_links":{"self":[{"href":"https:\/\/esreviral.com\/index.php?rest_route=\/wp\/v2\/posts\/77059"}],"collection":[{"href":"https:\/\/esreviral.com\/index.php?rest_route=\/wp\/v2\/posts"}],"about":[{"href":"https:\/\/esreviral.com\/index.php?rest_route=\/wp\/v2\/types\/post"}],"author":[{"embeddable":true,"href":"https:\/\/esreviral.com\/index.php?rest_route=\/wp\/v2\/users\/3"}],"replies":[{"embeddable":true,"href":"https:\/\/esreviral.com\/index.php?rest_route=%2Fwp%2Fv2%2Fcomments&post=77059"}],"version-history":[{"count":1,"href":"https:\/\/esreviral.com\/index.php?rest_route=\/wp\/v2\/posts\/77059\/revisions"}],"predecessor-version":[{"id":77061,"href":"https:\/\/esreviral.com\/index.php?rest_route=\/wp\/v2\/posts\/77059\/revisions\/77061"}],"wp:featuredmedia":[{"embeddable":true,"href":"https:\/\/esreviral.com\/index.php?rest_route=\/wp\/v2\/media\/77060"}],"wp:attachment":[{"href":"https:\/\/esreviral.com\/index.php?rest_route=%2Fwp%2Fv2%2Fmedia&parent=77059"}],"wp:term":[{"taxonomy":"category","embeddable":true,"href":"https:\/\/esreviral.com\/index.php?rest_route=%2Fwp%2Fv2%2Fcategories&post=77059"},{"taxonomy":"post_tag","embeddable":true,"href":"https:\/\/esreviral.com\/index.php?rest_route=%2Fwp%2Fv2%2Ftags&post=77059"}],"curies":[{"name":"wp","href":"https:\/\/api.w.org\/{rel}","templated":true}]}}