{"id":77020,"date":"2025-07-11T07:44:14","date_gmt":"2025-07-11T12:44:14","guid":{"rendered":"https:\/\/esreviral.com\/?p=77020"},"modified":"2025-07-11T07:44:15","modified_gmt":"2025-07-11T12:44:15","slug":"encontraron-muertos-a-una-mujer-surcoreana-y-a-su-hijo-en-su-departamento-de-caballito","status":"publish","type":"post","link":"https:\/\/esreviral.com\/?p=77020","title":{"rendered":"Encontraron muertos a una mujer surcoreana y a su hijo en su departamento de Caballito"},"content":{"rendered":"\n<p><strong>Una mujer de 47 a\u00f1os de edad y su hijo de 13 a\u00f1os de edad fueron encontrados muertos en el interior de su departamento en el barrio porte\u00f1o de Caballito<\/strong>, en un caso que podr\u00eda estar vinculado a una situaci\u00f3n familiar cr\u00edtica. Ambas v\u00edctimas, de <strong>nacionalidad surcoreana<\/strong>, presentaban signos de <strong>asfixia.<\/strong><\/p>\n\n\n\n<p>El hallazgo se produjo alrededor de las 21.30 de este jueves en un domicilio ubicado sobre la calle Galicia al 900. Fue el hermano de la mujer quien descubri\u00f3 la escena: su hermana y su sobrino yac\u00edan sin vida en el interior de la vivienda.<\/p>\n\n\n\n<p class=\"has-text-align-center\"><strong><a href=\"https:\/\/chat.whatsapp.com\/KWkTmakY3I05kNdd2oZl6d\"><em>\u00daNETE A NUESTRO GRUPO DE WHATSAPP PARA ESTAR INFORMADO<\/em><\/a><\/strong><\/p>\n\n\n\n<p>Seg\u00fan informaron fuentes policiales<strong>, la mujer ten\u00eda una bolsa en la cabeza y un cable de alargue atado al cuello. El menor, en tanto, presentaba una remera rota alrededor del cuello. No se hallaron signos de violencia en la casa ni puertas forzadas.<\/strong><\/p>\n\n\n\n<p>El hombre relat\u00f3 que su<strong> hermana atravesaba un cuadro de depresi\u00f3n, sufr\u00eda problemas respiratorios y sol\u00eda manifestarle que no quer\u00eda seguir viviendo. <\/strong>Tambi\u00e9n le hab\u00eda expresado la dificultad que enfrentaba para cuidar sola a su hijo, diagnosticado con una condici\u00f3n del <strong>espectro autista.<\/strong><\/p>\n\n\n\n<figure class=\"wp-block-image size-large\"><img decoding=\"async\" src=\"https:\/\/tn.com.ar\/resizer\/v2\/intervinieron-en-el-caso-agentes-de-la-comisaria-vecinal-6a-foto-google-street-view-3V6K2GRUJFAE7L3NBJH77JHJTU.png?auth=d6df484d8d16ac1608d65f843d7d83b782724e716d433dc8a5cc13e92f59aed0&amp;width=1440\" alt=\"\"\/><\/figure>\n\n\n\n<p><\/p>\n\n\n\n<p>Preocupado por no haber recibido respuesta a los llamados de esa tarde, el hermano decidi\u00f3 acercarse al domicilio y se top\u00f3 con la escena. Tras hallar a su hermana en ese estado, le quit\u00f3 el cable y la bolsa antes de comunicarse con la polic\u00eda.<\/p>\n\n\n\n<p>En la vivienda tambi\u00e9n resid\u00eda la madre de la mujer, aunque no se difundi\u00f3 informaci\u00f3n sobre su paradero al momento del hecho. Seg\u00fan el testimonio del denunciante, la familia hab\u00eda llegado a la Argentina desde Corea del Sur hace una d\u00e9cada, mientras que el esposo de la v\u00edctima y padre del menor permanec\u00eda en Asia.<\/p>\n\n\n\n<p>La causa fue caratulada como \u00ab<strong><em>averiguaci\u00f3n de causales de muerte\u00bb<\/em><\/strong>, mientras la Divisi\u00f3n Investigaciones Comunales 6 (DIC6) de la Polic\u00eda de la Ciudad investiga si se trat\u00f3 de un homicidio seguido de suicidio. En el lugar trabaj\u00f3 la Unidad Criminal\u00edstica M\u00f3vil, que secuestr\u00f3 elementos clave para ser peritados.<\/p>\n\n\n\n<p class=\"has-text-align-center\"><em><strong><em><strong><em><strong><em><strong><a href=\"https:\/\/t.me\/esreviral\">\u00daNETE A NUESTRO CANAL DE TELEGRAM PARA ESTAR INFORMADO<\/a><\/strong><\/em><\/strong><\/em><\/strong><\/em><\/strong><\/em><\/p>\n\n\n\n<p class=\"has-text-align-right\"><strong><em>Con Informaci\u00f3n de Clarin.-<\/em><\/strong><\/p>\n","protected":false},"excerpt":{"rendered":"<p>El dram\u00e1tico descubrimiento fue realizado por el hermano de la mujer.<br \/>\nEl chico, de 13 a\u00f1os, era autista y la mujer atravesaba un dif\u00edcil cuadro de salud mental.<\/p>\n","protected":false},"author":3,"featured_media":77021,"comment_status":"closed","ping_status":"closed","sticky":false,"template":"","format":"standard","meta":{"jnews-multi-image_gallery":[],"jnews_single_post":{"format":"standard"},"jnews_primary_category":[],"jnews_social_meta":[],"jnews_review":[],"enable_review":"","type":"","name":"","summary":"","brand":"","sku":"","good":[],"bad":[],"score_override":"","override_value":"","rating":[],"price":[],"jnews_override_counter":[],"jnews_post_split":[],"footnotes":""},"categories":[58,64],"tags":[44,9675,1516,33015,45,551],"class_list":["post-77020","post","type-post","status-publish","format-standard","has-post-thumbnail","hentry","category-argentina","category-sucesos","tag-argentina","tag-asfixia","tag-caballito","tag-nacionalidad-surcoreana","tag-noticias","tag-suicidio"],"_links":{"self":[{"href":"https:\/\/esreviral.com\/index.php?rest_route=\/wp\/v2\/posts\/77020","targetHints":{"allow":["GET"]}}],"collection":[{"href":"https:\/\/esreviral.com\/index.php?rest_route=\/wp\/v2\/posts"}],"about":[{"href":"https:\/\/esreviral.com\/index.php?rest_route=\/wp\/v2\/types\/post"}],"author":[{"embeddable":true,"href":"https:\/\/esreviral.com\/index.php?rest_route=\/wp\/v2\/users\/3"}],"replies":[{"embeddable":true,"href":"https:\/\/esreviral.com\/index.php?rest_route=%2Fwp%2Fv2%2Fcomments&post=77020"}],"version-history":[{"count":1,"href":"https:\/\/esreviral.com\/index.php?rest_route=\/wp\/v2\/posts\/77020\/revisions"}],"predecessor-version":[{"id":77022,"href":"https:\/\/esreviral.com\/index.php?rest_route=\/wp\/v2\/posts\/77020\/revisions\/77022"}],"wp:featuredmedia":[{"embeddable":true,"href":"https:\/\/esreviral.com\/index.php?rest_route=\/wp\/v2\/media\/77021"}],"wp:attachment":[{"href":"https:\/\/esreviral.com\/index.php?rest_route=%2Fwp%2Fv2%2Fmedia&parent=77020"}],"wp:term":[{"taxonomy":"category","embeddable":true,"href":"https:\/\/esreviral.com\/index.php?rest_route=%2Fwp%2Fv2%2Fcategories&post=77020"},{"taxonomy":"post_tag","embeddable":true,"href":"https:\/\/esreviral.com\/index.php?rest_route=%2Fwp%2Fv2%2Ftags&post=77020"}],"curies":[{"name":"wp","href":"https:\/\/api.w.org\/{rel}","templated":true}]}}