{"id":77017,"date":"2025-07-11T07:31:35","date_gmt":"2025-07-11T12:31:35","guid":{"rendered":"https:\/\/esreviral.com\/?p=77017"},"modified":"2025-07-11T07:51:38","modified_gmt":"2025-07-11T12:51:38","slug":"megaoperativo-por-manteros-desalojaron-puestos-ilegales-y-tambien-de-venta-de-comida","status":"publish","type":"post","link":"https:\/\/esreviral.com\/?p=77017","title":{"rendered":"Megaoperativo por manteros: Desalojaron puestos ilegales y tambi\u00e9n de venta de comida"},"content":{"rendered":"\n<p><strong>Un amplio operativo de la Polic\u00eda de la Ciudad se desarrolla desde esta ma\u00f1ana en el barrio porte\u00f1o de Liniers, donde m\u00e1s de 200 efectivos trabajan para desalojar a manteros y puestos de venta ilegal instalados en la v\u00eda p\u00fablica.<\/strong> La intervenci\u00f3n forma parte de una pol\u00edtica sostenida de recuperaci\u00f3n del espacio p\u00fablico que ya se aplic\u00f3 en otros puntos cr\u00edticos como Chacarita, Once, Flores, Constituci\u00f3n y Parque Patricios.<\/p>\n\n\n\n<p>Seg\u00fan informaron fuentes policiales, adem\u00e1s del desalojo de manteros \u2014presentes de lunes a s\u00e1bados\u2014 el operativo tiene como objetivo desmantelar <strong>la venta ilegal de comida callejera y liberar veredas ocupadas por comerciantes informales.<\/strong><\/p>\n\n\n\n<p>La zona alcanzada por el operativo est\u00e1 delimitada por la avenida General Paz, la avenida Rivadavia y las calles Ventura Bosch y Timoteo Gordillo. Participan tambi\u00e9n 50 inspectores del Ministerio de Espacio P\u00fablico, encargados de labrar actas y decomisar mercader\u00eda, adem\u00e1s de agentes de prevenci\u00f3n del Ministerio de Seguridad y personal de la Direcci\u00f3n Nacional de Migraciones.<\/p>\n\n\n\n<p>Desde el Gobierno de la Ciudad informaron que ya se realizaron procedimientos similares en diez zonas porte\u00f1as, con la recuperaci\u00f3n de m\u00e1s de 42 mil metros cuadrados de espacio p\u00fablico, el equivalente a unas 500 cuadras.<\/p>\n\n\n\n<p class=\"has-text-align-center\"><strong><a href=\"https:\/\/chat.whatsapp.com\/KWkTmakY3I05kNdd2oZl6d\"><em>\u00daNETE A NUESTRO GRUPO DE WHATSAPP PARA ESTAR INFORMADO<\/em><\/a><\/strong><\/p>\n\n\n\n<figure class=\"wp-block-image size-large\"><img decoding=\"async\" src=\"https:\/\/www.infobae.com\/resizer\/v2\/XOJ5PNMM4VGXVJEWSUFFBSJY5I.jpg?auth=5e2e9a4b6334275409ca2b91ee0aa14d6ab64cbc385a4ed592674b0bc959bbac&amp;smart=true&amp;width=992&amp;height=558&amp;quality=85\" alt=\"\"\/><\/figure>\n\n\n\n<p><\/p>\n\n\n\n<p>Uno de los antecedentes m\u00e1s relevantes tuvo lugar en mayo, cuando fueron desalojados m\u00e1s de 5.000 vendedores ilegales del Parque Los Andes, en Chacarita. La feria, que funcionaba de forma irregular durante fines de semana y feriados, ofrec\u00eda productos tecnol\u00f3gicos, ropa, alimentos, libros y antig\u00fcedades. En ese operativo se secuestraron m\u00e1s de 6.700 bultos de mercader\u00eda, 127 estructuras de puestos, 112 hierros de armado y dos veh\u00edculos sin documentaci\u00f3n ni Verificaci\u00f3n T\u00e9cnica Vehicular (VTV).<\/p>\n\n\n\n<p>En ese contexto, el jefe de Gobierno porte\u00f1o, Jorge Macri, sostuvo: \u201cLa usurpaci\u00f3n genera inseguridad, desorden, suciedad y una competencia desleal para los comerciantes que pagan sus impuestos y desarrollan su actividad de manera formal\u201d. Adem\u00e1s, enfatiz\u00f3 que \u201cliberar el espacio p\u00fablico y cuidar a quienes trabajan legalmente es una prioridad\u201d.<\/p>\n\n\n\n<p>Otros operativos destacados se realizaron en la avenida Avellaneda (Flores), Once, Retiro, la peatonal Florida, Plaza Constituci\u00f3n, Parque Centenario y Parque Patricios. En Flores, por ejemplo, la intervenci\u00f3n abarc\u00f3 32 manzanas e incluy\u00f3 el desalojo de m\u00e1s de 5.000 manteros, con decomisos en zonas como Nazca y Avellaneda, Bogot\u00e1 y Campana, Cuenca y Avellaneda, y Helguera y Venancio Flores.<\/p>\n\n\n\n<figure class=\"wp-block-image size-large\"><img decoding=\"async\" src=\"https:\/\/www.infobae.com\/resizer\/v2\/MWANX5BLTZGC7ISB6QI2HVOP74.jpg?auth=6a620b432a482f66d3c4109f096476de96ff66db86ceb82c9ef0df408172d1e1&amp;smart=true&amp;width=992&amp;height=558&amp;quality=85\" alt=\"\"\/><\/figure>\n\n\n\n<p><\/p>\n\n\n\n<p>Adem\u00e1s, en algunos barrios las acciones incluyeron allanamientos en dep\u00f3sitos y talleres textiles clandestinos por orden judicial, ante denuncias de trabajo ilegal y trata de personas.<\/p>\n\n\n\n<p>En Once, el foco estuvo puesto en los dep\u00f3sitos de manteros ubicados en calles como Corrientes, Rivadavia y Pasteur. El operativo, liderado por el fiscal Federico Tropea, despleg\u00f3 500 efectivos en 197 puntos estrat\u00e9gicos.<\/p>\n\n\n\n<p>Por su parte, en Parque Centenario, en Caballito, m\u00e1s de 2.000 manteros fueron desalojados en una acci\u00f3n que involucr\u00f3 a un centenar de inspectores, operarios y polic\u00edas, en respuesta a reclamos vecinales por la ocupaci\u00f3n del espacio p\u00fablico.<\/p>\n\n\n\n<p class=\"has-text-align-center\"><em><strong><em><strong><em><strong><em><strong><a href=\"https:\/\/t.me\/esreviral\">\u00daNETE A NUESTRO CANAL DE TELEGRAM PARA ESTAR INFORMADO<\/a><\/strong><\/em><\/strong><\/em><\/strong><\/em><\/strong><\/em><\/p>\n\n\n\n<p class=\"has-text-align-right\"><em style=\"\"><b>Con Informaci\u00f3n de <\/b><\/em><strong><em>infobae.com.-<\/em><\/strong><\/p>\n","protected":false},"excerpt":{"rendered":"<p>Comenz\u00f3 este viernes por la madrugada y contin\u00faa.<br \/>\nLas calles que abarca y los efectivos que participan.<\/p>\n","protected":false},"author":3,"featured_media":77018,"comment_status":"closed","ping_status":"closed","sticky":false,"template":"","format":"standard","meta":{"jnews-multi-image_gallery":[],"jnews_single_post":{"format":"standard"},"jnews_primary_category":[],"jnews_social_meta":[],"jnews_review":[],"enable_review":"","type":"","name":"","summary":"","brand":"","sku":"","good":[],"bad":[],"score_override":"","override_value":"","rating":[],"price":[],"jnews_override_counter":[],"jnews_post_split":[],"footnotes":""},"categories":[58],"tags":[44,1795,33014,45,1469],"class_list":["post-77017","post","type-post","status-publish","format-standard","has-post-thumbnail","hentry","category-argentina","tag-argentina","tag-gobierno-de-la-ciudad","tag-ministerio-de-espacio-publico","tag-noticias","tag-policia-de-la-ciudad"],"_links":{"self":[{"href":"https:\/\/esreviral.com\/index.php?rest_route=\/wp\/v2\/posts\/77017","targetHints":{"allow":["GET"]}}],"collection":[{"href":"https:\/\/esreviral.com\/index.php?rest_route=\/wp\/v2\/posts"}],"about":[{"href":"https:\/\/esreviral.com\/index.php?rest_route=\/wp\/v2\/types\/post"}],"author":[{"embeddable":true,"href":"https:\/\/esreviral.com\/index.php?rest_route=\/wp\/v2\/users\/3"}],"replies":[{"embeddable":true,"href":"https:\/\/esreviral.com\/index.php?rest_route=%2Fwp%2Fv2%2Fcomments&post=77017"}],"version-history":[{"count":2,"href":"https:\/\/esreviral.com\/index.php?rest_route=\/wp\/v2\/posts\/77017\/revisions"}],"predecessor-version":[{"id":77024,"href":"https:\/\/esreviral.com\/index.php?rest_route=\/wp\/v2\/posts\/77017\/revisions\/77024"}],"wp:featuredmedia":[{"embeddable":true,"href":"https:\/\/esreviral.com\/index.php?rest_route=\/wp\/v2\/media\/77018"}],"wp:attachment":[{"href":"https:\/\/esreviral.com\/index.php?rest_route=%2Fwp%2Fv2%2Fmedia&parent=77017"}],"wp:term":[{"taxonomy":"category","embeddable":true,"href":"https:\/\/esreviral.com\/index.php?rest_route=%2Fwp%2Fv2%2Fcategories&post=77017"},{"taxonomy":"post_tag","embeddable":true,"href":"https:\/\/esreviral.com\/index.php?rest_route=%2Fwp%2Fv2%2Ftags&post=77017"}],"curies":[{"name":"wp","href":"https:\/\/api.w.org\/{rel}","templated":true}]}}