{"id":76949,"date":"2025-07-10T08:48:27","date_gmt":"2025-07-10T13:48:27","guid":{"rendered":"https:\/\/esreviral.com\/?p=76949"},"modified":"2025-07-10T08:52:36","modified_gmt":"2025-07-10T13:52:36","slug":"ong-alerta-sobre-posibles-brotes-de-dengue-y-tuberculosis-en-el-rodeo-i-y-ii","status":"publish","type":"post","link":"https:\/\/esreviral.com\/?p=76949","title":{"rendered":"ONG alerta sobre posibles brotes de dengue y tuberculosis en el Rodeo I y II"},"content":{"rendered":"\n<p>La ONG <strong>Justicia, Encuentro y Perd\u00f3n (JEP)<\/strong> advirti\u00f3 a trav\u00e9s de redes sociales sobre un posible brote de <strong>dengue y tuberculosis<\/strong> en los centros penitenciarios <strong>El Rodeo I y II<\/strong>, ubicados en el estado Miranda, donde se encuentran recluidos <strong>decenas de presos pol\u00edticos<\/strong>. La organizaci\u00f3n tambi\u00e9n alert\u00f3 sobre las <strong>graves condiciones de insalubridad<\/strong> y la <strong>falta de atenci\u00f3n m\u00e9dica adecuada<\/strong> en estas instalaciones.<\/p>\n\n\n\n<p>Seg\u00fan inform\u00f3 JEP en su cuenta de X (antes Twitter), estas denuncias provienen de <strong>familiares de personas privadas de libertad<\/strong>, quienes han reportado las condiciones cr\u00edticas en las que se encuentran los reclusos. Por ello, la organizaci\u00f3n hizo un llamado urgente a las autoridades para que <strong>se realice una evaluaci\u00f3n m\u00e9dica inmediata<\/strong>, se implementen <strong>medidas preventivas eficaces<\/strong> y se garantice el <strong>acceso a tratamientos m\u00e9dicos<\/strong> para quienes los necesiten.<\/p>\n\n\n\n<p class=\"has-text-align-center\"><strong><a href=\"https:\/\/chat.whatsapp.com\/KWkTmakY3I05kNdd2oZl6d\"><em>\u00daNETE A NUESTRO GRUPO DE WHATSAPP PARA ESTAR INFORMADO<\/em><\/a><\/strong><\/p>\n\n\n\n<blockquote class=\"twitter-tweet\"><p lang=\"es\" dir=\"ltr\"><a href=\"https:\/\/twitter.com\/hashtag\/ATENCI%C3%93N?src=hash&amp;ref_src=twsrc%5Etfw\">#ATENCI\u00d3N<\/a> Nuestra organizaci\u00f3n ha recibido denuncias por parte de familiares de personas privadas de libertad en los Centros Penitenciarios Rodeo I y Rodeo II, quienes han alertado sobre posibles brotes de dengue y tuberculosis, as\u00ed como sobre condiciones de salubridad y atenci\u00f3n\u2026 <a href=\"https:\/\/t.co\/tHd18XcG3a\">pic.twitter.com\/tHd18XcG3a<\/a><\/p>&mdash; Justicia, Encuentro y Perd\u00f3n (@JEPvzla) <a href=\"https:\/\/twitter.com\/JEPvzla\/status\/1942704573602488602?ref_src=twsrc%5Etfw\">July 8, 2025<\/a><\/blockquote> <script async src=\"https:\/\/platform.twitter.com\/widgets.js\" charset=\"utf-8\"><\/script>\n\n\n\n<p><\/p>\n\n\n\n<p>La ONG subray\u00f3 que el <strong>Estado venezolano es responsable de garantizar los derechos humanos<\/strong> de todas las personas bajo su custodia, incluidos los derechos a la salud, a la vida y a condiciones de detenci\u00f3n dignas. En ese sentido, record\u00f3 el cumplimiento de normativas nacionales y de instrumentos internacionales, como las <strong>Reglas M\u00ednimas de las Naciones Unidas para el Tratamiento de los Reclusos (Reglas Mandela)<\/strong>.<\/p>\n\n\n\n<p>\u201c<strong>Atender esta situaci\u00f3n con prontitud y transparencia es fundamental para salvaguardar los derechos fundamentales y preservar la vida de quienes se encuentran en situaci\u00f3n de especial vulnerabilidad<\/strong>\u201d, expres\u00f3 la organizaci\u00f3n.<\/p>\n\n\n\n<p>Por su parte, el partido pol\u00edtico <strong>Voluntad Popular<\/strong> tambi\u00e9n se pronunci\u00f3 en X, calificando como \u201c<strong>alarmante<\/strong>\u201d la situaci\u00f3n denunciada por los familiares de los reclusos y exigiendo una intervenci\u00f3n inmediata.<\/p>\n\n\n\n<p>\u201cEl Gobierno nacional es responsable de la <strong>salud, la vida y la dignidad<\/strong> de cada persona privada de libertad. No se puede seguir permitiendo que las c\u00e1rceles venezolanas se conviertan en espacios de <strong>abandono, enfermedad y muerte<\/strong>. La salud no puede ser un castigo. Exigir condiciones dignas de detenci\u00f3n no es un favor: <strong>es una obligaci\u00f3n del Estado<\/strong>, conforme al derecho nacional e internacional\u201d, sentenci\u00f3 la organizaci\u00f3n opositora.<\/p>\n\n\n\n<p class=\"has-text-align-center\"><em><strong><em><strong><em><strong><em><strong><a href=\"https:\/\/t.me\/esreviral\">\u00daNETE A NUESTRO CANAL DE TELEGRAM PARA ESTAR INFORMADO<\/a><\/strong><\/em><\/strong><\/em><\/strong><\/em><\/strong><\/em><\/p>\n\n\n\n<p class=\"has-text-align-right\"><strong><em>Con Informaci\u00f3n de&nbsp;diarioversionfinal.com.-<\/em><\/strong><\/p>\n","protected":false},"excerpt":{"rendered":"<p>\u00abExigir condiciones dignas de detenci\u00f3n no es un favor, es una obligaci\u00f3n del Estado venezolano seg\u00fan el derecho nacional e internacional\u00bb, reclam\u00f3 la organizaci\u00f3n. Solicitan que llamado \u00abse realice una evaluaci\u00f3n m\u00e9dica urgente, se adopten medidas preventivas adecuadas y se garantice el acceso al tratamiento de quienes lo necesiten\u00bb<\/p>\n","protected":false},"author":3,"featured_media":76950,"comment_status":"closed","ping_status":"closed","sticky":false,"template":"","format":"standard","meta":{"jnews-multi-image_gallery":[],"jnews_single_post":{"format":"standard"},"jnews_primary_category":[],"jnews_social_meta":[],"jnews_review":[],"enable_review":"","type":"","name":"","summary":"","brand":"","sku":"","good":[],"bad":[],"score_override":"","override_value":"","rating":[],"price":[],"jnews_override_counter":[],"jnews_post_split":[],"footnotes":""},"categories":[66],"tags":[32992,45,2955,10447,32993,32994,8608,56],"class_list":["post-76949","post","type-post","status-publish","format-standard","has-post-thumbnail","hentry","category-venezuela","tag-brotes-de-dengue","tag-noticias","tag-ong","tag-presos-politicos","tag-rodeo-i","tag-rodeo-ii","tag-tuberculosis","tag-venezuela"],"amp_enabled":true,"_links":{"self":[{"href":"https:\/\/esreviral.com\/index.php?rest_route=\/wp\/v2\/posts\/76949"}],"collection":[{"href":"https:\/\/esreviral.com\/index.php?rest_route=\/wp\/v2\/posts"}],"about":[{"href":"https:\/\/esreviral.com\/index.php?rest_route=\/wp\/v2\/types\/post"}],"author":[{"embeddable":true,"href":"https:\/\/esreviral.com\/index.php?rest_route=\/wp\/v2\/users\/3"}],"replies":[{"embeddable":true,"href":"https:\/\/esreviral.com\/index.php?rest_route=%2Fwp%2Fv2%2Fcomments&post=76949"}],"version-history":[{"count":2,"href":"https:\/\/esreviral.com\/index.php?rest_route=\/wp\/v2\/posts\/76949\/revisions"}],"predecessor-version":[{"id":76952,"href":"https:\/\/esreviral.com\/index.php?rest_route=\/wp\/v2\/posts\/76949\/revisions\/76952"}],"wp:featuredmedia":[{"embeddable":true,"href":"https:\/\/esreviral.com\/index.php?rest_route=\/wp\/v2\/media\/76950"}],"wp:attachment":[{"href":"https:\/\/esreviral.com\/index.php?rest_route=%2Fwp%2Fv2%2Fmedia&parent=76949"}],"wp:term":[{"taxonomy":"category","embeddable":true,"href":"https:\/\/esreviral.com\/index.php?rest_route=%2Fwp%2Fv2%2Fcategories&post=76949"},{"taxonomy":"post_tag","embeddable":true,"href":"https:\/\/esreviral.com\/index.php?rest_route=%2Fwp%2Fv2%2Ftags&post=76949"}],"curies":[{"name":"wp","href":"https:\/\/api.w.org\/{rel}","templated":true}]}}